{"id":997,"date":"2020-07-26T13:35:39","date_gmt":"2020-07-26T11:35:39","guid":{"rendered":"https:\/\/radcaen.wordpress.com\/?p=997"},"modified":"2022-02-03T13:35:02","modified_gmt":"2022-02-03T12:35:02","slug":"les-femmes-ne-sont-pas-des-personnes-menstruees","status":"publish","type":"post","link":"https:\/\/radcaen.fr\/index.php\/2020\/07\/26\/les-femmes-ne-sont-pas-des-personnes-menstruees\/","title":{"rendered":"Les femmes ne sont pas des \u00ab\u00a0personnes menstru\u00e9es\u00a0\u00bb"},"content":{"rendered":"\n<p class=\"has-text-align-center\"><em>\u00a0\u00bb &lsquo;Les gens qui ont des menstruations&rsquo;. Je suis s\u00fbre qu&rsquo;il y avait un mot pour ces gens. Aidez-moi \u00e0 retrouver. Famme ? Fimmu ? Foome ?\u00a0\u00bb<br>-J.K. Rowling-<\/em><\/p>\n\n\n\n<hr class=\"wp-block-separator\"\/>\n\n\n\n<p>Un langage d\u00e9shumanisant est apparu il y a quelques temps pour se r\u00e9f\u00e9rer aux femmes, d&rsquo;abord dans le monde anglo-saxon puis en France. Sur internet, il est d\u00e9sormais courant de lire des articles ou des posts parlant de \u00ab\u00a0personnes menstru\u00e9es\u00a0\u00bb, de \u00ab\u00a0personnes qui ont leurs r\u00e8gles\u00a0\u00bb, de \u00ab\u00a0gens qui ont un vagin\u00a0\u00bb, ou encore de \u00ab\u00a0personnes qui peuvent tomber enceintes\u00a0\u00bb.<\/p>\n\n\n\n<p>Bien s\u00fbr, tout ces qualificatifs se r\u00e9f\u00e8rent \u00e0 une cat\u00e9gorie sp\u00e9cifique de personnes : les femmes.<\/p>\n\n\n\n<p>Alors pourquoi ne pas employer ce mot ? Si simple, si pratique, si&#8230; inclusif, j&rsquo;oserai dire ? Eh bien au nom de l&rsquo;inclusivit\u00e9, justement. Parce que si vous posez la question, on vous r\u00e9pondra que toutes les femmes ne partagent pas cette caract\u00e9ristique que sont les r\u00e8gles, par exemple. Soit. Mais toutes les femmes ont un vagin, non ? Et les femmes qui n&rsquo;ont pas leurs r\u00e8gles (car m\u00e9nopaus\u00e9es ou infertiles par exemple) sauront sans doute savoir si on parle d&rsquo;elles ou pas quand on dit \u00ab\u00a0femme\u00a0\u00bb ?<\/p>\n\n\n\n<p>Eh bien non. Car le but n&rsquo;est pas de s&rsquo;accommoder aux femmes infertiles ou souffrant de syndromes tr\u00e8s rares (moins de 0,018% de la population) qui les privent d&rsquo;un vagin. Le but est de s&rsquo;accommoder aux hommes.<\/p>\n\n\n\n<p>Femme est devenu un mot controvers\u00e9. A la base, il indique simplement l&rsquo;esp\u00e8ce, l&rsquo;\u00e2ge et le sexe d&rsquo;un individu : humaine, adulte, femelle. Toute personne qui rentre dans cette cat\u00e9gorie est une femme (ce qui repr\u00e9sente 51% de la population \u00e0 l&rsquo;heure actuelle dans le monde). Ce mot d\u00e9signe donc une r\u00e9alit\u00e9 biologique observable, puisque les trois qualificatifs ont des d\u00e9finitions pr\u00e9cises. Alors qu&rsquo;est-ce qui a chang\u00e9 ?<\/p>\n\n\n\n<p>Ce qui a chang\u00e9, c&rsquo;est le d\u00e9sir de certains hommes d&rsquo;\u00eatre per\u00e7us et trait\u00e9s comme des femmes. Pour se faire, un changement de d\u00e9finition \u00e0 eu lieu autour du mot femme. Une femme est une personne qui se sent femme, ou qui s&rsquo;identifie comme tel. Vous ne voyez pas le probl\u00e8me ? Ce diagramme va vous aider.<\/p>\n\n\n\n<div class=\"wp-block-image\"><figure class=\"aligncenter size-large\"><img loading=\"lazy\" decoding=\"async\" width=\"800\" height=\"2000\" data-attachment-id=\"999\" data-permalink=\"https:\/\/radcaen.fr\/pensee-circulaire-femme-definition\/\" data-orig-file=\"https:\/\/radcaen.fr\/wp-content\/uploads\/2020\/07\/pensc3a9e-circulaire-femme-dc3a9finition.png\" data-orig-size=\"800,2000\" data-comments-opened=\"1\" data-image-meta=\"{&quot;aperture&quot;:&quot;0&quot;,&quot;credit&quot;:&quot;&quot;,&quot;camera&quot;:&quot;&quot;,&quot;caption&quot;:&quot;&quot;,&quot;created_timestamp&quot;:&quot;0&quot;,&quot;copyright&quot;:&quot;&quot;,&quot;focal_length&quot;:&quot;0&quot;,&quot;iso&quot;:&quot;0&quot;,&quot;shutter_speed&quot;:&quot;0&quot;,&quot;title&quot;:&quot;&quot;,&quot;orientation&quot;:&quot;0&quot;}\" data-image-title=\"Pens\u00e9e circulaire &#8211; Femme d\u00e9finition\" data-image-description=\"\" data-image-caption=\"\" data-medium-file=\"https:\/\/radcaen.fr\/wp-content\/uploads\/2020\/07\/pensc3a9e-circulaire-femme-dc3a9finition-120x300.png\" data-large-file=\"https:\/\/radcaen.fr\/wp-content\/uploads\/2020\/07\/pensc3a9e-circulaire-femme-dc3a9finition-410x1024.png\" src=\"https:\/\/radcaen.fr\/wp-content\/uploads\/2020\/07\/pensc3a9e-circulaire-femme-dc3a9finition.png?w=410\" alt=\"Infographie - D\u00e9finition de femme (pens\u00e9e circulaire)\" class=\"wp-image-999\" srcset=\"https:\/\/radcaen.fr\/wp-content\/uploads\/2020\/07\/pensc3a9e-circulaire-femme-dc3a9finition.png 800w, https:\/\/radcaen.fr\/wp-content\/uploads\/2020\/07\/pensc3a9e-circulaire-femme-dc3a9finition-600x1500.png 600w, https:\/\/radcaen.fr\/wp-content\/uploads\/2020\/07\/pensc3a9e-circulaire-femme-dc3a9finition-120x300.png 120w, https:\/\/radcaen.fr\/wp-content\/uploads\/2020\/07\/pensc3a9e-circulaire-femme-dc3a9finition-410x1024.png 410w, https:\/\/radcaen.fr\/wp-content\/uploads\/2020\/07\/pensc3a9e-circulaire-femme-dc3a9finition-768x1920.png 768w, https:\/\/radcaen.fr\/wp-content\/uploads\/2020\/07\/pensc3a9e-circulaire-femme-dc3a9finition-614x1536.png 614w\" sizes=\"auto, (max-width: 800px) 100vw, 800px\" \/><figcaption>Cette infographie (traduite de l&rsquo;anglais) r\u00e9sume le probl\u00e8me derri\u00e8re la \u00ab\u00a0d\u00e9finition\u00a0\u00bb choisie par les activistes trans.<\/figcaption><\/figure><\/div>\n\n\n\n<p>Donc qui est une femme ? Tout le monde, virtuellement. Le mot femme inclut d\u00e9sormais les m\u00e2les comme les femelles. D&rsquo;o\u00f9 l&rsquo;utilisation d&rsquo;euph\u00e9mismes douteux pour nous d\u00e9signer : les hommes n&rsquo;ont pas de vagin, pas de r\u00e8gles, et ne peuvent pas tomber enceintes. Normal, ce sont des hommes.<\/p>\n\n\n\n<p>Cependant, on remarque une tendance tout de m\u00eame assez perturbante : le manque d&rsquo;utilisation d&rsquo;expressions comme \u00ab\u00a0personne qui a un p\u00e9nis\u00a0\u00bb, \u00ab\u00a0gens qui \u00e9jaculent\u00a0\u00bb, \u00ab\u00a0gens qui ont une prostate\u00a0\u00bb ou encore \u00ab\u00a0personne \u00e0 testicules\u00a0\u00bb. Pourquoi ? <em>Car seule la d\u00e9finition de femme est remise en question.<\/em><\/p>\n\n\n\n<p>L&rsquo;utilisation de formules d\u00e9tourn\u00e9es pour se r\u00e9f\u00e9rer au corps des femmes est d\u00e9shumanisant car cela nous r\u00e9duit \u00e0 nos fonctions reproductives, alors que les hommes ont droit au statut d&rsquo;humain. Seules les femmes doivent inclure des m\u00e2les dans leur d\u00e9finition.<\/p>\n\n\n\n<p>Les femmes ne sont pas des personnes qui menstruent, qui tombent enceintes, qui \u00ab\u00a0poss\u00e8dent\u00a0\u00bb un vagin ou ce genre de choses. Les femmes sont des \u00eatres humains, adultes et femelles. Toutes les femmes n&rsquo;ont pas de r\u00e8gles, et ce sont des femmes. Toutes les femmes n&rsquo;ont pas d&rsquo;enfants et ne tombent pas enceintes, et ce sont des femmes !<\/p>\n\n\n\n<p>Le c\u00f4t\u00e9 faussement inclusif est trompeur. Oui, on peut se dire qu&rsquo;il est plus respectueux de dire \u00ab\u00a0personnes qui ont leurs r\u00e8gles\u00a0\u00bb, parce que quiconque qui n&rsquo;a pas ses r\u00e8gles saura que le post n&rsquo;est pas adress\u00e9 \u00e0 lui ou elle. Mais il y a quelques objections qui rendent l&rsquo;argument de l&rsquo;inclusivit\u00e9 caduc :<\/p>\n\n\n\n<ol class=\"wp-block-list\"><li>Les posts et articles qui utilisent ce genre de formulation ne parlent g\u00e9n\u00e9ralement pas de situations en lien avec le descriptif. En clair, un post qui parle de \u00ab\u00a0personnes avec un vagin\u00a0\u00bb ne parleras pas forc\u00e9ment de vagin, mais bien de probl\u00e9matiques ou de sujets qui touchent toutes les femmes, mais pas les hommes ! On pourrait donc utiliser le mot femmes.<\/li><li>Ici le but n&rsquo;est pas d&rsquo;accommoder les femmes qui aimeraient \u00eatre vues autrement (hommes trans, non-binaires, etc), mais d&rsquo;accommoder des hommes qui n&rsquo;auront jamais ces probl\u00e8mes car ils ne font pas partie de la classe des femmes. Donc au lieu de faire en sorte de respecter une cat\u00e9gorie de femmes souvent dysphoriques <em>qui sont concern\u00e9es par les posts<\/em>, on se concentre sur des hommes. Vous voyez le probl\u00e8me ?<\/li><li>Les hommes trans en particulier ont d\u00e9j\u00e0 exprim\u00e9 que le fait de se concentrer sur les fonctions reproductives (en rappelant l&rsquo;existence de r\u00e8gles et de la grossesse par exemple) \u00e9tait un facteur provoquant la dysphorie. Les hommes trans, tout comme les femmes infertiles, sont parfaitement capables de savoir quand on parle d&rsquo;elles ou non.<\/li><li>\u00c9tant donn\u00e9 que \u00ab\u00a0avoir des r\u00e8gles\u00a0\u00bb ou \u00ab\u00a0avoir un ut\u00e9rus\u00a0\u00bb sont en train de remplacer \u00ab\u00a0femme\u00a0\u00bb, les femmes trans colonisent ces terrains l\u00e0 aussi, toujours dans le but d&rsquo;\u00eatre consid\u00e9r\u00e9s comme de \u00ab\u00a0vraies\u00a0\u00bb femmes. Les femmes trans disent donc \u00eatre des \u00ab\u00a0femelles\u00a0\u00bb, avoir des \u00ab\u00a0r\u00e8gles\u00a0\u00bb, avoir un \u00ab\u00a0vagin\u00a0\u00bb. La trouvaille la plus r\u00e9cente est que les hommes auraient un \u00ab\u00a0reste d&rsquo;ut\u00e9rus\u00a0\u00bb dans la prostate qui peut saigner naturellement, comme des r\u00e8gles. Messieurs, si votre anus saigne, <em>consultez un m\u00e9decin<\/em> !<\/li><\/ol>\n\n\n\n<p>Un autre probl\u00e8me de ces formulation sont qu&rsquo;elles causent ou aggravent la dysphorie. Un grand nombre de femmes (toutes, virtuellement) ne veulent pas \u00eatre r\u00e9duites \u00e0 leurs fonctions reproductives. Or, c&rsquo;est exactement ce que font ces euph\u00e9mismes. Et pour quelqu&rsquo;un qui ne veut pas d&rsquo;enfants, qui a peur de tomber enceinte, qui a des r\u00e8gles douloureuses ou des probl\u00e8mes li\u00e9s \u00e0 la reproduction, \u00eatre rappel\u00e9e en permanence que nous sommes \u00ab\u00a0des personnes qui ont leur r\u00e8gles, un ut\u00e9rus, un vagin\u00a0\u00bb est douloureux. Cela am\u00e8ne \u00e0 s&rsquo;ali\u00e9ner de son propre corps, alors per\u00e7u n\u00e9gativement, voir comme un <span style=\"text-decoration:underline;\">tra\u00eetre<\/span>.<\/p>\n\n\n\n<p>Ce sentiment d&rsquo;ali\u00e9nation peut finir par devenir une dysphorie, qui peut alors motiver la personne \u00e0 transitionner pour \u00eatre per\u00e7ue comme un m\u00e2le dans la soci\u00e9t\u00e9 et \u00e9viter ces probl\u00e8mes. Bien s\u00fbr, comme on ne peut changer de sexe, ces probl\u00e8mes restent, et le mal-\u00eatre aussi (bien que la testost\u00e9rone r\u00e8gle certains probl\u00e8mes, elle en cr\u00e9\u00e9 d&rsquo;autre). Vous comprendrez alors qu&rsquo;autant d&rsquo;hommes trans n&rsquo;aiment pas ces formules, qui sont loin d&rsquo;\u00eatre inclusives.<\/p>\n\n\n\n<p>Toutes ces raisons font que l&rsquo;utilisation d&rsquo;euph\u00e9mismes pose des probl\u00e8mes, et que les ignorer est irresponsable et irrespectueux. Les femmes ne sont pas des personnes \u00e0 r\u00e8gles, ou des machines \u00e0 b\u00e9b\u00e9s. Ce n&rsquo;est PAS ce qui nous d\u00e9finit. Tout ces \u00e9l\u00e9ments ne sont que des cons\u00e9quences de notre sexe, pas le d\u00e9terminant de notre sexe. Les femmes qui souffrent d&rsquo;anomalies de d\u00e9veloppement sexuel sont tout de m\u00eame des femmes, tout comme celles qui ont subi une ablation de l&rsquo;ut\u00e9rus, des seins, qui sont infertiles ou qui n&rsquo;ont pas d&rsquo;enfants.<\/p>\n\n\n\n<h2 class=\"wp-block-heading\">Conclusion<\/h2>\n\n\n\n<p>Il existe une infinit\u00e9 de raisons pour lesquelles l&#8217;emploi de ces formules est irrespectueux, mais la plus importante reste que de nombreuses femmes ne veulent pas \u00eatre qualifi\u00e9es ainsi, mais n&rsquo;ont pas le choix car les voix des femmes trans p\u00e8sent plus (normal, ce sont des hommes). Donc n&rsquo;h\u00e9sitez pas \u00e0 faire remarquer que ces posts sont probl\u00e9matiques et d\u00e9shumanisants pour toutes les femmes.<\/p>\n\n\n\n<p>Nous m\u00e9ritons de pouvoir nous d\u00e9finir selon nos propres termes, que nous choisissons nous-m\u00eame et sans pression ext\u00e9rieure.<\/p>\n\n\n\n<div style=\"height:100px\" aria-hidden=\"true\" class=\"wp-block-spacer\"><\/div>\n\n\n\n<p>[kofi]<\/p>\n\n\n\n<p>CC BY-NC-SA 4.0<\/p>\n","protected":false},"excerpt":{"rendered":"<p>\u00a0\u00bb &lsquo;Les gens qui ont des menstruations&rsquo;. Je suis s\u00fbre qu&rsquo;il y avait un mot pour ces gens. Aidez-moi \u00e0 retrouver. Famme ? Fimmu ? Foome ?\u00a0\u00bb-J.K. Rowling- Un langage d\u00e9shumanisant est apparu il y a quelques temps pour se r\u00e9f\u00e9rer aux femmes, d&rsquo;abord dans le monde anglo-saxon puis en France. Sur internet, il est [&hellip;]<\/p>\n","protected":false},"author":2,"featured_media":0,"comment_status":"open","ping_status":"open","sticky":false,"template":"","format":"standard","meta":{"_monsterinsights_skip_tracking":false,"_monsterinsights_sitenote_active":false,"_monsterinsights_sitenote_note":"","_monsterinsights_sitenote_category":0,"_jetpack_memberships_contains_paid_content":false,"footnotes":""},"categories":[38],"tags":[7],"class_list":["post-997","post","type-post","status-publish","format-standard","hentry","category-articles","tag-transactivisme"],"yoast_head":"<!-- This site is optimized with the Yoast SEO plugin v26.8 - https:\/\/yoast.com\/product\/yoast-seo-wordpress\/ -->\n<title>Les femmes ne sont pas des &quot;personnes menstru\u00e9es&quot; - RadCaen<\/title>\n<meta name=\"robots\" content=\"index, follow, max-snippet:-1, max-image-preview:large, max-video-preview:-1\" \/>\n<link rel=\"canonical\" href=\"https:\/\/radcaen.fr\/index.php\/2020\/07\/26\/les-femmes-ne-sont-pas-des-personnes-menstruees\/\" \/>\n<meta property=\"og:locale\" content=\"fr_FR\" \/>\n<meta property=\"og:type\" content=\"article\" \/>\n<meta property=\"og:title\" content=\"Les femmes ne sont pas des &quot;personnes menstru\u00e9es&quot; - RadCaen\" \/>\n<meta property=\"og:description\" content=\"\u00a0\u00bb &lsquo;Les gens qui ont des menstruations&rsquo;. Je suis s\u00fbre qu&rsquo;il y avait un mot pour ces gens. Aidez-moi \u00e0 retrouver. Famme ? Fimmu ? Foome ?\u00a0\u00bb-J.K. Rowling- Un langage d\u00e9shumanisant est apparu il y a quelques temps pour se r\u00e9f\u00e9rer aux femmes, d&rsquo;abord dans le monde anglo-saxon puis en France. Sur internet, il est [&hellip;]\" \/>\n<meta property=\"og:url\" content=\"https:\/\/radcaen.fr\/index.php\/2020\/07\/26\/les-femmes-ne-sont-pas-des-personnes-menstruees\/\" \/>\n<meta property=\"og:site_name\" content=\"RadCaen\" \/>\n<meta property=\"article:published_time\" content=\"2020-07-26T11:35:39+00:00\" \/>\n<meta property=\"article:modified_time\" content=\"2022-02-03T12:35:02+00:00\" \/>\n<meta property=\"og:image\" content=\"https:\/\/radcaen.fr\/wp-content\/uploads\/2020\/07\/pensc3a9e-circulaire-femme-dc3a9finition.png?w=410\" \/>\n<meta name=\"author\" content=\"RadCaen\" \/>\n<meta name=\"twitter:card\" content=\"summary_large_image\" \/>\n<meta name=\"twitter:label1\" content=\"\u00c9crit par\" \/>\n\t<meta name=\"twitter:data1\" content=\"RadCaen\" \/>\n\t<meta name=\"twitter:label2\" content=\"Dur\u00e9e de lecture estim\u00e9e\" \/>\n\t<meta name=\"twitter:data2\" content=\"7 minutes\" \/>\n<script type=\"application\/ld+json\" class=\"yoast-schema-graph\">{\"@context\":\"https:\/\/schema.org\",\"@graph\":[{\"@type\":\"Article\",\"@id\":\"https:\/\/radcaen.fr\/index.php\/2020\/07\/26\/les-femmes-ne-sont-pas-des-personnes-menstruees\/#article\",\"isPartOf\":{\"@id\":\"https:\/\/radcaen.fr\/index.php\/2020\/07\/26\/les-femmes-ne-sont-pas-des-personnes-menstruees\/\"},\"author\":{\"name\":\"RadCaen\",\"@id\":\"https:\/\/radcaen.fr\/#\/schema\/person\/a9aba7c1961f02b55b6b76bbcc72ffbb\"},\"headline\":\"Les femmes ne sont pas des \u00ab\u00a0personnes menstru\u00e9es\u00a0\u00bb\",\"datePublished\":\"2020-07-26T11:35:39+00:00\",\"dateModified\":\"2022-02-03T12:35:02+00:00\",\"mainEntityOfPage\":{\"@id\":\"https:\/\/radcaen.fr\/index.php\/2020\/07\/26\/les-femmes-ne-sont-pas-des-personnes-menstruees\/\"},\"wordCount\":1386,\"commentCount\":3,\"publisher\":{\"@id\":\"https:\/\/radcaen.fr\/#\/schema\/person\/a9aba7c1961f02b55b6b76bbcc72ffbb\"},\"image\":{\"@id\":\"https:\/\/radcaen.fr\/index.php\/2020\/07\/26\/les-femmes-ne-sont-pas-des-personnes-menstruees\/#primaryimage\"},\"thumbnailUrl\":\"https:\/\/radcaen.fr\/wp-content\/uploads\/2020\/07\/pensc3a9e-circulaire-femme-dc3a9finition.png?w=410\",\"keywords\":[\"Transactivisme\"],\"articleSection\":[\"Articles\"],\"inLanguage\":\"fr-FR\",\"potentialAction\":[{\"@type\":\"CommentAction\",\"name\":\"Comment\",\"target\":[\"https:\/\/radcaen.fr\/index.php\/2020\/07\/26\/les-femmes-ne-sont-pas-des-personnes-menstruees\/#respond\"]}]},{\"@type\":\"WebPage\",\"@id\":\"https:\/\/radcaen.fr\/index.php\/2020\/07\/26\/les-femmes-ne-sont-pas-des-personnes-menstruees\/\",\"url\":\"https:\/\/radcaen.fr\/index.php\/2020\/07\/26\/les-femmes-ne-sont-pas-des-personnes-menstruees\/\",\"name\":\"Les femmes ne sont pas des \\\"personnes menstru\u00e9es\\\" - RadCaen\",\"isPartOf\":{\"@id\":\"https:\/\/radcaen.fr\/#website\"},\"primaryImageOfPage\":{\"@id\":\"https:\/\/radcaen.fr\/index.php\/2020\/07\/26\/les-femmes-ne-sont-pas-des-personnes-menstruees\/#primaryimage\"},\"image\":{\"@id\":\"https:\/\/radcaen.fr\/index.php\/2020\/07\/26\/les-femmes-ne-sont-pas-des-personnes-menstruees\/#primaryimage\"},\"thumbnailUrl\":\"https:\/\/radcaen.fr\/wp-content\/uploads\/2020\/07\/pensc3a9e-circulaire-femme-dc3a9finition.png?w=410\",\"datePublished\":\"2020-07-26T11:35:39+00:00\",\"dateModified\":\"2022-02-03T12:35:02+00:00\",\"breadcrumb\":{\"@id\":\"https:\/\/radcaen.fr\/index.php\/2020\/07\/26\/les-femmes-ne-sont-pas-des-personnes-menstruees\/#breadcrumb\"},\"inLanguage\":\"fr-FR\",\"potentialAction\":[{\"@type\":\"ReadAction\",\"target\":[\"https:\/\/radcaen.fr\/index.php\/2020\/07\/26\/les-femmes-ne-sont-pas-des-personnes-menstruees\/\"]}]},{\"@type\":\"ImageObject\",\"inLanguage\":\"fr-FR\",\"@id\":\"https:\/\/radcaen.fr\/index.php\/2020\/07\/26\/les-femmes-ne-sont-pas-des-personnes-menstruees\/#primaryimage\",\"url\":\"https:\/\/radcaen.fr\/wp-content\/uploads\/2020\/07\/pensc3a9e-circulaire-femme-dc3a9finition.png\",\"contentUrl\":\"https:\/\/radcaen.fr\/wp-content\/uploads\/2020\/07\/pensc3a9e-circulaire-femme-dc3a9finition.png\",\"width\":800,\"height\":2000,\"caption\":\"Infographie - D\u00e9finition de femme (pens\u00e9e circulaire)\"},{\"@type\":\"BreadcrumbList\",\"@id\":\"https:\/\/radcaen.fr\/index.php\/2020\/07\/26\/les-femmes-ne-sont-pas-des-personnes-menstruees\/#breadcrumb\",\"itemListElement\":[{\"@type\":\"ListItem\",\"position\":1,\"name\":\"Accueil\",\"item\":\"https:\/\/radcaen.fr\/\"},{\"@type\":\"ListItem\",\"position\":2,\"name\":\"Articles\",\"item\":\"https:\/\/radcaen.fr\/index.php\/category\/articles\/\"},{\"@type\":\"ListItem\",\"position\":3,\"name\":\"Les femmes ne sont pas des \u00ab\u00a0personnes menstru\u00e9es\u00a0\u00bb\"}]},{\"@type\":\"WebSite\",\"@id\":\"https:\/\/radcaen.fr\/#website\",\"url\":\"https:\/\/radcaen.fr\/\",\"name\":\"RadCaen\",\"description\":\"F\u00e9minisme radical\",\"publisher\":{\"@id\":\"https:\/\/radcaen.fr\/#\/schema\/person\/a9aba7c1961f02b55b6b76bbcc72ffbb\"},\"potentialAction\":[{\"@type\":\"SearchAction\",\"target\":{\"@type\":\"EntryPoint\",\"urlTemplate\":\"https:\/\/radcaen.fr\/?s={search_term_string}\"},\"query-input\":{\"@type\":\"PropertyValueSpecification\",\"valueRequired\":true,\"valueName\":\"search_term_string\"}}],\"inLanguage\":\"fr-FR\"},{\"@type\":[\"Person\",\"Organization\"],\"@id\":\"https:\/\/radcaen.fr\/#\/schema\/person\/a9aba7c1961f02b55b6b76bbcc72ffbb\",\"name\":\"RadCaen\",\"image\":{\"@type\":\"ImageObject\",\"inLanguage\":\"fr-FR\",\"@id\":\"https:\/\/radcaen.fr\/#\/schema\/person\/image\/\",\"url\":\"https:\/\/radcaen.fr\/wp-content\/uploads\/2020\/11\/cropped-radcaen.png\",\"contentUrl\":\"https:\/\/radcaen.fr\/wp-content\/uploads\/2020\/11\/cropped-radcaen.png\",\"width\":591,\"height\":591,\"caption\":\"RadCaen\"},\"logo\":{\"@id\":\"https:\/\/radcaen.fr\/#\/schema\/person\/image\/\"},\"url\":\"https:\/\/radcaen.fr\/index.php\/author\/mandarine\/\"}]}<\/script>\n<!-- \/ Yoast SEO plugin. -->","yoast_head_json":{"title":"Les femmes ne sont pas des \"personnes menstru\u00e9es\" - RadCaen","robots":{"index":"index","follow":"follow","max-snippet":"max-snippet:-1","max-image-preview":"max-image-preview:large","max-video-preview":"max-video-preview:-1"},"canonical":"https:\/\/radcaen.fr\/index.php\/2020\/07\/26\/les-femmes-ne-sont-pas-des-personnes-menstruees\/","og_locale":"fr_FR","og_type":"article","og_title":"Les femmes ne sont pas des \"personnes menstru\u00e9es\" - RadCaen","og_description":"\u00a0\u00bb &lsquo;Les gens qui ont des menstruations&rsquo;. Je suis s\u00fbre qu&rsquo;il y avait un mot pour ces gens. Aidez-moi \u00e0 retrouver. Famme ? Fimmu ? Foome ?\u00a0\u00bb-J.K. Rowling- Un langage d\u00e9shumanisant est apparu il y a quelques temps pour se r\u00e9f\u00e9rer aux femmes, d&rsquo;abord dans le monde anglo-saxon puis en France. Sur internet, il est [&hellip;]","og_url":"https:\/\/radcaen.fr\/index.php\/2020\/07\/26\/les-femmes-ne-sont-pas-des-personnes-menstruees\/","og_site_name":"RadCaen","article_published_time":"2020-07-26T11:35:39+00:00","article_modified_time":"2022-02-03T12:35:02+00:00","og_image":[{"url":"https:\/\/radcaen.fr\/wp-content\/uploads\/2020\/07\/pensc3a9e-circulaire-femme-dc3a9finition.png?w=410","type":"","width":"","height":""}],"author":"RadCaen","twitter_card":"summary_large_image","twitter_misc":{"\u00c9crit par":"RadCaen","Dur\u00e9e de lecture estim\u00e9e":"7 minutes"},"schema":{"@context":"https:\/\/schema.org","@graph":[{"@type":"Article","@id":"https:\/\/radcaen.fr\/index.php\/2020\/07\/26\/les-femmes-ne-sont-pas-des-personnes-menstruees\/#article","isPartOf":{"@id":"https:\/\/radcaen.fr\/index.php\/2020\/07\/26\/les-femmes-ne-sont-pas-des-personnes-menstruees\/"},"author":{"name":"RadCaen","@id":"https:\/\/radcaen.fr\/#\/schema\/person\/a9aba7c1961f02b55b6b76bbcc72ffbb"},"headline":"Les femmes ne sont pas des \u00ab\u00a0personnes menstru\u00e9es\u00a0\u00bb","datePublished":"2020-07-26T11:35:39+00:00","dateModified":"2022-02-03T12:35:02+00:00","mainEntityOfPage":{"@id":"https:\/\/radcaen.fr\/index.php\/2020\/07\/26\/les-femmes-ne-sont-pas-des-personnes-menstruees\/"},"wordCount":1386,"commentCount":3,"publisher":{"@id":"https:\/\/radcaen.fr\/#\/schema\/person\/a9aba7c1961f02b55b6b76bbcc72ffbb"},"image":{"@id":"https:\/\/radcaen.fr\/index.php\/2020\/07\/26\/les-femmes-ne-sont-pas-des-personnes-menstruees\/#primaryimage"},"thumbnailUrl":"https:\/\/radcaen.fr\/wp-content\/uploads\/2020\/07\/pensc3a9e-circulaire-femme-dc3a9finition.png?w=410","keywords":["Transactivisme"],"articleSection":["Articles"],"inLanguage":"fr-FR","potentialAction":[{"@type":"CommentAction","name":"Comment","target":["https:\/\/radcaen.fr\/index.php\/2020\/07\/26\/les-femmes-ne-sont-pas-des-personnes-menstruees\/#respond"]}]},{"@type":"WebPage","@id":"https:\/\/radcaen.fr\/index.php\/2020\/07\/26\/les-femmes-ne-sont-pas-des-personnes-menstruees\/","url":"https:\/\/radcaen.fr\/index.php\/2020\/07\/26\/les-femmes-ne-sont-pas-des-personnes-menstruees\/","name":"Les femmes ne sont pas des \"personnes menstru\u00e9es\" - RadCaen","isPartOf":{"@id":"https:\/\/radcaen.fr\/#website"},"primaryImageOfPage":{"@id":"https:\/\/radcaen.fr\/index.php\/2020\/07\/26\/les-femmes-ne-sont-pas-des-personnes-menstruees\/#primaryimage"},"image":{"@id":"https:\/\/radcaen.fr\/index.php\/2020\/07\/26\/les-femmes-ne-sont-pas-des-personnes-menstruees\/#primaryimage"},"thumbnailUrl":"https:\/\/radcaen.fr\/wp-content\/uploads\/2020\/07\/pensc3a9e-circulaire-femme-dc3a9finition.png?w=410","datePublished":"2020-07-26T11:35:39+00:00","dateModified":"2022-02-03T12:35:02+00:00","breadcrumb":{"@id":"https:\/\/radcaen.fr\/index.php\/2020\/07\/26\/les-femmes-ne-sont-pas-des-personnes-menstruees\/#breadcrumb"},"inLanguage":"fr-FR","potentialAction":[{"@type":"ReadAction","target":["https:\/\/radcaen.fr\/index.php\/2020\/07\/26\/les-femmes-ne-sont-pas-des-personnes-menstruees\/"]}]},{"@type":"ImageObject","inLanguage":"fr-FR","@id":"https:\/\/radcaen.fr\/index.php\/2020\/07\/26\/les-femmes-ne-sont-pas-des-personnes-menstruees\/#primaryimage","url":"https:\/\/radcaen.fr\/wp-content\/uploads\/2020\/07\/pensc3a9e-circulaire-femme-dc3a9finition.png","contentUrl":"https:\/\/radcaen.fr\/wp-content\/uploads\/2020\/07\/pensc3a9e-circulaire-femme-dc3a9finition.png","width":800,"height":2000,"caption":"Infographie - D\u00e9finition de femme (pens\u00e9e circulaire)"},{"@type":"BreadcrumbList","@id":"https:\/\/radcaen.fr\/index.php\/2020\/07\/26\/les-femmes-ne-sont-pas-des-personnes-menstruees\/#breadcrumb","itemListElement":[{"@type":"ListItem","position":1,"name":"Accueil","item":"https:\/\/radcaen.fr\/"},{"@type":"ListItem","position":2,"name":"Articles","item":"https:\/\/radcaen.fr\/index.php\/category\/articles\/"},{"@type":"ListItem","position":3,"name":"Les femmes ne sont pas des \u00ab\u00a0personnes menstru\u00e9es\u00a0\u00bb"}]},{"@type":"WebSite","@id":"https:\/\/radcaen.fr\/#website","url":"https:\/\/radcaen.fr\/","name":"RadCaen","description":"F\u00e9minisme radical","publisher":{"@id":"https:\/\/radcaen.fr\/#\/schema\/person\/a9aba7c1961f02b55b6b76bbcc72ffbb"},"potentialAction":[{"@type":"SearchAction","target":{"@type":"EntryPoint","urlTemplate":"https:\/\/radcaen.fr\/?s={search_term_string}"},"query-input":{"@type":"PropertyValueSpecification","valueRequired":true,"valueName":"search_term_string"}}],"inLanguage":"fr-FR"},{"@type":["Person","Organization"],"@id":"https:\/\/radcaen.fr\/#\/schema\/person\/a9aba7c1961f02b55b6b76bbcc72ffbb","name":"RadCaen","image":{"@type":"ImageObject","inLanguage":"fr-FR","@id":"https:\/\/radcaen.fr\/#\/schema\/person\/image\/","url":"https:\/\/radcaen.fr\/wp-content\/uploads\/2020\/11\/cropped-radcaen.png","contentUrl":"https:\/\/radcaen.fr\/wp-content\/uploads\/2020\/11\/cropped-radcaen.png","width":591,"height":591,"caption":"RadCaen"},"logo":{"@id":"https:\/\/radcaen.fr\/#\/schema\/person\/image\/"},"url":"https:\/\/radcaen.fr\/index.php\/author\/mandarine\/"}]}},"jetpack_featured_media_url":"","jetpack_sharing_enabled":true,"_links":{"self":[{"href":"https:\/\/radcaen.fr\/index.php\/wp-json\/wp\/v2\/posts\/997","targetHints":{"allow":["GET"]}}],"collection":[{"href":"https:\/\/radcaen.fr\/index.php\/wp-json\/wp\/v2\/posts"}],"about":[{"href":"https:\/\/radcaen.fr\/index.php\/wp-json\/wp\/v2\/types\/post"}],"author":[{"embeddable":true,"href":"https:\/\/radcaen.fr\/index.php\/wp-json\/wp\/v2\/users\/2"}],"replies":[{"embeddable":true,"href":"https:\/\/radcaen.fr\/index.php\/wp-json\/wp\/v2\/comments?post=997"}],"version-history":[{"count":2,"href":"https:\/\/radcaen.fr\/index.php\/wp-json\/wp\/v2\/posts\/997\/revisions"}],"predecessor-version":[{"id":2811,"href":"https:\/\/radcaen.fr\/index.php\/wp-json\/wp\/v2\/posts\/997\/revisions\/2811"}],"wp:attachment":[{"href":"https:\/\/radcaen.fr\/index.php\/wp-json\/wp\/v2\/media?parent=997"}],"wp:term":[{"taxonomy":"category","embeddable":true,"href":"https:\/\/radcaen.fr\/index.php\/wp-json\/wp\/v2\/categories?post=997"},{"taxonomy":"post_tag","embeddable":true,"href":"https:\/\/radcaen.fr\/index.php\/wp-json\/wp\/v2\/tags?post=997"}],"curies":[{"name":"wp","href":"https:\/\/api.w.org\/{rel}","templated":true}]}}