{"id":975,"date":"2020-07-19T14:00:00","date_gmt":"2020-07-19T12:00:00","guid":{"rendered":"https:\/\/radcaen.wordpress.com\/?p=975"},"modified":"2022-02-03T13:32:52","modified_gmt":"2022-02-03T12:32:52","slug":"le-separatisme-feminin-definition","status":"publish","type":"post","link":"https:\/\/radcaen.fr\/index.php\/2020\/07\/19\/le-separatisme-feminin-definition\/","title":{"rendered":"Le s\u00e9paratisme f\u00e9minin : D\u00e9finition"},"content":{"rendered":"\n<p class=\"has-text-align-center\"><em>Si le sexe est assez r\u00e9el pour que les hommes nous aient oppress\u00e9es pendant des si\u00e8cles, alors il est assez r\u00e9el pour que nous m\u00e9ritions un espace qui se concentre sur nos combats et nos besoins.<\/em><\/p>\n\n\n\n<hr class=\"wp-block-separator is-style-wide\"\/>\n\n\n\n<p>Le s\u00e9paratisme est un sujet controvers\u00e9 dans le f\u00e9minisme radical, mais il trouve quand m\u00eame un grand nombre d&rsquo;adeptes. Le s\u00e9paratisme cristallise le d\u00e9sir d&rsquo;ind\u00e9pendance des femmes qui veulent vivre sans pr\u00e9sence masculine \u00e0 diff\u00e9rents niveaux de leur vie. Il s&rsquo;agit d&rsquo;un choix et non d&rsquo;une contrainte.<\/p>\n\n\n\n<h2 class=\"wp-block-heading\">D\u00e9finition<\/h2>\n\n\n\n<p>Le s\u00e9paratisme est un concept qui consiste, pour une femme, \u00e0 vivre sans hommes dans sa vie. Cela peut \u00eatre le choix de rester c\u00e9libataire et sans enfants, vivre seulement avec des femmes, ne plus avoir de relations sexuelles (pour une femme h\u00e9t\u00e9ro) ou seulement avec des femmes (pour une femme bisexuelle). En anglais, les femmes qui choisissent le c\u00e9libat sont appel\u00e9es des Spinsters.<\/p>\n\n\n\n<p>Les motivations derri\u00e8re le s\u00e9paratisme sont nombreuses, et ne rentrent pas en compte pour le d\u00e9finir. Qu&rsquo;une femme choisisse le s\u00e9paratisme par peur des hommes, par choix politique, ou parce qu&rsquo;elle pr\u00e9f\u00e8re la compagnie des femme, n&rsquo;a pas d&rsquo;importance. S&rsquo;il s&rsquo;agit d&rsquo;un choix conscient de prioriser les femmes et de supprimer ou r\u00e9duire la pr\u00e9sence masculine de sa vie, c&rsquo;est du s\u00e9paratisme. Il a beau s&rsquo;agir d&rsquo;une initiative f\u00e9ministe, le s\u00e9paratisme est pour toutes les femmes.<\/p>\n\n\n\n<h2 class=\"wp-block-heading\">Utilit\u00e9<\/h2>\n\n\n\n<p>Le s\u00e9paratisme a deux niveaux d&rsquo;utilit\u00e9 : individuel est collectif. Le f\u00e9minisme s&rsquo;int\u00e9resse plus au collectif, mais le collectif commence par l&rsquo;individu, et le personnel reste politique. Individuellement, le s\u00e9paratisme sers \u00e0 se concentrer sur autre chose que les hommes dans sa vie. Les b\u00e9n\u00e9fices sont nombreux, mais les critiques ext\u00e9rieures aussi : une femme qui vit sans homme par choix est vue comme un OVNI dans une soci\u00e9t\u00e9 qui attends le contraire de toutes les femmes (h\u00e9t\u00e9rosexualisme).<\/p>\n\n\n\n<p>Au niveau collectif, le but est d&rsquo;offrir un refuge, temporaire ou d\u00e9finitif, \u00e0 toutes les femmes qui le souhaitent. Il s&rsquo;agit de pouvoir vivre sans influence masculine ext\u00e9rieure, et donc d&rsquo;\u00eatre autonomes. Il existe des communaut\u00e9s, des villages et des mouvements qui fonctionnent de cette mani\u00e8re. Encore une fois, les b\u00e9n\u00e9fices sont nombreux mais les critiques aussi, surtout \u00e0 grande \u00e9chelle.<\/p>\n\n\n\n<p>La s\u00e9paration entre hommes et femmes a \u00e9t\u00e9 montr\u00e9e comme b\u00e9n\u00e9fique pour les femmes&#8230; mais pas pour les hommes. Ainsi les petites filles apprennent mieux \u00e0 l&rsquo;\u00e9cole sans pr\u00e9sence masculine, mais les gar\u00e7ons ont plus de difficult\u00e9s sans pr\u00e9sence f\u00e9minine. Le s\u00e9paratisme per\u00e7oit le besoin de mixit\u00e9, dans un cas comme celui-ci, comme tirant les filles vers le bas au profit des gar\u00e7ons, et cherche donc \u00e0 \u00e9liminer ce probl\u00e8me. La non-mixit\u00e9 permet aussi aux femmes d&rsquo;\u00eatre en s\u00e9curit\u00e9.<\/p>\n\n\n\n<h2 class=\"wp-block-heading\">Application<\/h2>\n\n\n\n<p>Le s\u00e9paratisme fonctionne le mieux de mani\u00e8re collective, bien qu&rsquo;il soit pratiqu\u00e9 par un grand nombre de femmes sans qu&rsquo;elles ne connaissent le concept. Il est possible de cr\u00e9er des mouvements dont le but est de supprimer les hommes de son entourage, ou leur influence (mouvement 4B en Cor\u00e9e du Sud). Il est aussi possible de cr\u00e9er des villages dans lesquels les hommes n&rsquo;ont pas le droit de rentrer (Jinwar).<\/p>\n\n\n\n<p>Les refuges pour femmes sont \u00e9galement des espaces s\u00e9paratistes quand ils interdisent l&rsquo;acc\u00e8s aux hommes, que ce soit dans certains lieux ou parmi les employ\u00e9s. Ces lieux sont d&rsquo;ailleurs une n\u00e9cessit\u00e9 pour les femmes victimes, pas une option.<\/p>\n\n\n\n<p>Dans la vie quotidienne, le s\u00e9paratisme consiste \u00e0 prioriser ses amiti\u00e9s et relations avec les femmes, \u00e0 ne pas avoir de copain, \u00e0 \u00e9viter les relations sexuelles avec les hommes, \u00e0 prioriser les commerces tenus par des femmes, \u00e0 toujours aller voir des m\u00e9decin femmes et \u00e0 les demander \u00e0 l&rsquo;h\u00f4pital, etc. Le dernier point est important pour qu&rsquo;il soit toujours possible qu&rsquo;une femme puisse demander un praticien de son sexe dans un contexte de soins.<\/p>\n\n\n\n<h2 class=\"wp-block-heading\">Conclusion<\/h2>\n\n\n\n<p>Nous sommes en faveur du s\u00e9paratisme et nous l&rsquo;encourageons chez toutes les femmes, mais nous savons aussi que c&rsquo;est quelque chose de difficile pour les femmes h\u00e9t\u00e9ros. Nous ne pensons pas qu&rsquo;une femme qui est sinc\u00e8rement heureuse dans sa relation devrait quitter son copain ou son mari, mais nous encourageons chacune \u00e0 bien r\u00e9fl\u00e9chir sur sa relation.<\/p>\n\n\n\n<p>Prioriser les femmes est quelque chose d&rsquo;\u00e9trange dans notre soci\u00e9t\u00e9, et le s\u00e9paratisme est donc une forme de r\u00e9bellion. Dites que vous ne souhaitez pas vous occuper d&rsquo;hommes, et on se chargera de vous rappeler que, eux aussi, ils on besoin qu&rsquo;on s&rsquo;occupe d&rsquo;eux ! Ne pas s&rsquo;occuper des hommes et un moyen simple de briser le statu quo.<\/p>\n\n\n\n<p>Nous somme en faveur de la cr\u00e9ation d&rsquo;espaces s\u00e9paratistes r\u00e9serv\u00e9s aux femmes, que ce soit des villages entiers ou des clubs de lecture. Le f\u00e9minisme radical, tout comme le s\u00e9paratisme, est inclusif des hommes trans et de toutes les femmes trans-identifi\u00e9es, <em>si elles le souhaitent<\/em>.<\/p>\n\n\n\n<div style=\"height:100px\" aria-hidden=\"true\" class=\"wp-block-spacer\"><\/div>\n\n\n\n<p>[kofi]<\/p>\n\n\n\n<p>CC BY-NC-SA 4.0<\/p>\n","protected":false},"excerpt":{"rendered":"<p>Si le sexe est assez r\u00e9el pour que les hommes nous aient oppress\u00e9es pendant des si\u00e8cles, alors il est assez r\u00e9el pour que nous m\u00e9ritions un espace qui se concentre sur nos combats et nos besoins. Le s\u00e9paratisme est un sujet controvers\u00e9 dans le f\u00e9minisme radical, mais il trouve quand m\u00eame un grand nombre d&rsquo;adeptes. [&hellip;]<\/p>\n","protected":false},"author":2,"featured_media":0,"comment_status":"open","ping_status":"open","sticky":false,"template":"","format":"standard","meta":{"_monsterinsights_skip_tracking":false,"_monsterinsights_sitenote_active":false,"_monsterinsights_sitenote_note":"","_monsterinsights_sitenote_category":0,"_jetpack_memberships_contains_paid_content":false,"footnotes":""},"categories":[2],"tags":[40],"class_list":["post-975","post","type-post","status-publish","format-standard","hentry","category-definitions","tag-feminisme"],"yoast_head":"<!-- This site is optimized with the Yoast SEO plugin v26.8 - https:\/\/yoast.com\/product\/yoast-seo-wordpress\/ -->\n<title>Le s\u00e9paratisme f\u00e9minin : D\u00e9finition - RadCaen<\/title>\n<meta name=\"robots\" content=\"index, follow, max-snippet:-1, max-image-preview:large, max-video-preview:-1\" \/>\n<link rel=\"canonical\" href=\"https:\/\/radcaen.fr\/index.php\/2020\/07\/19\/le-separatisme-feminin-definition\/\" \/>\n<meta property=\"og:locale\" content=\"fr_FR\" \/>\n<meta property=\"og:type\" content=\"article\" \/>\n<meta property=\"og:title\" content=\"Le s\u00e9paratisme f\u00e9minin : D\u00e9finition - RadCaen\" \/>\n<meta property=\"og:description\" content=\"Si le sexe est assez r\u00e9el pour que les hommes nous aient oppress\u00e9es pendant des si\u00e8cles, alors il est assez r\u00e9el pour que nous m\u00e9ritions un espace qui se concentre sur nos combats et nos besoins. Le s\u00e9paratisme est un sujet controvers\u00e9 dans le f\u00e9minisme radical, mais il trouve quand m\u00eame un grand nombre d&rsquo;adeptes. [&hellip;]\" \/>\n<meta property=\"og:url\" content=\"https:\/\/radcaen.fr\/index.php\/2020\/07\/19\/le-separatisme-feminin-definition\/\" \/>\n<meta property=\"og:site_name\" content=\"RadCaen\" \/>\n<meta property=\"article:published_time\" content=\"2020-07-19T12:00:00+00:00\" \/>\n<meta property=\"article:modified_time\" content=\"2022-02-03T12:32:52+00:00\" \/>\n<meta name=\"author\" content=\"RadCaen\" \/>\n<meta name=\"twitter:card\" content=\"summary_large_image\" \/>\n<meta name=\"twitter:label1\" content=\"\u00c9crit par\" \/>\n\t<meta name=\"twitter:data1\" content=\"RadCaen\" \/>\n\t<meta name=\"twitter:label2\" content=\"Dur\u00e9e de lecture estim\u00e9e\" \/>\n\t<meta name=\"twitter:data2\" content=\"5 minutes\" \/>\n<script type=\"application\/ld+json\" class=\"yoast-schema-graph\">{\"@context\":\"https:\/\/schema.org\",\"@graph\":[{\"@type\":\"Article\",\"@id\":\"https:\/\/radcaen.fr\/index.php\/2020\/07\/19\/le-separatisme-feminin-definition\/#article\",\"isPartOf\":{\"@id\":\"https:\/\/radcaen.fr\/index.php\/2020\/07\/19\/le-separatisme-feminin-definition\/\"},\"author\":{\"name\":\"RadCaen\",\"@id\":\"https:\/\/radcaen.fr\/#\/schema\/person\/a9aba7c1961f02b55b6b76bbcc72ffbb\"},\"headline\":\"Le s\u00e9paratisme f\u00e9minin : D\u00e9finition\",\"datePublished\":\"2020-07-19T12:00:00+00:00\",\"dateModified\":\"2022-02-03T12:32:52+00:00\",\"mainEntityOfPage\":{\"@id\":\"https:\/\/radcaen.fr\/index.php\/2020\/07\/19\/le-separatisme-feminin-definition\/\"},\"wordCount\":913,\"commentCount\":0,\"publisher\":{\"@id\":\"https:\/\/radcaen.fr\/#\/schema\/person\/a9aba7c1961f02b55b6b76bbcc72ffbb\"},\"keywords\":[\"F\u00e9minisme\"],\"articleSection\":[\"D\u00e9finitions\"],\"inLanguage\":\"fr-FR\",\"potentialAction\":[{\"@type\":\"CommentAction\",\"name\":\"Comment\",\"target\":[\"https:\/\/radcaen.fr\/index.php\/2020\/07\/19\/le-separatisme-feminin-definition\/#respond\"]}]},{\"@type\":\"WebPage\",\"@id\":\"https:\/\/radcaen.fr\/index.php\/2020\/07\/19\/le-separatisme-feminin-definition\/\",\"url\":\"https:\/\/radcaen.fr\/index.php\/2020\/07\/19\/le-separatisme-feminin-definition\/\",\"name\":\"Le s\u00e9paratisme f\u00e9minin : D\u00e9finition - RadCaen\",\"isPartOf\":{\"@id\":\"https:\/\/radcaen.fr\/#website\"},\"datePublished\":\"2020-07-19T12:00:00+00:00\",\"dateModified\":\"2022-02-03T12:32:52+00:00\",\"breadcrumb\":{\"@id\":\"https:\/\/radcaen.fr\/index.php\/2020\/07\/19\/le-separatisme-feminin-definition\/#breadcrumb\"},\"inLanguage\":\"fr-FR\",\"potentialAction\":[{\"@type\":\"ReadAction\",\"target\":[\"https:\/\/radcaen.fr\/index.php\/2020\/07\/19\/le-separatisme-feminin-definition\/\"]}]},{\"@type\":\"BreadcrumbList\",\"@id\":\"https:\/\/radcaen.fr\/index.php\/2020\/07\/19\/le-separatisme-feminin-definition\/#breadcrumb\",\"itemListElement\":[{\"@type\":\"ListItem\",\"position\":1,\"name\":\"Accueil\",\"item\":\"https:\/\/radcaen.fr\/\"},{\"@type\":\"ListItem\",\"position\":2,\"name\":\"D\u00e9finitions\",\"item\":\"https:\/\/radcaen.fr\/index.php\/category\/definitions\/\"},{\"@type\":\"ListItem\",\"position\":3,\"name\":\"Le s\u00e9paratisme f\u00e9minin : D\u00e9finition\"}]},{\"@type\":\"WebSite\",\"@id\":\"https:\/\/radcaen.fr\/#website\",\"url\":\"https:\/\/radcaen.fr\/\",\"name\":\"RadCaen\",\"description\":\"F\u00e9minisme radical\",\"publisher\":{\"@id\":\"https:\/\/radcaen.fr\/#\/schema\/person\/a9aba7c1961f02b55b6b76bbcc72ffbb\"},\"potentialAction\":[{\"@type\":\"SearchAction\",\"target\":{\"@type\":\"EntryPoint\",\"urlTemplate\":\"https:\/\/radcaen.fr\/?s={search_term_string}\"},\"query-input\":{\"@type\":\"PropertyValueSpecification\",\"valueRequired\":true,\"valueName\":\"search_term_string\"}}],\"inLanguage\":\"fr-FR\"},{\"@type\":[\"Person\",\"Organization\"],\"@id\":\"https:\/\/radcaen.fr\/#\/schema\/person\/a9aba7c1961f02b55b6b76bbcc72ffbb\",\"name\":\"RadCaen\",\"image\":{\"@type\":\"ImageObject\",\"inLanguage\":\"fr-FR\",\"@id\":\"https:\/\/radcaen.fr\/#\/schema\/person\/image\/\",\"url\":\"https:\/\/radcaen.fr\/wp-content\/uploads\/2020\/11\/cropped-radcaen.png\",\"contentUrl\":\"https:\/\/radcaen.fr\/wp-content\/uploads\/2020\/11\/cropped-radcaen.png\",\"width\":591,\"height\":591,\"caption\":\"RadCaen\"},\"logo\":{\"@id\":\"https:\/\/radcaen.fr\/#\/schema\/person\/image\/\"},\"url\":\"https:\/\/radcaen.fr\/index.php\/author\/mandarine\/\"}]}<\/script>\n<!-- \/ Yoast SEO plugin. -->","yoast_head_json":{"title":"Le s\u00e9paratisme f\u00e9minin : D\u00e9finition - RadCaen","robots":{"index":"index","follow":"follow","max-snippet":"max-snippet:-1","max-image-preview":"max-image-preview:large","max-video-preview":"max-video-preview:-1"},"canonical":"https:\/\/radcaen.fr\/index.php\/2020\/07\/19\/le-separatisme-feminin-definition\/","og_locale":"fr_FR","og_type":"article","og_title":"Le s\u00e9paratisme f\u00e9minin : D\u00e9finition - RadCaen","og_description":"Si le sexe est assez r\u00e9el pour que les hommes nous aient oppress\u00e9es pendant des si\u00e8cles, alors il est assez r\u00e9el pour que nous m\u00e9ritions un espace qui se concentre sur nos combats et nos besoins. Le s\u00e9paratisme est un sujet controvers\u00e9 dans le f\u00e9minisme radical, mais il trouve quand m\u00eame un grand nombre d&rsquo;adeptes. [&hellip;]","og_url":"https:\/\/radcaen.fr\/index.php\/2020\/07\/19\/le-separatisme-feminin-definition\/","og_site_name":"RadCaen","article_published_time":"2020-07-19T12:00:00+00:00","article_modified_time":"2022-02-03T12:32:52+00:00","author":"RadCaen","twitter_card":"summary_large_image","twitter_misc":{"\u00c9crit par":"RadCaen","Dur\u00e9e de lecture estim\u00e9e":"5 minutes"},"schema":{"@context":"https:\/\/schema.org","@graph":[{"@type":"Article","@id":"https:\/\/radcaen.fr\/index.php\/2020\/07\/19\/le-separatisme-feminin-definition\/#article","isPartOf":{"@id":"https:\/\/radcaen.fr\/index.php\/2020\/07\/19\/le-separatisme-feminin-definition\/"},"author":{"name":"RadCaen","@id":"https:\/\/radcaen.fr\/#\/schema\/person\/a9aba7c1961f02b55b6b76bbcc72ffbb"},"headline":"Le s\u00e9paratisme f\u00e9minin : D\u00e9finition","datePublished":"2020-07-19T12:00:00+00:00","dateModified":"2022-02-03T12:32:52+00:00","mainEntityOfPage":{"@id":"https:\/\/radcaen.fr\/index.php\/2020\/07\/19\/le-separatisme-feminin-definition\/"},"wordCount":913,"commentCount":0,"publisher":{"@id":"https:\/\/radcaen.fr\/#\/schema\/person\/a9aba7c1961f02b55b6b76bbcc72ffbb"},"keywords":["F\u00e9minisme"],"articleSection":["D\u00e9finitions"],"inLanguage":"fr-FR","potentialAction":[{"@type":"CommentAction","name":"Comment","target":["https:\/\/radcaen.fr\/index.php\/2020\/07\/19\/le-separatisme-feminin-definition\/#respond"]}]},{"@type":"WebPage","@id":"https:\/\/radcaen.fr\/index.php\/2020\/07\/19\/le-separatisme-feminin-definition\/","url":"https:\/\/radcaen.fr\/index.php\/2020\/07\/19\/le-separatisme-feminin-definition\/","name":"Le s\u00e9paratisme f\u00e9minin : D\u00e9finition - RadCaen","isPartOf":{"@id":"https:\/\/radcaen.fr\/#website"},"datePublished":"2020-07-19T12:00:00+00:00","dateModified":"2022-02-03T12:32:52+00:00","breadcrumb":{"@id":"https:\/\/radcaen.fr\/index.php\/2020\/07\/19\/le-separatisme-feminin-definition\/#breadcrumb"},"inLanguage":"fr-FR","potentialAction":[{"@type":"ReadAction","target":["https:\/\/radcaen.fr\/index.php\/2020\/07\/19\/le-separatisme-feminin-definition\/"]}]},{"@type":"BreadcrumbList","@id":"https:\/\/radcaen.fr\/index.php\/2020\/07\/19\/le-separatisme-feminin-definition\/#breadcrumb","itemListElement":[{"@type":"ListItem","position":1,"name":"Accueil","item":"https:\/\/radcaen.fr\/"},{"@type":"ListItem","position":2,"name":"D\u00e9finitions","item":"https:\/\/radcaen.fr\/index.php\/category\/definitions\/"},{"@type":"ListItem","position":3,"name":"Le s\u00e9paratisme f\u00e9minin : D\u00e9finition"}]},{"@type":"WebSite","@id":"https:\/\/radcaen.fr\/#website","url":"https:\/\/radcaen.fr\/","name":"RadCaen","description":"F\u00e9minisme radical","publisher":{"@id":"https:\/\/radcaen.fr\/#\/schema\/person\/a9aba7c1961f02b55b6b76bbcc72ffbb"},"potentialAction":[{"@type":"SearchAction","target":{"@type":"EntryPoint","urlTemplate":"https:\/\/radcaen.fr\/?s={search_term_string}"},"query-input":{"@type":"PropertyValueSpecification","valueRequired":true,"valueName":"search_term_string"}}],"inLanguage":"fr-FR"},{"@type":["Person","Organization"],"@id":"https:\/\/radcaen.fr\/#\/schema\/person\/a9aba7c1961f02b55b6b76bbcc72ffbb","name":"RadCaen","image":{"@type":"ImageObject","inLanguage":"fr-FR","@id":"https:\/\/radcaen.fr\/#\/schema\/person\/image\/","url":"https:\/\/radcaen.fr\/wp-content\/uploads\/2020\/11\/cropped-radcaen.png","contentUrl":"https:\/\/radcaen.fr\/wp-content\/uploads\/2020\/11\/cropped-radcaen.png","width":591,"height":591,"caption":"RadCaen"},"logo":{"@id":"https:\/\/radcaen.fr\/#\/schema\/person\/image\/"},"url":"https:\/\/radcaen.fr\/index.php\/author\/mandarine\/"}]}},"jetpack_featured_media_url":"","jetpack_sharing_enabled":true,"_links":{"self":[{"href":"https:\/\/radcaen.fr\/index.php\/wp-json\/wp\/v2\/posts\/975","targetHints":{"allow":["GET"]}}],"collection":[{"href":"https:\/\/radcaen.fr\/index.php\/wp-json\/wp\/v2\/posts"}],"about":[{"href":"https:\/\/radcaen.fr\/index.php\/wp-json\/wp\/v2\/types\/post"}],"author":[{"embeddable":true,"href":"https:\/\/radcaen.fr\/index.php\/wp-json\/wp\/v2\/users\/2"}],"replies":[{"embeddable":true,"href":"https:\/\/radcaen.fr\/index.php\/wp-json\/wp\/v2\/comments?post=975"}],"version-history":[{"count":2,"href":"https:\/\/radcaen.fr\/index.php\/wp-json\/wp\/v2\/posts\/975\/revisions"}],"predecessor-version":[{"id":2807,"href":"https:\/\/radcaen.fr\/index.php\/wp-json\/wp\/v2\/posts\/975\/revisions\/2807"}],"wp:attachment":[{"href":"https:\/\/radcaen.fr\/index.php\/wp-json\/wp\/v2\/media?parent=975"}],"wp:term":[{"taxonomy":"category","embeddable":true,"href":"https:\/\/radcaen.fr\/index.php\/wp-json\/wp\/v2\/categories?post=975"},{"taxonomy":"post_tag","embeddable":true,"href":"https:\/\/radcaen.fr\/index.php\/wp-json\/wp\/v2\/tags?post=975"}],"curies":[{"name":"wp","href":"https:\/\/api.w.org\/{rel}","templated":true}]}}