{"id":2670,"date":"2021-12-08T14:00:00","date_gmt":"2021-12-08T13:00:00","guid":{"rendered":"https:\/\/radcaen.fr\/?p=2670"},"modified":"2022-01-13T11:09:08","modified_gmt":"2022-01-13T10:09:08","slug":"analyse-de-la-journee-du-souvenir-trans-tdor-2021","status":"publish","type":"post","link":"https:\/\/radcaen.fr\/index.php\/2021\/12\/08\/analyse-de-la-journee-du-souvenir-trans-tdor-2021\/","title":{"rendered":"Analyse de la Journ\u00e9e du Souvenir Trans 2021"},"content":{"rendered":"\n<p><\/p>\n\n\n\n<p class=\"has-text-align-center\"><em><em>Devant le silence assourdissant et complice des pouvoirs publics et des institutions, devant la violence quotidienne que vivent les personnes trans, intersexes, racis\u00e9es, travailleurSEs du sexe, handies, grosses, s\u00e9ropositives.<br>Voici notre constat : <strong>l&rsquo;\u00c9tat nous assassine.<\/strong>&nbsp;<\/em><br>&#8211;<a href=\"https:\/\/blogs.mediapart.fr\/act-paris\/blog\/161121\/trans-letat-nous-assassine\" target=\"_blank\" rel=\"noreferrer noopener\">Act Up Paris &amp; le FLIRT<\/a>&#8211;<\/em><\/p>\n\n\n\n<hr class=\"wp-block-separator\"\/>\n\n\n\n<p><a href=\"https:\/\/radcaen.fr\/index.php\/2021\/12\/01\/les-chiffres-de-la-journee-du-souvenir-trans-2021\/\" target=\"_blank\" rel=\"noreferrer noopener\">L&rsquo;article de la semaine derni\u00e8re<\/a> \u00e9tait d\u00e9di\u00e9 \u00e0 l&rsquo;\u00e9tude des chiffres partag\u00e9s par Transrespect vs Transphobia \u00e0 l&rsquo;occasion de la Journ\u00e9e du Souvenir Trans de 2021. Comme nous l&rsquo;avons vu, d&rsquo;apr\u00e8s les donn\u00e9es r\u00e9colt\u00e9es par cette initiative, les personnes trans ne sont pas plus \u00e0 risque d&rsquo;\u00eatre tu\u00e9es que la population moyenne. Mes calculs ont \u00e9t\u00e9 faits pour la France, mais Feminist Witch Memes a r\u00e9alis\u00e9 un document complet qui analyse la situation plus en profondeur. Son analyse couvre la France et les \u00c9tats-Unis.<\/p>\n\n\n\n<div class=\"wp-block-file\"><a href=\"https:\/\/radcaen.fr\/wp-content\/uploads\/2021\/11\/Analyse-des-chiffres-du-TDoR-2021.pdf\">Analyse du nombre de meurtres de la population transgenre en France et aux Etats-Unis (2021)<\/a><a href=\"https:\/\/radcaen.fr\/wp-content\/uploads\/2021\/11\/Analyse-des-chiffres-du-TDoR-2021.pdf\" class=\"wp-block-file__button\" download>T\u00e9l\u00e9charger<\/a><\/div>\n\n\n\n<p>Maintenant que les calculs ont \u00e9t\u00e9 faits, la deuxi\u00e8me \u00e9tape est d&rsquo;analyser la communication autour de ces chiffre. J&rsquo;ai encore une fois d\u00e9cid\u00e9 de me concentrer sur la France, par souci de simplicit\u00e9 et de coh\u00e9rence. Cependant, dans le but d&rsquo;avoir plus de donn\u00e9es \u00e0 analyser, je mentionnerai des \u00e9l\u00e9ments provenant d&rsquo;autres pays.<\/p>\n\n\n\n<p>Cet article est donc d\u00e9di\u00e9 au traitement de la Journ\u00e9e du Souvenir Trans en France pour 2021. Les publications r\u00e9cup\u00e9r\u00e9es proviennent majoritairement d&rsquo;Instagram, car c&rsquo;est le seul m\u00e9dia social que j&rsquo;utilise. Je suis consciente que cela limite mon analyse, aussi, si vous avez des exemples d&rsquo;autres publications, n&rsquo;h\u00e9sitez pas \u00e0 me les envoyer ! Mon but est de d\u00e9montrer que la pr\u00e9sentation des informations est souvent malhonn\u00eate, volontairement incompl\u00e8te voir carr\u00e9ment mensong\u00e8re <em>dans le but de cr\u00e9er de la peur et un sentiment d&rsquo;ins\u00e9curit\u00e9<\/em>.<\/p>\n\n\n\n<p>Je vais ici parler de meurtres, et j&rsquo;en ferai une analyse sociale et politique. Je vais aussi remettre en question plusieurs affirmations de l&rsquo;activisme transgenre qui traitement de la vuln\u00e9rabilit\u00e9 de la communaut\u00e9 trans. Et comme pour le dernier article, je vais me concentrer sur les meurtres, qui sont le sujet de la Journ\u00e9e du Souvenir Trans. Un autre article sera sans doute d\u00e9di\u00e9 aux autres formes de violence subies par les personnes trans.<\/p>\n\n\n\n<h2 class=\"wp-block-heading\">La transphobie tue !<\/h2>\n\n\n\n<p>C&rsquo;est en tout cas le message qu&rsquo;envoient la majorit\u00e9 des publications sur lesquelles je suis tomb\u00e9e en faisant mes recherches. Loin de moi l&rsquo;id\u00e9e de pr\u00e9tendre que les personnes trans ne vivent pas de discrimination. Cependant il y a un pas entre \u00ab\u00a0vivre des discriminations\u00a0\u00bb et \u00ab\u00a0risquer la mort\u00a0\u00bb en raison de son identit\u00e9.<\/p>\n\n\n\n<p>Il y a un sentiment de panique constant qui est entretenu chaque ann\u00e9e \u00e0 l&rsquo;occasion de la TDoR. Le terme \u00ab\u00a0\u00e9pid\u00e9mie\u00a0\u00bb a \u00e9t\u00e9 utilis\u00e9 en 2018, 2019 et 2020 pour qualifier la gravit\u00e9 de la situation : <a href=\"https:\/\/eu.floridatoday.com\/story\/opinion\/2020\/07\/28\/transgender-americans-being-murdered-does-anyone-care\/5527065002\/\" target=\"_blank\" rel=\"noreferrer noopener\">L&rsquo;ann\u00e9e derni\u00e8re Gina Duncan parlait d&rsquo;une pand\u00e9mie de tuerie \u00e0 l&rsquo;encontre des Am\u00e9ricains transgenres<\/a><sup>[2]<\/sup>. En 2019 le New York Times publiait un article intitul\u00e9 \u00ab\u00a0<a href=\"https:\/\/www.nytimes.com\/2019\/09\/27\/us\/transgender-women-deaths.html\" target=\"_blank\" rel=\"noreferrer noopener\">Les 18 meurtres de personnes trans cette ann\u00e9e font monter la crainte d&rsquo;une \u00e9pid\u00e9mie<\/a><sup>[3]<\/sup>\u00ab\u00a0. Et en 2018 la Human Right Campagn publiait la ressource \u00ab\u00a0<a href=\"https:\/\/www.hrc.org\/resources\/a-national-epidemic-fatal-anti-transgender-violence-in-america-in-2018\" target=\"_blank\" rel=\"noreferrer noopener\">Une \u00e9pid\u00e9mie nationale : La violence anti-trans fatale en Am\u00e9rique en 2018<\/a><sup>[4]<\/sup>\u00ab\u00a0. Chaque fois, le nombre r\u00e9el de meurtres ne permettait pas de valider ces affirmations.<\/p>\n\n\n\n<p>En France, Act Up-Paris a choisi \u00ab\u00a0Trans : l&rsquo;\u00e9tat nous assassine !\u00a0\u00bb comme slogan pour la TDoR de cette ann\u00e9e. C&rsquo;est ce slogan qui a \u00e9t\u00e9 utilis\u00e9 sur la banderole du cort\u00e8ge de Paris.<\/p>\n\n\n\n<figure class=\"wp-block-image size-full\"><img loading=\"lazy\" decoding=\"async\" width=\"720\" height=\"478\" data-attachment-id=\"2707\" data-permalink=\"https:\/\/radcaen.fr\/photo-1\/\" data-orig-file=\"https:\/\/radcaen.fr\/wp-content\/uploads\/2021\/12\/Photo-1.jpg\" data-orig-size=\"720,478\" data-comments-opened=\"1\" data-image-meta=\"{&quot;aperture&quot;:&quot;0&quot;,&quot;credit&quot;:&quot;&quot;,&quot;camera&quot;:&quot;&quot;,&quot;caption&quot;:&quot;&quot;,&quot;created_timestamp&quot;:&quot;0&quot;,&quot;copyright&quot;:&quot;&quot;,&quot;focal_length&quot;:&quot;0&quot;,&quot;iso&quot;:&quot;0&quot;,&quot;shutter_speed&quot;:&quot;0&quot;,&quot;title&quot;:&quot;&quot;,&quot;orientation&quot;:&quot;1&quot;}\" data-image-title=\"Photo 1\" data-image-description=\"&lt;p&gt;Photo d&amp;rsquo;une manifestation. Au premier plan on voit une banderole noire avec les logos d&amp;rsquo;Act Up-Paris et du Flirt. Le texte \u00ab\u00a0TRANS L&amp;rsquo;ETAT NOUS ASSASSINE !\u00a0\u00bb est peint en blanc sur la banderole.&lt;br \/&gt;\nDes manifestants tiennent des pancartes, on peut lire \u00ab\u00a0pas de sales putes que des sales lois\u00a0\u00bb et \u00ab\u00a0Trans incarn\u00e9r\u00e9Es = trans assassin\u00e9Es\u00a0\u00bb.&lt;\/p&gt;\n\" data-image-caption=\"\" data-medium-file=\"https:\/\/radcaen.fr\/wp-content\/uploads\/2021\/12\/Photo-1-300x199.jpg\" data-large-file=\"https:\/\/radcaen.fr\/wp-content\/uploads\/2021\/12\/Photo-1.jpg\" src=\"https:\/\/radcaen.fr\/wp-content\/uploads\/2021\/12\/Photo-1.jpg\" alt=\"Photo d'une manifestation. Au premier plan on voit une banderole noire avec les logos d'Act Up-Paris et du Flirt. Le texte &quot;TRANS L'ETAT NOUS ASSASSINE !&quot; est peint en blanc sur la banderole. Des manifestants tiennent des pancartes, on peut lire &quot;pas de sales putes que des sales lois&quot; et &quot;Trans incarn\u00e9r\u00e9Es = trans assassin\u00e9Es&quot;.\" class=\"wp-image-2707\" srcset=\"https:\/\/radcaen.fr\/wp-content\/uploads\/2021\/12\/Photo-1.jpg 720w, https:\/\/radcaen.fr\/wp-content\/uploads\/2021\/12\/Photo-1-300x199.jpg 300w, https:\/\/radcaen.fr\/wp-content\/uploads\/2021\/12\/Photo-1-600x398.jpg 600w\" sizes=\"auto, (max-width: 720px) 100vw, 720px\" \/><figcaption>Cr\u00e9dit photo : @noemyparis sur Instagram<\/figcaption><\/figure>\n\n\n\n<p>En 2015, <a href=\"https:\/\/www.politifact.com\/factchecks\/2015\/may\/13\/garnet-coleman\/garnet-coleman-said-transgender-person-has-1-12-ch\/\" target=\"_blank\" rel=\"noreferrer noopener\">Garnet Coleman disait que les personnes trans ont une chance sur 12 d&rsquo;\u00eatre tu\u00e9es aux \u00c9tats-Unis<\/a><sup>[5]<\/sup>. En 2012, l&rsquo;affirmation comme quoi <a href=\"https:\/\/www.npr.org\/2012\/10\/01\/162100680\/no-more-lying-law-bolsters-transgender-argentines?t=1638626457251\" target=\"_blank\" rel=\"noreferrer noopener\">l&rsquo;esp\u00e9rance de vie moyenne des personnes trans serait de 30 ans<\/a><sup>[6]<\/sup> circulait aux \u00c9tats-Unis, sans qu&rsquo;aucune source pour ce chiffre n&rsquo;ait \u00e9t\u00e9 identifi\u00e9e. Ces deux affirmations sont fausses, mais elles continuent d&rsquo;\u00eatre utilis\u00e9es quand on parle de la vuln\u00e9rabilit\u00e9 des personnes trans. Et bien qu&rsquo;elles aient \u00e9t\u00e9 d\u00e9bunk\u00e9es, on peut toujours tomber dessus en lisant des articles sur le sujet.<\/p>\n\n\n\n<p>\u00ab\u00a0La transphobie tue !\u00a0\u00bb est le slogan le plus utilis\u00e9 cette ann\u00e9e pour la Journ\u00e9e du Souvenir Trans. Je l&rsquo;ai trouv\u00e9 comme titre d&rsquo;article sur des sites comme <a href=\"https:\/\/www.revolutionpermanente.fr\/Journee-du-souvenir-trans-2021-la-transphobie-tue-toujours\" target=\"_blank\" rel=\"noreferrer noopener\">R\u00e9volution Permanente<\/a><sup>[7]<\/sup>, <a href=\"https:\/\/federation-lgbt.org\/transgender-day-of-remembrance-tdor-rappelons-au-monde-que-la-transphobie-tue\" target=\"_blank\" rel=\"noreferrer noopener\">F\u00e9d\u00e9ration LGBTI+<\/a><sup>[8]<\/sup>, et <a href=\"https:\/\/lanticapitaliste.org\/actualite\/lgbti\/le-20-novembre-le-tdor-la-transphobie-tue\" target=\"_blank\" rel=\"noreferrer noopener\">L&rsquo;anticapitaliste<\/a><sup>[9]<\/sup>, que je vous invite \u00e0 lire. Il est utilis\u00e9 dans le corps de beaucoup d&rsquo;articles (<a href=\"https:\/\/strasbourgfurieuse.demosphere.net\/rv\/3243\" target=\"_blank\" rel=\"noreferrer noopener\">Strasbourg Furieuse<\/a><sup>[10]<\/sup>, <a href=\"https:\/\/tetu.com\/2021\/11\/21\/tdor-journee-du-souvenir-trans-2021-manifestation-paris-transphobie\/\" target=\"_blank\" rel=\"noreferrer noopener\">T\u00eatu<\/a><sup>[11]<\/sup>&#8230;). C&rsquo;est aussi le slogan trouv\u00e9 sur la premi\u00e8re image de la plupart des publications fran\u00e7aises cette ann\u00e9e. Voici quelques exemples trouv\u00e9s sur Instagram :<\/p>\n\n\n\n<div class=\"wp-block-jetpack-slideshow aligncenter\" data-effect=\"slide\"><div class=\"wp-block-jetpack-slideshow_container swiper-container\"><ul class=\"wp-block-jetpack-slideshow_swiper-wrapper swiper-wrapper\"><li class=\"wp-block-jetpack-slideshow_slide swiper-slide\"><figure><img loading=\"lazy\" decoding=\"async\" width=\"720\" height=\"719\" alt=\"Publication de period.studio sur Instagram. Visuel carr\u00e9 avec un fond rose p\u00e2le. Le texte &quot;La transphobie tue&quot; est \u00e9crit en gros et en bleu au centre de la publication. Le mot &quot;tue&quot; est surlign\u00e9 en rose fonc\u00e9. Le texte est surplomb\u00e9 d'un emoji triangle. &quot;On t'explique&quot; est \u00e9crit en bleu en plus petit, surlign\u00e9 en jaune. Un \u00e9moji main est visible dessous et pointe vers la droite.\" class=\"wp-block-jetpack-slideshow_image wp-image-2703\" data-id=\"2703\" src=\"https:\/\/radcaen.fr\/wp-content\/uploads\/2021\/12\/Period-studio-1.jpg\" srcset=\"https:\/\/radcaen.fr\/wp-content\/uploads\/2021\/12\/Period-studio-1.jpg 720w, https:\/\/radcaen.fr\/wp-content\/uploads\/2021\/12\/Period-studio-1-300x300.jpg 300w, https:\/\/radcaen.fr\/wp-content\/uploads\/2021\/12\/Period-studio-1-150x150.jpg 150w, https:\/\/radcaen.fr\/wp-content\/uploads\/2021\/12\/Period-studio-1-450x450.jpg 450w, https:\/\/radcaen.fr\/wp-content\/uploads\/2021\/12\/Period-studio-1-600x599.jpg 600w, https:\/\/radcaen.fr\/wp-content\/uploads\/2021\/12\/Period-studio-1-100x100.jpg 100w\" sizes=\"(max-width: 720px) 100vw, 720px\" \/><\/figure><\/li><li class=\"wp-block-jetpack-slideshow_slide swiper-slide\"><figure><img loading=\"lazy\" decoding=\"async\" width=\"720\" height=\"719\" alt=\"Publication de unpanda.queer sur Instagram. Visuel carr\u00e9 avec le drapeau trans (lignes horizontales bleues, roses et blanches). Le texte &quot;La transphobie tue !&quot; est \u00e9crit en gros au centre de la publication, en noir surlign\u00e9 rouge. Le mot &quot;tue !&quot; est plus gros que le reste du texte.\" class=\"wp-block-jetpack-slideshow_image wp-image-2714\" data-id=\"2714\" src=\"https:\/\/radcaen.fr\/wp-content\/uploads\/2021\/12\/unpandaqueer.jpg\" srcset=\"https:\/\/radcaen.fr\/wp-content\/uploads\/2021\/12\/unpandaqueer.jpg 720w, https:\/\/radcaen.fr\/wp-content\/uploads\/2021\/12\/unpandaqueer-300x300.jpg 300w, https:\/\/radcaen.fr\/wp-content\/uploads\/2021\/12\/unpandaqueer-150x150.jpg 150w, https:\/\/radcaen.fr\/wp-content\/uploads\/2021\/12\/unpandaqueer-450x450.jpg 450w, https:\/\/radcaen.fr\/wp-content\/uploads\/2021\/12\/unpandaqueer-600x599.jpg 600w, https:\/\/radcaen.fr\/wp-content\/uploads\/2021\/12\/unpandaqueer-100x100.jpg 100w\" sizes=\"(max-width: 720px) 100vw, 720px\" \/><\/figure><\/li><li class=\"wp-block-jetpack-slideshow_slide swiper-slide\"><figure><img loading=\"lazy\" decoding=\"async\" width=\"720\" height=\"900\" alt=\"Publication de morgan.noam sur Instagram. Fond flou et color\u00e9 en bleu et rose. Le texte est noir ou violet. &quot;La transphobie tue&quot; est \u00e9crit en gros et en violet en haut de la publication. &quot;de plus en plus chaque ann\u00e9e, et ce, m\u00eame si les transidentit\u00e9s sont de plus en plus visibles dans l'espace public.&quot; est \u00e9crit en petit juste dessous. &quot;Pour rappel : Visibilit\u00e9 =\/ S\u00e9curit\u00e9&quot; est \u00e9crit au centre de la publication, en gras et surlign\u00e9 en violet. &quot;La visibilit\u00e9 sans la s\u00e9curit\u00e9 mat\u00e9rielle, affective et \u00e9motionnelle, sans le soutien l\u00e9gal de l\u2019\u00c9tat et la d\u00e9pathologisation de nos identit\u00e9s... \u00e7a ne vaut pas grand chose.&quot; est \u00e9crit en petit dessous. &quot;TDOR 2021&quot; est \u00e9crit en gros et en violet \u00e0 la fin de la publication, juste au dessus du nom du compte.\" class=\"wp-block-jetpack-slideshow_image wp-image-2700\" data-id=\"2700\" src=\"https:\/\/radcaen.fr\/wp-content\/uploads\/2021\/12\/Morgannoam-1.jpg\" srcset=\"https:\/\/radcaen.fr\/wp-content\/uploads\/2021\/12\/Morgannoam-1.jpg 720w, https:\/\/radcaen.fr\/wp-content\/uploads\/2021\/12\/Morgannoam-1-240x300.jpg 240w, https:\/\/radcaen.fr\/wp-content\/uploads\/2021\/12\/Morgannoam-1-600x750.jpg 600w\" sizes=\"(max-width: 720px) 100vw, 720px\" \/><\/figure><\/li><\/ul><a class=\"wp-block-jetpack-slideshow_button-prev swiper-button-prev swiper-button-white\" role=\"button\"><\/a><a class=\"wp-block-jetpack-slideshow_button-next swiper-button-next swiper-button-white\" role=\"button\"><\/a><a aria-label=\"Pause Slideshow\" class=\"wp-block-jetpack-slideshow_button-pause\" role=\"button\"><\/a><div class=\"wp-block-jetpack-slideshow_pagination swiper-pagination swiper-pagination-white\"><\/div><\/div><\/div>\n\n\n\n<p>Or, comme expliqu\u00e9 par Feminist Witch Memes dans son document d&rsquo;analyse des meurtres de personnes trans cette ann\u00e9e en France et aux \u00c9tats-Unis, les donn\u00e9es actuelles ne permettent pas de valider l&rsquo;affirmation selon laquelle \u00ab\u00a0la transphobie tue\u00a0\u00bb. Pour valider cette hypoth\u00e8se, il faudrait que les personnes trans soient victimes de meurtre \u00e0 un taux plus \u00e9lev\u00e9 que les personnes non-trans de la m\u00eame d\u00e9mographie. Et en l&rsquo;absence de telles donn\u00e9es, il faudrait conna\u00eetre les motivations derri\u00e8re les meurtres afin de voir s&rsquo;il existe une motivation anti-trans de la part des meurtriers.<\/p>\n\n\n\n<p>A l&rsquo;heure actuelle, nous n&rsquo;avons pas ces informations. Cela ne veut pas dire que les personnes trans ne vivent pas de violence et ne sont pas tu\u00e9es, au passage. Mais cela qui n&#8217;emp\u00eache pas les associations trans d&rsquo;affirmer que les personnes trans sont tu\u00e9es par une violence syst\u00e9matique, ou que chaque meurtre est \u00e0 motivation anti-trans.<\/p>\n\n\n\n<h2 class=\"wp-block-heading\">Mauvaise repr\u00e9sentation des donn\u00e9es<\/h2>\n\n\n\n<p>Un probl\u00e8me chronique que j&rsquo;ai rencontr\u00e9 en cherchant des publications sur la TDoR 2021, c&rsquo;est une utilisation malhonn\u00eate des donn\u00e9es disponibles, ou une formulation volontairement trompeuse.<\/p>\n\n\n\n<p>La publication du compte @lecoindeslgbt sur Instagram citait le chiffre de 375 sans pr\u00e9ciser qu&rsquo;il s&rsquo;agit du nombre de meurtre \u00e0 l&rsquo;\u00e9chelle mondiale et non en France. Plusieurs personnes ont demand\u00e9 des pr\u00e9cisions \u00e0 ce sujet dans les commentaires, sans recevoir de r\u00e9ponse du compte ayant post\u00e9 l&rsquo;information. Toutes les personnes ayant apport\u00e9 des pr\u00e9cisions \u00e9taient ext\u00e9rieures au compte.<\/p>\n\n\n\n<div class=\"wp-block-jetpack-slideshow aligncenter\" data-effect=\"slide\"><div class=\"wp-block-jetpack-slideshow_container swiper-container\"><ul class=\"wp-block-jetpack-slideshow_swiper-wrapper swiper-wrapper\"><li class=\"wp-block-jetpack-slideshow_slide swiper-slide\"><figure><img loading=\"lazy\" decoding=\"async\" width=\"720\" height=\"719\" alt=\"\" class=\"wp-block-jetpack-slideshow_image wp-image-2696\" data-id=\"2696\" src=\"https:\/\/radcaen.fr\/wp-content\/uploads\/2021\/12\/lecoindeslgbt.jpg\" srcset=\"https:\/\/radcaen.fr\/wp-content\/uploads\/2021\/12\/lecoindeslgbt.jpg 720w, https:\/\/radcaen.fr\/wp-content\/uploads\/2021\/12\/lecoindeslgbt-300x300.jpg 300w, https:\/\/radcaen.fr\/wp-content\/uploads\/2021\/12\/lecoindeslgbt-150x150.jpg 150w, https:\/\/radcaen.fr\/wp-content\/uploads\/2021\/12\/lecoindeslgbt-450x450.jpg 450w, https:\/\/radcaen.fr\/wp-content\/uploads\/2021\/12\/lecoindeslgbt-600x599.jpg 600w, https:\/\/radcaen.fr\/wp-content\/uploads\/2021\/12\/lecoindeslgbt-100x100.jpg 100w\" sizes=\"(max-width: 720px) 100vw, 720px\" \/><\/figure><\/li><li class=\"wp-block-jetpack-slideshow_slide swiper-slide\"><figure><img loading=\"lazy\" decoding=\"async\" width=\"526\" height=\"162\" alt=\"Commentaire sous la publication de lecoindeslebt sur la journ\u00e9e du souvenir trans. Texte : &quot;Encore plus que les f\u00e9minicides, au moins le quadriple [emoji trise ; coeur ; flamme]\" class=\"wp-block-jetpack-slideshow_image wp-image-2697\" data-id=\"2697\" src=\"https:\/\/radcaen.fr\/wp-content\/uploads\/2021\/12\/lecoindeslgbt-commentaire.jpg\" srcset=\"https:\/\/radcaen.fr\/wp-content\/uploads\/2021\/12\/lecoindeslgbt-commentaire.jpg 526w, https:\/\/radcaen.fr\/wp-content\/uploads\/2021\/12\/lecoindeslgbt-commentaire-300x92.jpg 300w\" sizes=\"(max-width: 526px) 100vw, 526px\" \/><figcaption class=\"wp-block-jetpack-slideshow_caption gallery-caption\">Commentaire sous la publication, d&rsquo;une personne qui pense que les 375 meurtres sont en France.<\/figcaption><\/figure><\/li><\/ul><a class=\"wp-block-jetpack-slideshow_button-prev swiper-button-prev swiper-button-white\" role=\"button\"><\/a><a class=\"wp-block-jetpack-slideshow_button-next swiper-button-next swiper-button-white\" role=\"button\"><\/a><a aria-label=\"Pause Slideshow\" class=\"wp-block-jetpack-slideshow_button-pause\" role=\"button\"><\/a><div class=\"wp-block-jetpack-slideshow_pagination swiper-pagination swiper-pagination-white\"><\/div><\/div><\/div>\n\n\n\n<p>Certaines publications utilisaient des formulations ambigu\u00ebs pour pousser l&rsquo;opinion dans un sens, comme la publication de @morgan.noam qui affirme que \u00ab\u00a0les crimes transphobes ont augment\u00e9 de plus de 7%\u00a0\u00bb. Le chiffre est correcte, mais ce sont les meurtres qui ont augment\u00e9, pas les \u00ab\u00a0crimes transphobes\u00a0\u00bb, et l&rsquo;augmentation est de 7%, pas \u00ab\u00a0plus de 7%\u00a0\u00bb. Cela laisse penser que la haine anti-trans partout dans le monde est en augmentation. C&rsquo;est peut-\u00eatre le cas, mais actuellement aucune \u00e9tude ne permet de le v\u00e9rifier, c&rsquo;est une utilisation malhonn\u00eate des chiffres avanc\u00e9s par Transrespect vs Transphobia.<\/p>\n\n\n\n<div class=\"wp-block-image\"><figure class=\"aligncenter size-full is-resized\"><img loading=\"lazy\" decoding=\"async\" data-attachment-id=\"2702\" data-permalink=\"https:\/\/radcaen.fr\/morgannoam-3\/\" data-orig-file=\"https:\/\/radcaen.fr\/wp-content\/uploads\/2021\/12\/Morgannoam-3.jpg\" data-orig-size=\"720,897\" data-comments-opened=\"1\" data-image-meta=\"{&quot;aperture&quot;:&quot;0&quot;,&quot;credit&quot;:&quot;&quot;,&quot;camera&quot;:&quot;&quot;,&quot;caption&quot;:&quot;&quot;,&quot;created_timestamp&quot;:&quot;0&quot;,&quot;copyright&quot;:&quot;&quot;,&quot;focal_length&quot;:&quot;0&quot;,&quot;iso&quot;:&quot;0&quot;,&quot;shutter_speed&quot;:&quot;0&quot;,&quot;title&quot;:&quot;&quot;,&quot;orientation&quot;:&quot;1&quot;}\" data-image-title=\"Morgannoam 3\" data-image-description=\"&lt;p&gt;Publication de morgan.noam sur Instagram. Fond flou et color\u00e9 en bleu et rose. Le texte est noir ou violet.&lt;br \/&gt;\n\u00ab\u00a0TDOR 2021\u00a0\u00bb est \u00e9crit en gros et en violet en haut de la publication.&lt;br \/&gt;\nTexte : \u00ab\u00a0Cette ann\u00e9e, les crimes transphobes ont augment\u00e9 de plus de 7%. Ce pourcentage est en constante croissance depuis 2017.&lt;br \/&gt;\nCompter nos mort\u00b7es, pour honorer celleux qui nous ont quitt\u00e9 et trouver la force de nous battre pour celleux qui restent.&lt;br \/&gt;\nCompter nos mort\u00b7es, pour ne pas oublier. Car un pass\u00e9 qui s&amp;rsquo;oublie est un pass\u00e9 qui se r\u00e9p\u00e8te. Et il est grand temps de mettre fin \u00e0 cette infernale spirale.&lt;br \/&gt;\nNous ne souffrons pas d&amp;rsquo;\u00eatre trans, nous souffrons du regard port\u00e9 sur les transidentit\u00e9s. Nous ne sommes pas coinc\u00e9\u00b7es dans le mauvais corps, mais pi\u00e9g\u00e9\u00b7es dans la mani\u00e8re \u00e9troite que la soci\u00e9t\u00e9 a de percevoir nos corps, toujours plus sexualis\u00e9s, toujours plus (m\u00e9)genr\u00e9s.&lt;br \/&gt;\nEt cela nous tue.\u00a0\u00bb&lt;br \/&gt;\nLa derni\u00e8re phrase est soulign\u00e9e.&lt;\/p&gt;\n\" data-image-caption=\"\" data-medium-file=\"https:\/\/radcaen.fr\/wp-content\/uploads\/2021\/12\/Morgannoam-3-241x300.jpg\" data-large-file=\"https:\/\/radcaen.fr\/wp-content\/uploads\/2021\/12\/Morgannoam-3.jpg\" src=\"https:\/\/radcaen.fr\/wp-content\/uploads\/2021\/12\/Morgannoam-3.jpg\" alt=\"Publication de morgan.noam sur Instagram. Fond flou et color\u00e9 en bleu et rose. Le texte est noir ou violet. &quot;TDOR 2021&quot; est \u00e9crit en gros et en violet en haut de la publication. Texte : &quot;Cette ann\u00e9e, les crimes transphobes ont augment\u00e9 de plus de 7%. Ce pourcentage est en constante croissance depuis 2017. Compter nos mort\u00b7es, pour honorer celleux qui nous ont quitt\u00e9 et trouver la force de nous battre pour celleux qui restent. Compter nos mort\u00b7es, pour ne pas oublier. Car un pass\u00e9 qui s'oublie est un pass\u00e9 qui se r\u00e9p\u00e8te. Et il est grand temps de mettre fin \u00e0 cette infernale spirale. Nous ne souffrons pas d'\u00eatre trans, nous souffrons du regard port\u00e9 sur les transidentit\u00e9s. Nous ne sommes pas coinc\u00e9\u00b7es dans le mauvais corps, mais pi\u00e9g\u00e9\u00b7es dans la mani\u00e8re \u00e9troite que la soci\u00e9t\u00e9 a de percevoir nos corps, toujours plus sexualis\u00e9s, toujours plus (m\u00e9)genr\u00e9s. Et cela nous tue.&quot; La derni\u00e8re phrase est soulign\u00e9e.\" class=\"wp-image-2702\" width=\"540\" height=\"673\" srcset=\"https:\/\/radcaen.fr\/wp-content\/uploads\/2021\/12\/Morgannoam-3.jpg 720w, https:\/\/radcaen.fr\/wp-content\/uploads\/2021\/12\/Morgannoam-3-241x300.jpg 241w, https:\/\/radcaen.fr\/wp-content\/uploads\/2021\/12\/Morgannoam-3-600x748.jpg 600w\" sizes=\"auto, (max-width: 540px) 100vw, 540px\" \/><\/figure><\/div>\n\n\n\n<p>Syst\u00e9matiquement, les publications mettaient dans la m\u00eame cat\u00e9gorie les 3 victimes de meurtres et les 5 personnes qui se sont suicid\u00e9es, le plus souvent sans faire la diff\u00e9rence. Or, ces deux types de donn\u00e9es sont incomparables. Si le taux de suicide peut effectivement avoir son importance pour alerter sur la sant\u00e9 mentale des personnes trans, un suicide n&rsquo;est pas un meurtre. Les deux sont pourtant syst\u00e9matiquement compar\u00e9s. J&rsquo;ai remarqu\u00e9 que les suicides sont consid\u00e9r\u00e9s comme des meurtres perp\u00e9tr\u00e9s par la soci\u00e9t\u00e9, l\u2019\u00c9tat, ou les Terfs, au choix. Ces chiffres sont mis \u00e0 c\u00f4t\u00e9 de la valeur de 375 meurtre sur l&rsquo;ann\u00e9e, alors que les deux chiffres n&rsquo;ont pas la m\u00eame source (<a href=\"https:\/\/transrespect.org\/en\/tmm-update-tdor-2021\/\" target=\"_blank\" rel=\"noreferrer noopener\">TMM<\/a><sup>[12]<\/sup> pour le premier, <a href=\"https:\/\/tdor.translivesmatter.info\/reports\" target=\"_blank\" rel=\"noreferrer noopener\">TLM<\/a><sup>[13]<\/sup> pour le deuxi\u00e8me).<\/p>\n\n\n\n<div class=\"wp-block-jetpack-slideshow aligncenter\" data-effect=\"slide\"><div class=\"wp-block-jetpack-slideshow_container swiper-container\"><ul class=\"wp-block-jetpack-slideshow_swiper-wrapper swiper-wrapper\"><li class=\"wp-block-jetpack-slideshow_slide swiper-slide\"><figure><img loading=\"lazy\" decoding=\"async\" width=\"720\" height=\"719\" alt=\"Publication de period.studio sur Instagram. Visuel carr\u00e9 avec un fond rose p\u00e2le. Le texte est surplomb\u00e9 d'un \u00e9moji en col\u00e8re. &quot;Selon le projet &quot;Trans Murder Monitoring&quot; on estime que durant l'ann\u00e9e 2020 : Pr\u00e8s de 350 personnes transgenres ont \u00e9t\u00e9 assassin\u00e9es dans le monde en raison de leur transidentit\u00e9.&quot; La premi\u00e8re partie du texte est en jaune surlign\u00e9 bleu. Le deuxi\u00e8me partie est bleue avec certaines parties mises en \u00e9vidence : &quot;350 personnes transgenres&quot; &quot;assassin\u00e9es&quot; &quot;leur transidentit\u00e9&quot;. Une fl\u00e8che pointe vers la droite en bas du visuel.\" class=\"wp-block-jetpack-slideshow_image wp-image-2704\" data-id=\"2704\" src=\"https:\/\/radcaen.fr\/wp-content\/uploads\/2021\/12\/Period-studio-3.jpg\" srcset=\"https:\/\/radcaen.fr\/wp-content\/uploads\/2021\/12\/Period-studio-3.jpg 720w, https:\/\/radcaen.fr\/wp-content\/uploads\/2021\/12\/Period-studio-3-300x300.jpg 300w, https:\/\/radcaen.fr\/wp-content\/uploads\/2021\/12\/Period-studio-3-150x150.jpg 150w, https:\/\/radcaen.fr\/wp-content\/uploads\/2021\/12\/Period-studio-3-450x450.jpg 450w, https:\/\/radcaen.fr\/wp-content\/uploads\/2021\/12\/Period-studio-3-600x599.jpg 600w, https:\/\/radcaen.fr\/wp-content\/uploads\/2021\/12\/Period-studio-3-100x100.jpg 100w\" sizes=\"(max-width: 720px) 100vw, 720px\" \/><\/figure><\/li><li class=\"wp-block-jetpack-slideshow_slide swiper-slide\"><figure><img loading=\"lazy\" decoding=\"async\" width=\"720\" height=\"719\" alt=\"Publication de period.studio sur Instagram. Visuel carr\u00e9 avec un fond blanc. Le texte est bleu et un \u00e9moji de bougie est plac\u00e9 en bas \u00e0 droite. &quot;Cette ann\u00e9e en France, nous rendons hommage \u00e0 : Avril (Luna), Nicolas, Paula Migeon, Ambre Audrey Istier, Tristan Fr\u00e9mont, Ivanna Macedo Silva, Sasha Samuel Boutry&quot;\" class=\"wp-block-jetpack-slideshow_image wp-image-2706\" data-id=\"2706\" src=\"https:\/\/radcaen.fr\/wp-content\/uploads\/2021\/12\/Period-studio-5.jpg\" srcset=\"https:\/\/radcaen.fr\/wp-content\/uploads\/2021\/12\/Period-studio-5.jpg 720w, https:\/\/radcaen.fr\/wp-content\/uploads\/2021\/12\/Period-studio-5-300x300.jpg 300w, https:\/\/radcaen.fr\/wp-content\/uploads\/2021\/12\/Period-studio-5-150x150.jpg 150w, https:\/\/radcaen.fr\/wp-content\/uploads\/2021\/12\/Period-studio-5-450x450.jpg 450w, https:\/\/radcaen.fr\/wp-content\/uploads\/2021\/12\/Period-studio-5-600x599.jpg 600w, https:\/\/radcaen.fr\/wp-content\/uploads\/2021\/12\/Period-studio-5-100x100.jpg 100w\" sizes=\"(max-width: 720px) 100vw, 720px\" \/><\/figure><\/li><li class=\"wp-block-jetpack-slideshow_slide swiper-slide\"><figure><img loading=\"lazy\" decoding=\"async\" width=\"720\" height=\"718\" alt=\"Publication de mauvaisgenres_edl sur Instagram. Fond vert et texte blanc. Texte : &quot;Le 20 novembre est la Journ\u00e9e Internationale du Souvenir Trans (TDOR) en m\u00e9moire des victimes de transphobie en raison de leur identit\u00e9 de genre et\/ou expression de genre. Elle a lieu le 20 novembre de chaque ann\u00e9e en honneur \u00e0 Rita Hester, tu\u00e9e le 28 novembre 1998 \u00e0 Allston dans le Massachusetts. La TDOR est instaur\u00e9e en 1999 par Gwendolyn Ann Smith, une graphiste, \u00e9ditorialiste et militante trans.&quot;\" class=\"wp-block-jetpack-slideshow_image wp-image-2698\" data-id=\"2698\" src=\"https:\/\/radcaen.fr\/wp-content\/uploads\/2021\/12\/Mauvaisgenres_edl-1.jpg\" srcset=\"https:\/\/radcaen.fr\/wp-content\/uploads\/2021\/12\/Mauvaisgenres_edl-1.jpg 720w, https:\/\/radcaen.fr\/wp-content\/uploads\/2021\/12\/Mauvaisgenres_edl-1-300x300.jpg 300w, https:\/\/radcaen.fr\/wp-content\/uploads\/2021\/12\/Mauvaisgenres_edl-1-150x150.jpg 150w, https:\/\/radcaen.fr\/wp-content\/uploads\/2021\/12\/Mauvaisgenres_edl-1-450x450.jpg 450w, https:\/\/radcaen.fr\/wp-content\/uploads\/2021\/12\/Mauvaisgenres_edl-1-600x598.jpg 600w, https:\/\/radcaen.fr\/wp-content\/uploads\/2021\/12\/Mauvaisgenres_edl-1-100x100.jpg 100w\" sizes=\"(max-width: 720px) 100vw, 720px\" \/><\/figure><\/li><li class=\"wp-block-jetpack-slideshow_slide swiper-slide\"><figure><img loading=\"lazy\" decoding=\"async\" width=\"720\" height=\"718\" alt=\"Publication de mauvaisgenres_edl sur Instagram. Fond vert et texte blanc. Texte : &quot;Voici les noms des 8 victimes de transphobie authentifi\u00e9es cette ann\u00e9e en France. Luna et Mathilde (2020). Nicolas au Havre (Seine-Maritime). Paula Migeons \u00e0 Reims (Marne). Ambre Audrey Istier \u00e0 Montalieu-Vercieu (Is\u00e8re). Tristan Fr\u00e9mont \u00e0 Saint-Xandre (Charente Maritime). Sasha Chiron \u00e0 Paris 10\u00e8me. Ivanna Macedo Silva \u00e0 Courbevoie (Hauts-De-Seine).&quot; Les noms sont en gras.\" class=\"wp-block-jetpack-slideshow_image wp-image-2699\" data-id=\"2699\" src=\"https:\/\/radcaen.fr\/wp-content\/uploads\/2021\/12\/Mauvaisgenres_edl-2.jpg\" srcset=\"https:\/\/radcaen.fr\/wp-content\/uploads\/2021\/12\/Mauvaisgenres_edl-2.jpg 720w, https:\/\/radcaen.fr\/wp-content\/uploads\/2021\/12\/Mauvaisgenres_edl-2-300x300.jpg 300w, https:\/\/radcaen.fr\/wp-content\/uploads\/2021\/12\/Mauvaisgenres_edl-2-150x150.jpg 150w, https:\/\/radcaen.fr\/wp-content\/uploads\/2021\/12\/Mauvaisgenres_edl-2-450x450.jpg 450w, https:\/\/radcaen.fr\/wp-content\/uploads\/2021\/12\/Mauvaisgenres_edl-2-600x598.jpg 600w, https:\/\/radcaen.fr\/wp-content\/uploads\/2021\/12\/Mauvaisgenres_edl-2-100x100.jpg 100w\" sizes=\"(max-width: 720px) 100vw, 720px\" \/><\/figure><\/li><\/ul><a class=\"wp-block-jetpack-slideshow_button-prev swiper-button-prev swiper-button-white\" role=\"button\"><\/a><a class=\"wp-block-jetpack-slideshow_button-next swiper-button-next swiper-button-white\" role=\"button\"><\/a><a aria-label=\"Pause Slideshow\" class=\"wp-block-jetpack-slideshow_button-pause\" role=\"button\"><\/a><div class=\"wp-block-jetpack-slideshow_pagination swiper-pagination swiper-pagination-white\"><\/div><\/div><\/div>\n\n\n\n<p>Un autre \u00e9cueil fr\u00e9quent est l&rsquo;utilisation de termes comme \u00ab\u00a0assassin\u00e9es\u00a0\u00bb ou \u00ab\u00a0victimes de transphobie\u00a0\u00bb pour parler des victimes de meurtre. Ces deux expressions renvoient au motif du meurtre, qui est une information qui manque presque syst\u00e9matiquement dans les rapports. En France, il n&rsquo;y a pas eu de cas rapport\u00e9 d&rsquo;assassinat (qui est un meurtre pr\u00e9m\u00e9dit\u00e9) ou de meurtre revendiqu\u00e9 comme ayant un motif anti-trans. Affirmer que ces meurtres sont dus \u00e0 de la transphobie, c&rsquo;est entrer sur un territoire glissant, car il n&rsquo;y a aucune preuve que ce soit le cas, pas en France et pas cette ann\u00e9e en tout cas. Et pour autant, c&rsquo;est ce qui est syst\u00e9matiquement affirm\u00e9.<\/p>\n\n\n\n<div class=\"wp-block-jetpack-slideshow aligncenter\" data-effect=\"slide\"><div class=\"wp-block-jetpack-slideshow_container swiper-container\"><ul class=\"wp-block-jetpack-slideshow_swiper-wrapper swiper-wrapper\"><li class=\"wp-block-jetpack-slideshow_slide swiper-slide\"><figure><img loading=\"lazy\" decoding=\"async\" width=\"720\" height=\"719\" alt=\"\" class=\"wp-block-jetpack-slideshow_image wp-image-2716\" data-id=\"2716\" src=\"https:\/\/radcaen.fr\/wp-content\/uploads\/2021\/12\/Period-studio-2-1.jpg\" srcset=\"https:\/\/radcaen.fr\/wp-content\/uploads\/2021\/12\/Period-studio-2-1.jpg 720w, https:\/\/radcaen.fr\/wp-content\/uploads\/2021\/12\/Period-studio-2-1-300x300.jpg 300w, https:\/\/radcaen.fr\/wp-content\/uploads\/2021\/12\/Period-studio-2-1-150x150.jpg 150w, https:\/\/radcaen.fr\/wp-content\/uploads\/2021\/12\/Period-studio-2-1-450x450.jpg 450w, https:\/\/radcaen.fr\/wp-content\/uploads\/2021\/12\/Period-studio-2-1-600x599.jpg 600w, https:\/\/radcaen.fr\/wp-content\/uploads\/2021\/12\/Period-studio-2-1-100x100.jpg 100w\" sizes=\"(max-width: 720px) 100vw, 720px\" \/><\/figure><\/li><li class=\"wp-block-jetpack-slideshow_slide swiper-slide\"><figure><img loading=\"lazy\" decoding=\"async\" width=\"720\" height=\"719\" alt=\"Publication de period.studio sur Instagram. Visuel carr\u00e9 avec un fond rose p\u00e2le. Le texte est surplomb\u00e9 d'un \u00e9moji en col\u00e8re. &quot;Selon le projet &quot;Trans Murder Monitoring&quot; on estime que durant l'ann\u00e9e 2020 : Pr\u00e8s de 350 personnes transgenres ont \u00e9t\u00e9 assassin\u00e9es dans le monde en raison de leur transidentit\u00e9.&quot; La premi\u00e8re partie du texte est en jaune surlign\u00e9 bleu. Le deuxi\u00e8me partie est bleue avec certaines parties mises en \u00e9vidence : &quot;350 personnes transgenres&quot; &quot;assassin\u00e9es&quot; &quot;leur transidentit\u00e9&quot;. Une fl\u00e8che pointe vers la droite en bas du visuel.\" class=\"wp-block-jetpack-slideshow_image wp-image-2704\" data-id=\"2704\" src=\"https:\/\/radcaen.fr\/wp-content\/uploads\/2021\/12\/Period-studio-3.jpg\" srcset=\"https:\/\/radcaen.fr\/wp-content\/uploads\/2021\/12\/Period-studio-3.jpg 720w, https:\/\/radcaen.fr\/wp-content\/uploads\/2021\/12\/Period-studio-3-300x300.jpg 300w, https:\/\/radcaen.fr\/wp-content\/uploads\/2021\/12\/Period-studio-3-150x150.jpg 150w, https:\/\/radcaen.fr\/wp-content\/uploads\/2021\/12\/Period-studio-3-450x450.jpg 450w, https:\/\/radcaen.fr\/wp-content\/uploads\/2021\/12\/Period-studio-3-600x599.jpg 600w, https:\/\/radcaen.fr\/wp-content\/uploads\/2021\/12\/Period-studio-3-100x100.jpg 100w\" sizes=\"(max-width: 720px) 100vw, 720px\" \/><\/figure><\/li><li class=\"wp-block-jetpack-slideshow_slide swiper-slide\"><figure><img loading=\"lazy\" decoding=\"async\" width=\"720\" height=\"718\" alt=\"Publication de mauvaisgenres_edl sur Instagram. Fond vert et texte blanc. Texte : &quot;Voici les noms des 8 victimes de transphobie authentifi\u00e9es cette ann\u00e9e en France. Luna et Mathilde (2020). Nicolas au Havre (Seine-Maritime). Paula Migeons \u00e0 Reims (Marne). Ambre Audrey Istier \u00e0 Montalieu-Vercieu (Is\u00e8re). Tristan Fr\u00e9mont \u00e0 Saint-Xandre (Charente Maritime). Sasha Chiron \u00e0 Paris 10\u00e8me. Ivanna Macedo Silva \u00e0 Courbevoie (Hauts-De-Seine).&quot; Les noms sont en gras.\" class=\"wp-block-jetpack-slideshow_image wp-image-2699\" data-id=\"2699\" src=\"https:\/\/radcaen.fr\/wp-content\/uploads\/2021\/12\/Mauvaisgenres_edl-2.jpg\" srcset=\"https:\/\/radcaen.fr\/wp-content\/uploads\/2021\/12\/Mauvaisgenres_edl-2.jpg 720w, https:\/\/radcaen.fr\/wp-content\/uploads\/2021\/12\/Mauvaisgenres_edl-2-300x300.jpg 300w, https:\/\/radcaen.fr\/wp-content\/uploads\/2021\/12\/Mauvaisgenres_edl-2-150x150.jpg 150w, https:\/\/radcaen.fr\/wp-content\/uploads\/2021\/12\/Mauvaisgenres_edl-2-450x450.jpg 450w, https:\/\/radcaen.fr\/wp-content\/uploads\/2021\/12\/Mauvaisgenres_edl-2-600x598.jpg 600w, https:\/\/radcaen.fr\/wp-content\/uploads\/2021\/12\/Mauvaisgenres_edl-2-100x100.jpg 100w\" sizes=\"(max-width: 720px) 100vw, 720px\" \/><\/figure><\/li><li class=\"wp-block-jetpack-slideshow_slide swiper-slide\"><figure><img loading=\"lazy\" decoding=\"async\" width=\"720\" height=\"718\" alt=\"Publication Instagram de Act Up-Paris &amp; Le Flirt. Visuel carr\u00e9, fond noir et texte blanc. Les logos d'Act Up et du Flirt sont visibles en haut de la publication. Le texte &quot;T-DOR&quot; est \u00e9crit entre les deux logos en rose. Le texte &quot;Samedi 20 Novembre 14h30 Gare du Nord Marche comm\u00e9morative et revendicative&quot; est \u00e9crit en petit.&quot; Trans : L'\u00e9tat nous assassine&quot; est \u00e9crit en grandes lettres capitales et brillantes au centre du visuel. Le texte&quot;Parcours : Parvis devant Gare du Nord jusqu'\u00e0 Place Saint-Gervais pour rejoindre le rassemblement d'Acceptess-T&quot; est \u00e9crit tout en bas, en petit.\" class=\"wp-block-jetpack-slideshow_image wp-image-2694\" data-id=\"2694\" src=\"https:\/\/radcaen.fr\/wp-content\/uploads\/2021\/12\/Actup-et-flirt.jpg\" srcset=\"https:\/\/radcaen.fr\/wp-content\/uploads\/2021\/12\/Actup-et-flirt.jpg 720w, https:\/\/radcaen.fr\/wp-content\/uploads\/2021\/12\/Actup-et-flirt-300x300.jpg 300w, https:\/\/radcaen.fr\/wp-content\/uploads\/2021\/12\/Actup-et-flirt-150x150.jpg 150w, https:\/\/radcaen.fr\/wp-content\/uploads\/2021\/12\/Actup-et-flirt-450x450.jpg 450w, https:\/\/radcaen.fr\/wp-content\/uploads\/2021\/12\/Actup-et-flirt-600x598.jpg 600w, https:\/\/radcaen.fr\/wp-content\/uploads\/2021\/12\/Actup-et-flirt-100x100.jpg 100w\" sizes=\"(max-width: 720px) 100vw, 720px\" \/><\/figure><\/li><li class=\"wp-block-jetpack-slideshow_slide swiper-slide\"><figure><img loading=\"lazy\" decoding=\"async\" width=\"720\" height=\"719\" alt=\"\" class=\"wp-block-jetpack-slideshow_image wp-image-2696\" data-id=\"2696\" src=\"https:\/\/radcaen.fr\/wp-content\/uploads\/2021\/12\/lecoindeslgbt.jpg\" srcset=\"https:\/\/radcaen.fr\/wp-content\/uploads\/2021\/12\/lecoindeslgbt.jpg 720w, https:\/\/radcaen.fr\/wp-content\/uploads\/2021\/12\/lecoindeslgbt-300x300.jpg 300w, https:\/\/radcaen.fr\/wp-content\/uploads\/2021\/12\/lecoindeslgbt-150x150.jpg 150w, https:\/\/radcaen.fr\/wp-content\/uploads\/2021\/12\/lecoindeslgbt-450x450.jpg 450w, https:\/\/radcaen.fr\/wp-content\/uploads\/2021\/12\/lecoindeslgbt-600x599.jpg 600w, https:\/\/radcaen.fr\/wp-content\/uploads\/2021\/12\/lecoindeslgbt-100x100.jpg 100w\" sizes=\"(max-width: 720px) 100vw, 720px\" \/><\/figure><\/li><\/ul><a class=\"wp-block-jetpack-slideshow_button-prev swiper-button-prev swiper-button-white\" role=\"button\"><\/a><a class=\"wp-block-jetpack-slideshow_button-next swiper-button-next swiper-button-white\" role=\"button\"><\/a><a aria-label=\"Pause Slideshow\" class=\"wp-block-jetpack-slideshow_button-pause\" role=\"button\"><\/a><div class=\"wp-block-jetpack-slideshow_pagination swiper-pagination swiper-pagination-white\"><\/div><\/div><\/div>\n\n\n\n<p>Et c&rsquo;est qu&rsquo;\u00e0 mes yeux, on sort de la comm\u00e9moration et des revendications contre les violences pour entrer dans la d\u00e9sinformation pure et simple. Certaines de ces publications se sont clairement repos\u00e9es sur des informations publi\u00e9es par d&rsquo;autres, sans v\u00e9rifier les sources. Mais c&rsquo;est comme \u00e7a que les fake news se r\u00e9pandent, et qu&rsquo;un sentiment d&rsquo;ins\u00e9curit\u00e9 et de danger s&rsquo;entretient chez les personnes trans.<\/p>\n\n\n\n<p>Pour \u00eatre claire, il arrive effectivement que des personnes trans, le plus souvent des hommes trans-identifi\u00e9s, soient tu\u00e9es en raison de leur identit\u00e9 trans. Mais ces meurtres sont heureusement rares.<mark class=\"annotation-text annotation-text-yoast\" id=\"annotation-text-25ebaa4a-df6d-4ae9-aab4-28b8dd4e5787\"><\/mark> C&rsquo;est le cas de certains des meurtres enregistr\u00e9s aux \u00c9tats-Unis. En revanche, en France, on n&rsquo;a pas de donn\u00e9es sur de telles motivations, et si c&rsquo;\u00e9tait explicitement le cas je pense que les associations trans en parleraient \u00e9norm\u00e9ment, et \u00e0 raison.<\/p>\n\n\n\n<h2 class=\"wp-block-heading\">Appropriation des meurtres<\/h2>\n\n\n\n<p>Le point que je voulais absolument aborder dans cet article, c&rsquo;est l&rsquo;appropriation de ces meurtres \u00e0 des fins politiques. Car \u00e9num\u00e9rer toutes ces personnes mortes, au-del\u00e0 du devoir de m\u00e9moire, sert un but : pr\u00e9senter la communaut\u00e9 trans comme vuln\u00e9rable et dans l&rsquo;urgence. Ceci ayant pour objectif de pousser des d\u00e9cisions politiques au nom de la s\u00e9curit\u00e9 des personnes trans.<\/p>\n\n\n\n<p>Je n&rsquo;aurai rien contre \u00e7a si, premi\u00e8rement, les personnes trans \u00e9taient v\u00e9ritablement en danger \u00e0 cause de leur identit\u00e9 trans et, deuxi\u00e8mement, si leurs \u00ab\u00a0droits\u00a0\u00bb n&rsquo;entraient pas en conflit directes avec ceux des femmes et des enfants. Ainsi, un des arguments pr\u00e9sent\u00e9s pour autoriser les hommes trans-identifi\u00e9s \u00e0 \u00eatre transf\u00e9r\u00e9s en prison de femme est qu&rsquo;ils seraient en danger dans les prisons d&rsquo;hommes. Le m\u00eame argument est utilis\u00e9 pour tous les lieux o\u00f9 les femmes sont vuln\u00e9rables : toilettes, vestiaires.<\/p>\n\n\n\n<p>Seulement, comme le rappelle tr\u00e8s TvT dans son rapport chaque ann\u00e9e, une majorit\u00e9 des personnes trans tu\u00e9es sont pr\u00e9caires, noires, prostitu\u00e9es, et m\u00e2les. Tous ces \u00e9l\u00e9ments jouent un r\u00f4le dans les meurtres, puisque par exemple les hommes sont plus victimes de meurtre que les femmes en moyenne. Et les personnes prostitu\u00e9es sont plus susceptibles de se faire tuer que la population g\u00e9n\u00e9rale. De m\u00eame pour les personnes pr\u00e9caires. La d\u00e9mographie trans est donc coh\u00e9rente avec le reste de la population de ce point de vue.<\/p>\n\n\n\n<p>Un homme trans-identifi\u00e9 avait parl\u00e9 de ce probl\u00e8me en 2015 dans un article intitul\u00e9 \u00ab\u00a0<a href=\"https:\/\/web.archive.org\/web\/20200805134914\/http:\/\/www.lifeisgoodmakeitbetter.com\/2015\/03\/the-appropriation-of-black-and-hispanic.html\" target=\"_blank\" rel=\"noreferrer noopener\">L&rsquo;appropriation des meurtres de femmes trans et hispaniques par des femmes trans blanches et des opportunistes politiques<\/a><sup>[14]<\/sup>\u00ab\u00a0. Dans cet article, il explique penser que ce n&rsquo;est pas la transphobie qui tue la majorit\u00e9 des personnes trans mais le racisme, le classisme et la misogynie. Et qu&rsquo;en se concentrant uniquement sur la transphobie, les associations trans effacent les probl\u00e8mes urgents de la population trans qui se fait tuer.<\/p>\n\n\n\n<p>En France, les personnes trans qui se font tuer sont des hommes qui s&rsquo;identifient comme des femmes, et beaucoup se prostituent. Cette d\u00e9mographie est \u00e0 garder \u00e0 l&rsquo;esprit lorsqu&rsquo;on discute la victimisation de personnes trans qui sont d&rsquo;une d\u00e9mographie totalement diff\u00e9rente.<\/p>\n\n\n\n<p>A l&rsquo;heure actuelle, comme \u00e9crit dans le rapport 2021 du Trans Murder Monitoring, les personnes trans les plus \u00e0 risque d&rsquo;\u00eatre tu\u00e9es sont des hommes, noirs et prostitu\u00e9s. Transrespect vs Transphobia ne r\u00e9colte pas de donn\u00e9es sur l&rsquo;orientation sexuelle des personnes tu\u00e9es, mais sachant que les hommes gays sont particuli\u00e8rement victimes d&rsquo;agressions physiques, cela joue sans doute aussi un r\u00f4le.<\/p>\n\n\n\n<p>Encore une fois, je ne peux tirer de conclusions que sur les donn\u00e9es que je poss\u00e8de. J&rsquo;aimerai juste que les associations trans fassent de m\u00eame, au lieu d&rsquo;inventer des motifs de meurtres et de compter les suicides comme des assassinats transphobes.<\/p>\n\n\n\n<h2 class=\"wp-block-heading\">Parenth\u00e8se sur la date du TDoR<\/h2>\n\n\n\n<p>Je me dois de parler quelques instants de la date de la Journ\u00e9e Internationale du Souvenir Trans. Je dois en parler parce que cette ann\u00e9e, Nous Toutes a d\u00e9cid\u00e9 d&rsquo;organiser la marche contre les violences faites aux femmes le 20 Novembre, qui est aussi la date du TDoR. Malgr\u00e9 tous les efforts de Nous Toutes pour int\u00e9grer les personnes trans \u00e0 la marche, de nombreuses personnes trans et associations ont d\u00e9nonc\u00e9 leur choix de date comme \u00e9tant transphobe.<\/p>\n\n\n\n<p>Lors de la marche, des activistes ont tagg\u00e9 les murs pour d\u00e9nigrer Nous Toutes, les accuser d&rsquo;invisibiliser les personnes trans, jusqu&rsquo;\u00e0 les insulter et traiter de Terfs. L\u00e0 o\u00f9 je trouve \u00e7a particuli\u00e8rement ironique, c&rsquo;est que le 20 Novembre est \u00e9galement la journ\u00e9e internationale des droits des enfants, et ce depuis 1989, soit 10 ans avant que la TDoR soit instaur\u00e9e. Et c&rsquo;est pour cette raison que Caroline de Haas avait d\u00e9cid\u00e9 de faire la marche le 20 Novembre.<\/p>\n\n\n\n<div class=\"wp-block-jetpack-slideshow aligncenter\" data-effect=\"slide\"><div class=\"wp-block-jetpack-slideshow_container swiper-container\"><ul class=\"wp-block-jetpack-slideshow_swiper-wrapper swiper-wrapper\"><li class=\"wp-block-jetpack-slideshow_slide swiper-slide\"><figure><img loading=\"lazy\" decoding=\"async\" width=\"711\" height=\"947\" alt=\"Une photographie d'un tag lors de la marche du 20 Novembre 2021. Texte : &quot;Nous toutes invisibilise la Journ\u00e9e du Souvenir Trans&quot;\" class=\"wp-block-jetpack-slideshow_image wp-image-2729\" data-id=\"2729\" src=\"https:\/\/radcaen.fr\/wp-content\/uploads\/2021\/12\/Tag-2.jpg\" srcset=\"https:\/\/radcaen.fr\/wp-content\/uploads\/2021\/12\/Tag-2.jpg 711w, https:\/\/radcaen.fr\/wp-content\/uploads\/2021\/12\/Tag-2-225x300.jpg 225w, https:\/\/radcaen.fr\/wp-content\/uploads\/2021\/12\/Tag-2-600x799.jpg 600w\" sizes=\"(max-width: 711px) 100vw, 711px\" \/><\/figure><\/li><li class=\"wp-block-jetpack-slideshow_slide swiper-slide\"><figure><img loading=\"lazy\" decoding=\"async\" width=\"705\" height=\"939\" alt=\"Une photographie d'un tag lors de la marche du 20 Novembre 2021. Texte : &quot;#Nous Toutes impose son calendrier, Souvenir Trans invisibilis\u00e9&quot;\" class=\"wp-block-jetpack-slideshow_image wp-image-2730\" data-id=\"2730\" src=\"https:\/\/radcaen.fr\/wp-content\/uploads\/2021\/12\/Tag-4.jpg\" srcset=\"https:\/\/radcaen.fr\/wp-content\/uploads\/2021\/12\/Tag-4.jpg 705w, https:\/\/radcaen.fr\/wp-content\/uploads\/2021\/12\/Tag-4-225x300.jpg 225w, https:\/\/radcaen.fr\/wp-content\/uploads\/2021\/12\/Tag-4-600x799.jpg 600w\" sizes=\"(max-width: 705px) 100vw, 705px\" \/><\/figure><\/li><li class=\"wp-block-jetpack-slideshow_slide swiper-slide\"><figure><img loading=\"lazy\" decoding=\"async\" width=\"720\" height=\"908\" alt=\"Une photographie d'un tag lors de la marche du 20 Novembre 2021. Texte : &quot;Nous Toutes , TERF, mange tes morts&quot;\" class=\"wp-block-jetpack-slideshow_image wp-image-2736\" data-id=\"2736\" src=\"https:\/\/radcaen.fr\/wp-content\/uploads\/2021\/12\/Tag-1.jpg\" srcset=\"https:\/\/radcaen.fr\/wp-content\/uploads\/2021\/12\/Tag-1.jpg 720w, https:\/\/radcaen.fr\/wp-content\/uploads\/2021\/12\/Tag-1-238x300.jpg 238w, https:\/\/radcaen.fr\/wp-content\/uploads\/2021\/12\/Tag-1-600x757.jpg 600w\" sizes=\"(max-width: 720px) 100vw, 720px\" \/><\/figure><\/li><\/ul><a class=\"wp-block-jetpack-slideshow_button-prev swiper-button-prev swiper-button-white\" role=\"button\"><\/a><a class=\"wp-block-jetpack-slideshow_button-next swiper-button-next swiper-button-white\" role=\"button\"><\/a><a aria-label=\"Pause Slideshow\" class=\"wp-block-jetpack-slideshow_button-pause\" role=\"button\"><\/a><div class=\"wp-block-jetpack-slideshow_pagination swiper-pagination swiper-pagination-white\"><\/div><\/div><\/div>\n\n\n\n<h2 class=\"wp-block-heading\">Faire cesser les violences<\/h2>\n\n\n\n<p>J&rsquo;ai beau marteler que les personnes trans ne sont pas susceptibles d&rsquo;\u00eatre tu\u00e9es dans les proportions annonc\u00e9es par les organisations trans, reste que des personnes trans sont tu\u00e9es et que c&rsquo;est un probl\u00e8me, bien s\u00fbr. L\u00e0 o\u00f9 je suis encore en d\u00e9saccord avec les associations, c&rsquo;est sur la mani\u00e8re de traiter ce probl\u00e8me. Comme dit pr\u00e9c\u00e9demment, le facteur de risque pour une personne trans n&rsquo;est pas la trans-identit\u00e9 mais plut\u00f4t la pr\u00e9carit\u00e9, le racisme, et la prostitution.<\/p>\n\n\n\n<p>Or, si la pr\u00e9carit\u00e9 et le racisme ont l&rsquo;air d&rsquo;\u00eatre prise en compte au moins partiellement par les activistes, ce n&rsquo;est pas le cas de la prostitution. Bien au contraire, la prostitution est consid\u00e9r\u00e9e comme une lib\u00e9ration et un droit fondamental, y compris pour les personnes trans. Dans la r\u00e9alit\u00e9, beaucoup de personnes trans pr\u00e9caires se prostituent pour survivre, surtout les personnes migrantes en France. Comme le rappelle TvT, cette ann\u00e9e, plus de la moiti\u00e9 des personnes trans tu\u00e9es \u00e9taient prostitu\u00e9es. Et c&rsquo;\u00e9tait pareil l&rsquo;ann\u00e9e d&rsquo;avant.<\/p>\n\n\n\n<p>En France, les personnes trans tu\u00e9es sont r\u00e9guli\u00e8rement impliqu\u00e9es dans la prostitution, et sont souvent migrantes. Pourtant, on pouvait voir des tags contre l&rsquo;abolitionnisme \u00e0 la marche du 20 Novembre.<\/p>\n\n\n\n<div class=\"wp-block-jetpack-slideshow aligncenter\" data-effect=\"slide\"><div class=\"wp-block-jetpack-slideshow_container swiper-container\"><ul class=\"wp-block-jetpack-slideshow_swiper-wrapper swiper-wrapper\"><li class=\"wp-block-jetpack-slideshow_slide swiper-slide\"><figure><img loading=\"lazy\" decoding=\"async\" width=\"664\" height=\"884\" alt=\"Une photographie d'un tag lors de la marche du 20 Novembre 2021. Texte : &quot;Les abolos dehors !&quot;\" class=\"wp-block-jetpack-slideshow_image wp-image-2737\" data-id=\"2737\" src=\"https:\/\/radcaen.fr\/wp-content\/uploads\/2021\/12\/Tag-5.jpg\" srcset=\"https:\/\/radcaen.fr\/wp-content\/uploads\/2021\/12\/Tag-5.jpg 664w, https:\/\/radcaen.fr\/wp-content\/uploads\/2021\/12\/Tag-5-225x300.jpg 225w, https:\/\/radcaen.fr\/wp-content\/uploads\/2021\/12\/Tag-5-600x799.jpg 600w\" sizes=\"(max-width: 664px) 100vw, 664px\" \/><\/figure><\/li><li class=\"wp-block-jetpack-slideshow_slide swiper-slide\"><figure><img loading=\"lazy\" decoding=\"async\" width=\"685\" height=\"913\" alt=\"Une photographie d'un tag lors de la marche du 20 Novembre 2021. Texte : &quot;Putes et fi\u00e8r\u00b7es&quot; &quot;Abolos hors de nos luttes !&quot; &quot;R\u00e9volution f\u00e9ministe&quot;\" class=\"wp-block-jetpack-slideshow_image wp-image-2738\" data-id=\"2738\" src=\"https:\/\/radcaen.fr\/wp-content\/uploads\/2021\/12\/Tag-6.jpg\" srcset=\"https:\/\/radcaen.fr\/wp-content\/uploads\/2021\/12\/Tag-6.jpg 685w, https:\/\/radcaen.fr\/wp-content\/uploads\/2021\/12\/Tag-6-225x300.jpg 225w, https:\/\/radcaen.fr\/wp-content\/uploads\/2021\/12\/Tag-6-600x800.jpg 600w\" sizes=\"(max-width: 685px) 100vw, 685px\" \/><\/figure><\/li><\/ul><a class=\"wp-block-jetpack-slideshow_button-prev swiper-button-prev swiper-button-white\" role=\"button\"><\/a><a class=\"wp-block-jetpack-slideshow_button-next swiper-button-next swiper-button-white\" role=\"button\"><\/a><a aria-label=\"Pause Slideshow\" class=\"wp-block-jetpack-slideshow_button-pause\" role=\"button\"><\/a><div class=\"wp-block-jetpack-slideshow_pagination swiper-pagination swiper-pagination-white\"><\/div><\/div><\/div>\n\n\n\n<p>L&rsquo;autre erreur des associations, qui d&rsquo;ailleurs \u00e0 mes yeux n&rsquo;est pas du tout une erreur mais est totalement intentionnel, est de bl\u00e2mer les femmes et les f\u00e9ministes pour les meurtres. Les activistes trans et leurs alli\u00e9\u00b7es accusent r\u00e9guli\u00e8rement les \u00ab\u00a0Terfs\u00a0\u00bb d&rsquo;\u00eatre responsables des meurtres de personnes trans :<\/p>\n\n\n\n<div class=\"wp-block-jetpack-slideshow aligncenter\" data-effect=\"slide\"><div class=\"wp-block-jetpack-slideshow_container swiper-container\"><ul class=\"wp-block-jetpack-slideshow_swiper-wrapper swiper-wrapper\"><li class=\"wp-block-jetpack-slideshow_slide swiper-slide\"><figure><img loading=\"lazy\" decoding=\"async\" width=\"720\" height=\"687\" alt=\"Un tweet de JadeWhirl datant du 13 janvier 2021. Texte : &quot;Les terfs aux UK tuent, litt\u00e9ralement elles tuent, mais arrivent \u00e0 s'en laver les mains et \u00e0 se faire passer pour de pauvres femmes cis inqui\u00e8tes pour les enfants. Ces vieilles marionnettes, le patriarcat se branle dedans et elles continuent \u00e0 jouer le jeu&quot;\" class=\"wp-block-jetpack-slideshow_image wp-image-2733\" data-id=\"2733\" src=\"https:\/\/radcaen.fr\/wp-content\/uploads\/2021\/12\/Tweet-2.jpg\" srcset=\"https:\/\/radcaen.fr\/wp-content\/uploads\/2021\/12\/Tweet-2.jpg 720w, https:\/\/radcaen.fr\/wp-content\/uploads\/2021\/12\/Tweet-2-300x286.jpg 300w, https:\/\/radcaen.fr\/wp-content\/uploads\/2021\/12\/Tweet-2-600x573.jpg 600w\" sizes=\"(max-width: 720px) 100vw, 720px\" \/><\/figure><\/li><li class=\"wp-block-jetpack-slideshow_slide swiper-slide\"><figure><img loading=\"lazy\" decoding=\"async\" width=\"440\" height=\"525\" alt=\"Un tweet de LemonElyy datant du 02 f\u00e9vrier 2021. Texte : &quot;Les terfs sont des tueuses&quot; r\u00e9p\u00e9t\u00e9 dix fois.\" class=\"wp-block-jetpack-slideshow_image wp-image-2732\" data-id=\"2732\" src=\"https:\/\/radcaen.fr\/wp-content\/uploads\/2021\/12\/Tweet-1.jpg\" srcset=\"https:\/\/radcaen.fr\/wp-content\/uploads\/2021\/12\/Tweet-1.jpg 440w, https:\/\/radcaen.fr\/wp-content\/uploads\/2021\/12\/Tweet-1-251x300.jpg 251w\" sizes=\"(max-width: 440px) 100vw, 440px\" \/><\/figure><\/li><li class=\"wp-block-jetpack-slideshow_slide swiper-slide\"><figure><img loading=\"lazy\" decoding=\"async\" width=\"720\" height=\"540\" alt=\"Un tweet de YuffiTipoui datant du 24 mai 2021. Texte : &quot;Qu'on s'entende bien : les TERFS ont probablement jamais caus\u00e9 autant de mort\u00b7e\u00b7s qu'aujourd'hui si on compte les suicides mais bon c'est nous les violentes il para\u00eet :3&quot;\" class=\"wp-block-jetpack-slideshow_image wp-image-2734\" data-id=\"2734\" src=\"https:\/\/radcaen.fr\/wp-content\/uploads\/2021\/12\/Tweet-3.jpg\" srcset=\"https:\/\/radcaen.fr\/wp-content\/uploads\/2021\/12\/Tweet-3.jpg 720w, https:\/\/radcaen.fr\/wp-content\/uploads\/2021\/12\/Tweet-3-300x225.jpg 300w, https:\/\/radcaen.fr\/wp-content\/uploads\/2021\/12\/Tweet-3-600x450.jpg 600w\" sizes=\"(max-width: 720px) 100vw, 720px\" \/><\/figure><\/li><\/ul><a class=\"wp-block-jetpack-slideshow_button-prev swiper-button-prev swiper-button-white\" role=\"button\"><\/a><a class=\"wp-block-jetpack-slideshow_button-next swiper-button-next swiper-button-white\" role=\"button\"><\/a><a aria-label=\"Pause Slideshow\" class=\"wp-block-jetpack-slideshow_button-pause\" role=\"button\"><\/a><div class=\"wp-block-jetpack-slideshow_pagination swiper-pagination swiper-pagination-white\"><\/div><\/div><\/div>\n\n\n\n<p>J&rsquo;ai \u00e9pluch\u00e9 le rapport des Trans Murder Monitoring , et <em>je n&rsquo;ai trouv\u00e9 aucune instance de personne trans tu\u00e9e par une femme<\/em>. Encore moins par une f\u00e9ministe radicale. Les personnes trans sont victimes de partenaires violents, de leurs prox\u00e9n\u00e8tes, de clients, d&rsquo;hommes homophobes, mais pas de f\u00e9ministes.<\/p>\n\n\n\n<p>Cela n&rsquo;a pas emp\u00each\u00e9 Act Up-Paris de d\u00e9clarer dans une publication que les \u00ab\u00a0Terf\u00a0\u00bb \u00e9taient complices des assassinats d&rsquo;hommes transidentifi\u00e9s en 2019. Pour rappel, Act Up est une association de lutte contre le SIDA\/VIH qui a ses racines dans les groupes militants homosexuels.<\/p>\n\n\n\n<div class=\"wp-block-image\"><figure class=\"aligncenter size-medium\"><img loading=\"lazy\" decoding=\"async\" width=\"300\" height=\"300\" data-attachment-id=\"2731\" data-permalink=\"https:\/\/radcaen.fr\/tdor-2019\/\" data-orig-file=\"https:\/\/radcaen.fr\/wp-content\/uploads\/2021\/12\/tdor-2019.jpg\" data-orig-size=\"720,719\" data-comments-opened=\"1\" data-image-meta=\"{&quot;aperture&quot;:&quot;0&quot;,&quot;credit&quot;:&quot;&quot;,&quot;camera&quot;:&quot;&quot;,&quot;caption&quot;:&quot;&quot;,&quot;created_timestamp&quot;:&quot;0&quot;,&quot;copyright&quot;:&quot;&quot;,&quot;focal_length&quot;:&quot;0&quot;,&quot;iso&quot;:&quot;0&quot;,&quot;shutter_speed&quot;:&quot;0&quot;,&quot;title&quot;:&quot;&quot;,&quot;orientation&quot;:&quot;1&quot;}\" data-image-title=\"tdor 2019\" data-image-description=\"&lt;p&gt;Publication Instagram de actup_paris. Fond noir, texte blanc centr\u00e9.&lt;br \/&gt;\nTexte : \u00ab\u00a0Femmes trans assassin\u00e9es. \u00c9tat coupable. TERFs complices.\u00a0\u00bb&lt;\/p&gt;\n\" data-image-caption=\"\" data-medium-file=\"https:\/\/radcaen.fr\/wp-content\/uploads\/2021\/12\/tdor-2019-300x300.jpg\" data-large-file=\"https:\/\/radcaen.fr\/wp-content\/uploads\/2021\/12\/tdor-2019.jpg\" src=\"https:\/\/radcaen.fr\/wp-content\/uploads\/2021\/12\/tdor-2019-300x300.jpg\" alt=\"\" class=\"wp-image-2731\" srcset=\"https:\/\/radcaen.fr\/wp-content\/uploads\/2021\/12\/tdor-2019-300x300.jpg 300w, https:\/\/radcaen.fr\/wp-content\/uploads\/2021\/12\/tdor-2019-150x150.jpg 150w, https:\/\/radcaen.fr\/wp-content\/uploads\/2021\/12\/tdor-2019-450x450.jpg 450w, https:\/\/radcaen.fr\/wp-content\/uploads\/2021\/12\/tdor-2019-600x599.jpg 600w, https:\/\/radcaen.fr\/wp-content\/uploads\/2021\/12\/tdor-2019-100x100.jpg 100w, https:\/\/radcaen.fr\/wp-content\/uploads\/2021\/12\/tdor-2019.jpg 720w\" sizes=\"auto, (max-width: 300px) 100vw, 300px\" \/><\/figure><\/div>\n\n\n\n<p>Les associations continuent d&rsquo;ignorer les raisons derri\u00e8re les meurtres, et pour cette raison je ne pense pas qu&rsquo;elles puissent d\u00e9velopper une strat\u00e9gie efficace pour limiter les violences. Leurs actions sont bas\u00e9es sur une repr\u00e9sentation erron\u00e9e de la situation, et non sur une analyse factuelle. C&rsquo;est ce qui les am\u00e8ne \u00e0 bl\u00e2mer des femmes et \u00e0 encourager la prostitution malgr\u00e9 les preuves chiffr\u00e9es qui sont produites chaque ann\u00e9e.<\/p>\n\n\n\n<p>Une fin des violences ne peut s&rsquo;envisager sans une abolition de la prostitution et sans adresser la violence des hommes.<\/p>\n\n\n\n<h2 class=\"wp-block-heading\">Conclusion<\/h2>\n\n\n\n<p>Je pense sinc\u00e8rement que cette mauvaise repr\u00e9sentation des donn\u00e9es disponibles ne peut pas faire de bien aux personnes trans. Beaucoup vivent dans la peur de se faire agresser ou tuer alors que c&rsquo;est visiblement tr\u00e8s peu probable que cela arrive. A long terme, comme le souligne FORGE, faire croire aux personnes trans qu&rsquo;elles sont en danger de mort ne peut pas les aider.<\/p>\n\n\n\n<p>C&rsquo;est aussi le meilleur moyen de saboter des alliances. D&rsquo;ailleurs, les mensonges autour des donn\u00e9es statistiques sont responsables en grande partie de mon peak trans. Ce n&rsquo;est pas possible de cr\u00e9er des communaut\u00e9s et des associations d&rsquo;aide en mentant de la sorte, que ce soit pour faire avancer les objectifs militants ou pour valider un sentiment de victimisation qui fait se sentir l\u00e9gitime.<\/p>\n\n\n\n<p>Je me plaignais dans mon dernier article du manque de donn\u00e9es, et c&rsquo;est un probl\u00e8me qui n&rsquo;a pas disparu depuis (en une semaine, \u00e7&rsquo;aurait \u00e9t\u00e9 miraculeux). Mais pour ce qui est des causes des morts, il se trouve que nous avons des informations, puisque des associations fran\u00e7aises comme Acceptess-T ou sos-transphobie cherchent et communiquent sur ce sujet. Seulement, en d\u00e9formant la r\u00e9alit\u00e9 pour d\u00e9douaner les hommes et rendre les f\u00e9ministes responsables, les associations trans et leurs alli\u00e9\u00b7es font du mal \u00e0 leur communaut\u00e9.<\/p>\n\n\n\n<p>Je ne peux pas pardonner les mensonges, l&rsquo;agressivit\u00e9 et la malhonn\u00eatet\u00e9 des personnes et des associations qui utilisent cette journ\u00e9e pour r\u00e9pandre de fausses informations. Rien ne justifie \u00e7a. Rien ne justifie d&rsquo;instrumentaliser des meurtres et d&rsquo;en masquer les causes pour servir l&rsquo;agenda politique d&rsquo;une partie privil\u00e9gi\u00e9e de la population. Vous voulez aider les \u00ab\u00a0personnes trans TDS migrantes pr\u00e9caires\u00a0\u00bb ? Abolissez la prostitution, combattez l&rsquo;homophobie et le VIH, arr\u00eatez de taper sur les f\u00e9ministes et adressez la violence masculine. Mais \u00e7a demanderai de regarder dans le miroir et de r\u00e9aliser que beaucoup de probl\u00e8mes viennent de l&rsquo;int\u00e9rieur&#8230;<\/p>\n\n\n\n<p>Il manque toujours des donn\u00e9es essentielles, mais on ne navigue pas autant dans le noir que pour l&rsquo;obtention de statistiques. On peut \u00eatre en capacit\u00e9 de savoir comment am\u00e9liorer les choses.<\/p>\n\n\n\n<p><span style=\"text-decoration:underline;\">Sources externes :<\/span><br>(1) <a href=\"https:\/\/tetu.com\/2021\/11\/21\/tdor-journee-du-souvenir-trans-2021-manifestation-paris-transphobie\/\" target=\"_blank\" rel=\"noreferrer noopener\">Article sur la Journ\u00e9e du Souvenir Trans 2021<\/a> de <a href=\"https:\/\/tetu.com\/2021\/11\/21\/tdor-journee-du-souvenir-trans-2021-manifestation-paris-transphobie\/\" target=\"_blank\" rel=\"noreferrer noopener\">T\u00eatu<\/a><br>(2) <a href=\"https:\/\/eu.floridatoday.com\/story\/opinion\/2020\/07\/28\/transgender-americans-being-murdered-does-anyone-care\/5527065002\/\" target=\"_blank\" rel=\"noreferrer noopener\">Trans Americans are being murdered : Does anyone care ?<\/a> par Gina Duncan<br>(3) <a href=\"https:\/\/www.nytimes.com\/2019\/09\/27\/us\/transgender-women-deaths.html\" target=\"_blank\" rel=\"noreferrer noopener\">18 Transgender Killings This Year Raise Fears of an \u00ab\u00a0Epidemic\u00a0\u00bb<\/a> du New York Times<br>(4) <a href=\"https:\/\/www.hrc.org\/resources\/a-national-epidemic-fatal-anti-transgender-violence-in-america-in-2018\" target=\"_blank\" rel=\"noreferrer noopener\">A National Epidemic : Fatal Anti-Transgender Violence in America in 2018<\/a> de Human Right Campaign<br>(5) <a href=\"https:\/\/www.politifact.com\/factchecks\/2015\/may\/13\/garnet-coleman\/garnet-coleman-said-transgender-person-has-1-12-ch\/\" target=\"_blank\" rel=\"noreferrer noopener\">\u00ab\u00a0Les personnes transgenres aux Etats-Unis ont une chance sur deux d&rsquo;\u00eatre tu\u00e9es\u00a0\u00bb<\/a>, sur Politifact<br>(6) <a href=\"https:\/\/www.npr.org\/2012\/10\/01\/162100680\/no-more-lying-law-bolsters-transgender-argentines?t=1638626457251&amp;t=1638883143682\" target=\"_blank\" rel=\"noreferrer noopener\">No More \u00ab\u00a0Lying\u00a0\u00bb : Law Bolsters Transgender Argentines<\/a><br>(7) <a href=\"https:\/\/www.revolutionpermanente.fr\/Journee-du-souvenir-trans-2021-la-transphobie-tue-toujours\" target=\"_blank\" rel=\"noreferrer noopener\">Journ\u00e9e du Souvenir Trans 2021 : La Transphobie Tue Toujours<\/a> de R\u00e9volution Permanente<br>(8) <a href=\"https:\/\/federation-lgbt.org\/transgender-day-of-remembrance-tdor-rappelons-au-monde-que-la-transphobie-tue\" target=\"_blank\" rel=\"noreferrer noopener\">Transgender Day of Remembrance (TDoR) Rappelons au monde que la transphobie tue !<\/a> de F\u00e9d\u00e9ration LGBTI+<br>(9) <a href=\"https:\/\/lanticapitaliste.org\/actualite\/lgbti\/le-20-novembre-le-tdor-la-transphobie-tue\" target=\"_blank\" rel=\"noreferrer noopener\">Le 20 Novembre, le TDOR : la transphobie tue<\/a> de L&rsquo;Anticapitaliste<br>(10) <a href=\"https:\/\/strasbourgfurieuse.demosphere.net\/rv\/3243\" target=\"_blank\" rel=\"noreferrer noopener\">Communiqu\u00e9 de La Station sur la Journ\u00e9e mondiale du souvenir transgenre<\/a> sur Strasbourg Furieuse<br>(11) <a href=\"https:\/\/blogs.mediapart.fr\/act-paris\/blog\/161121\/trans-letat-nous-assassine\" target=\"_blank\" rel=\"noreferrer noopener\">TRANS : L&rsquo;\u00e9tat nous assassine<\/a> de Act Up-Paris et le FLIRT<br>(12) <a href=\"https:\/\/transrespect.org\/en\/tmm-update-tdor-2021\/\" target=\"_blank\" rel=\"noreferrer noopener\">Trans Murder Monitoring : Rapport de 2021<\/a><br>(13) <a href=\"https:\/\/tdor.translivesmatter.info\/reports\" target=\"_blank\" rel=\"noreferrer noopener\">Trans Lives Matter : Remembering Our Deads<\/a><br>(14) <a href=\"https:\/\/web.archive.org\/web\/20200805134914\/http:\/\/www.lifeisgoodmakeitbetter.com\/2015\/03\/the-appropriation-of-black-and-hispanic.html\" target=\"_blank\" rel=\"noreferrer noopener\">The appropriation of black and hispanic trans deaths by white trans women and political opportunists<\/a> (archiv\u00e9)<\/p>\n\n\n\n<div style=\"height:100px\" aria-hidden=\"true\" class=\"wp-block-spacer\"><\/div>\n\n\n\n<p>[kofi]<\/p>\n\n\n\n<p>CC BY-NC-SA 4.0<\/p>\n","protected":false},"excerpt":{"rendered":"<p>Devant le silence assourdissant et complice des pouvoirs publics et des institutions, devant la violence quotidienne que vivent les personnes trans, intersexes, racis\u00e9es, travailleurSEs du sexe, handies, grosses, s\u00e9ropositives.Voici notre constat : l&rsquo;\u00c9tat nous assassine.&nbsp;&#8211;Act Up Paris &amp; le FLIRT&#8211; L&rsquo;article de la semaine derni\u00e8re \u00e9tait d\u00e9di\u00e9 \u00e0 l&rsquo;\u00e9tude des chiffres partag\u00e9s par Transrespect vs [&hellip;]<\/p>\n","protected":false},"author":2,"featured_media":0,"comment_status":"open","ping_status":"open","sticky":false,"template":"","format":"standard","meta":{"_monsterinsights_skip_tracking":false,"_monsterinsights_sitenote_active":false,"_monsterinsights_sitenote_note":"","_monsterinsights_sitenote_category":0,"_jetpack_memberships_contains_paid_content":false,"footnotes":""},"categories":[38],"tags":[7],"class_list":["post-2670","post","type-post","status-publish","format-standard","hentry","category-articles","tag-transactivisme"],"yoast_head":"<!-- This site is optimized with the Yoast SEO plugin v26.8 - https:\/\/yoast.com\/product\/yoast-seo-wordpress\/ -->\n<title>Analyse de la Journ\u00e9e du Souvenir Trans 2021 - RadCaen<\/title>\n<meta name=\"description\" content=\"TDoR 2021 : Analyse du discours et des actions des associations et militant\u00b7es trans autour de la Journ\u00e9e du Souvenir Trans 2021.\" \/>\n<meta name=\"robots\" content=\"index, follow, max-snippet:-1, max-image-preview:large, max-video-preview:-1\" \/>\n<link rel=\"canonical\" href=\"https:\/\/radcaen.fr\/index.php\/2021\/12\/08\/analyse-de-la-journee-du-souvenir-trans-tdor-2021\/\" \/>\n<meta property=\"og:locale\" content=\"fr_FR\" \/>\n<meta property=\"og:type\" content=\"article\" \/>\n<meta property=\"og:title\" content=\"Analyse de la Journ\u00e9e du Souvenir Trans 2021 - RadCaen\" \/>\n<meta property=\"og:description\" content=\"TDoR 2021 : Analyse du discours et des actions des associations et militant\u00b7es trans autour de la Journ\u00e9e du Souvenir Trans 2021.\" \/>\n<meta property=\"og:url\" content=\"https:\/\/radcaen.fr\/index.php\/2021\/12\/08\/analyse-de-la-journee-du-souvenir-trans-tdor-2021\/\" \/>\n<meta property=\"og:site_name\" content=\"RadCaen\" \/>\n<meta property=\"article:published_time\" content=\"2021-12-08T13:00:00+00:00\" \/>\n<meta property=\"article:modified_time\" content=\"2022-01-13T10:09:08+00:00\" \/>\n<meta property=\"og:image\" content=\"https:\/\/radcaen.fr\/wp-content\/uploads\/2021\/12\/Photo-1.jpg\" \/>\n<meta name=\"author\" content=\"RadCaen\" \/>\n<meta name=\"twitter:card\" content=\"summary_large_image\" \/>\n<meta name=\"twitter:label1\" content=\"\u00c9crit par\" \/>\n\t<meta name=\"twitter:data1\" content=\"RadCaen\" \/>\n\t<meta name=\"twitter:label2\" content=\"Dur\u00e9e de lecture estim\u00e9e\" \/>\n\t<meta name=\"twitter:data2\" content=\"21 minutes\" \/>\n<script type=\"application\/ld+json\" class=\"yoast-schema-graph\">{\"@context\":\"https:\/\/schema.org\",\"@graph\":[{\"@type\":\"Article\",\"@id\":\"https:\/\/radcaen.fr\/index.php\/2021\/12\/08\/analyse-de-la-journee-du-souvenir-trans-tdor-2021\/#article\",\"isPartOf\":{\"@id\":\"https:\/\/radcaen.fr\/index.php\/2021\/12\/08\/analyse-de-la-journee-du-souvenir-trans-tdor-2021\/\"},\"author\":{\"name\":\"RadCaen\",\"@id\":\"https:\/\/radcaen.fr\/#\/schema\/person\/a9aba7c1961f02b55b6b76bbcc72ffbb\"},\"headline\":\"Analyse de la Journ\u00e9e du Souvenir Trans 2021\",\"datePublished\":\"2021-12-08T13:00:00+00:00\",\"dateModified\":\"2022-01-13T10:09:08+00:00\",\"mainEntityOfPage\":{\"@id\":\"https:\/\/radcaen.fr\/index.php\/2021\/12\/08\/analyse-de-la-journee-du-souvenir-trans-tdor-2021\/\"},\"wordCount\":3322,\"commentCount\":0,\"publisher\":{\"@id\":\"https:\/\/radcaen.fr\/#\/schema\/person\/a9aba7c1961f02b55b6b76bbcc72ffbb\"},\"image\":{\"@id\":\"https:\/\/radcaen.fr\/index.php\/2021\/12\/08\/analyse-de-la-journee-du-souvenir-trans-tdor-2021\/#primaryimage\"},\"thumbnailUrl\":\"https:\/\/radcaen.fr\/wp-content\/uploads\/2021\/12\/Photo-1.jpg\",\"keywords\":[\"Transactivisme\"],\"articleSection\":[\"Articles\"],\"inLanguage\":\"fr-FR\",\"potentialAction\":[{\"@type\":\"CommentAction\",\"name\":\"Comment\",\"target\":[\"https:\/\/radcaen.fr\/index.php\/2021\/12\/08\/analyse-de-la-journee-du-souvenir-trans-tdor-2021\/#respond\"]}]},{\"@type\":\"WebPage\",\"@id\":\"https:\/\/radcaen.fr\/index.php\/2021\/12\/08\/analyse-de-la-journee-du-souvenir-trans-tdor-2021\/\",\"url\":\"https:\/\/radcaen.fr\/index.php\/2021\/12\/08\/analyse-de-la-journee-du-souvenir-trans-tdor-2021\/\",\"name\":\"Analyse de la Journ\u00e9e du Souvenir Trans 2021 - RadCaen\",\"isPartOf\":{\"@id\":\"https:\/\/radcaen.fr\/#website\"},\"primaryImageOfPage\":{\"@id\":\"https:\/\/radcaen.fr\/index.php\/2021\/12\/08\/analyse-de-la-journee-du-souvenir-trans-tdor-2021\/#primaryimage\"},\"image\":{\"@id\":\"https:\/\/radcaen.fr\/index.php\/2021\/12\/08\/analyse-de-la-journee-du-souvenir-trans-tdor-2021\/#primaryimage\"},\"thumbnailUrl\":\"https:\/\/radcaen.fr\/wp-content\/uploads\/2021\/12\/Photo-1.jpg\",\"datePublished\":\"2021-12-08T13:00:00+00:00\",\"dateModified\":\"2022-01-13T10:09:08+00:00\",\"description\":\"TDoR 2021 : Analyse du discours et des actions des associations et militant\u00b7es trans autour de la Journ\u00e9e du Souvenir Trans 2021.\",\"breadcrumb\":{\"@id\":\"https:\/\/radcaen.fr\/index.php\/2021\/12\/08\/analyse-de-la-journee-du-souvenir-trans-tdor-2021\/#breadcrumb\"},\"inLanguage\":\"fr-FR\",\"potentialAction\":[{\"@type\":\"ReadAction\",\"target\":[\"https:\/\/radcaen.fr\/index.php\/2021\/12\/08\/analyse-de-la-journee-du-souvenir-trans-tdor-2021\/\"]}]},{\"@type\":\"ImageObject\",\"inLanguage\":\"fr-FR\",\"@id\":\"https:\/\/radcaen.fr\/index.php\/2021\/12\/08\/analyse-de-la-journee-du-souvenir-trans-tdor-2021\/#primaryimage\",\"url\":\"https:\/\/radcaen.fr\/wp-content\/uploads\/2021\/12\/Photo-1.jpg\",\"contentUrl\":\"https:\/\/radcaen.fr\/wp-content\/uploads\/2021\/12\/Photo-1.jpg\",\"width\":720,\"height\":478,\"caption\":\"Photo d'une manifestation. Au premier plan on voit une banderole noire avec les logos d'Act Up-Paris et du Flirt. Le texte \\\"TRANS L'ETAT NOUS ASSASSINE !\\\" est peint en blanc sur la banderole. Des manifestants tiennent des pancartes, on peut lire \\\"pas de sales putes que des sales lois\\\" et \\\"Trans incarn\u00e9r\u00e9Es = trans assassin\u00e9Es\\\".\"},{\"@type\":\"BreadcrumbList\",\"@id\":\"https:\/\/radcaen.fr\/index.php\/2021\/12\/08\/analyse-de-la-journee-du-souvenir-trans-tdor-2021\/#breadcrumb\",\"itemListElement\":[{\"@type\":\"ListItem\",\"position\":1,\"name\":\"Accueil\",\"item\":\"https:\/\/radcaen.fr\/\"},{\"@type\":\"ListItem\",\"position\":2,\"name\":\"Articles\",\"item\":\"https:\/\/radcaen.fr\/index.php\/category\/articles\/\"},{\"@type\":\"ListItem\",\"position\":3,\"name\":\"Analyse de la Journ\u00e9e du Souvenir Trans 2021\"}]},{\"@type\":\"WebSite\",\"@id\":\"https:\/\/radcaen.fr\/#website\",\"url\":\"https:\/\/radcaen.fr\/\",\"name\":\"RadCaen\",\"description\":\"F\u00e9minisme radical\",\"publisher\":{\"@id\":\"https:\/\/radcaen.fr\/#\/schema\/person\/a9aba7c1961f02b55b6b76bbcc72ffbb\"},\"potentialAction\":[{\"@type\":\"SearchAction\",\"target\":{\"@type\":\"EntryPoint\",\"urlTemplate\":\"https:\/\/radcaen.fr\/?s={search_term_string}\"},\"query-input\":{\"@type\":\"PropertyValueSpecification\",\"valueRequired\":true,\"valueName\":\"search_term_string\"}}],\"inLanguage\":\"fr-FR\"},{\"@type\":[\"Person\",\"Organization\"],\"@id\":\"https:\/\/radcaen.fr\/#\/schema\/person\/a9aba7c1961f02b55b6b76bbcc72ffbb\",\"name\":\"RadCaen\",\"image\":{\"@type\":\"ImageObject\",\"inLanguage\":\"fr-FR\",\"@id\":\"https:\/\/radcaen.fr\/#\/schema\/person\/image\/\",\"url\":\"https:\/\/radcaen.fr\/wp-content\/uploads\/2020\/11\/cropped-radcaen.png\",\"contentUrl\":\"https:\/\/radcaen.fr\/wp-content\/uploads\/2020\/11\/cropped-radcaen.png\",\"width\":591,\"height\":591,\"caption\":\"RadCaen\"},\"logo\":{\"@id\":\"https:\/\/radcaen.fr\/#\/schema\/person\/image\/\"},\"url\":\"https:\/\/radcaen.fr\/index.php\/author\/mandarine\/\"}]}<\/script>\n<!-- \/ Yoast SEO plugin. -->","yoast_head_json":{"title":"Analyse de la Journ\u00e9e du Souvenir Trans 2021 - RadCaen","description":"TDoR 2021 : Analyse du discours et des actions des associations et militant\u00b7es trans autour de la Journ\u00e9e du Souvenir Trans 2021.","robots":{"index":"index","follow":"follow","max-snippet":"max-snippet:-1","max-image-preview":"max-image-preview:large","max-video-preview":"max-video-preview:-1"},"canonical":"https:\/\/radcaen.fr\/index.php\/2021\/12\/08\/analyse-de-la-journee-du-souvenir-trans-tdor-2021\/","og_locale":"fr_FR","og_type":"article","og_title":"Analyse de la Journ\u00e9e du Souvenir Trans 2021 - RadCaen","og_description":"TDoR 2021 : Analyse du discours et des actions des associations et militant\u00b7es trans autour de la Journ\u00e9e du Souvenir Trans 2021.","og_url":"https:\/\/radcaen.fr\/index.php\/2021\/12\/08\/analyse-de-la-journee-du-souvenir-trans-tdor-2021\/","og_site_name":"RadCaen","article_published_time":"2021-12-08T13:00:00+00:00","article_modified_time":"2022-01-13T10:09:08+00:00","og_image":[{"url":"https:\/\/radcaen.fr\/wp-content\/uploads\/2021\/12\/Photo-1.jpg","type":"","width":"","height":""}],"author":"RadCaen","twitter_card":"summary_large_image","twitter_misc":{"\u00c9crit par":"RadCaen","Dur\u00e9e de lecture estim\u00e9e":"21 minutes"},"schema":{"@context":"https:\/\/schema.org","@graph":[{"@type":"Article","@id":"https:\/\/radcaen.fr\/index.php\/2021\/12\/08\/analyse-de-la-journee-du-souvenir-trans-tdor-2021\/#article","isPartOf":{"@id":"https:\/\/radcaen.fr\/index.php\/2021\/12\/08\/analyse-de-la-journee-du-souvenir-trans-tdor-2021\/"},"author":{"name":"RadCaen","@id":"https:\/\/radcaen.fr\/#\/schema\/person\/a9aba7c1961f02b55b6b76bbcc72ffbb"},"headline":"Analyse de la Journ\u00e9e du Souvenir Trans 2021","datePublished":"2021-12-08T13:00:00+00:00","dateModified":"2022-01-13T10:09:08+00:00","mainEntityOfPage":{"@id":"https:\/\/radcaen.fr\/index.php\/2021\/12\/08\/analyse-de-la-journee-du-souvenir-trans-tdor-2021\/"},"wordCount":3322,"commentCount":0,"publisher":{"@id":"https:\/\/radcaen.fr\/#\/schema\/person\/a9aba7c1961f02b55b6b76bbcc72ffbb"},"image":{"@id":"https:\/\/radcaen.fr\/index.php\/2021\/12\/08\/analyse-de-la-journee-du-souvenir-trans-tdor-2021\/#primaryimage"},"thumbnailUrl":"https:\/\/radcaen.fr\/wp-content\/uploads\/2021\/12\/Photo-1.jpg","keywords":["Transactivisme"],"articleSection":["Articles"],"inLanguage":"fr-FR","potentialAction":[{"@type":"CommentAction","name":"Comment","target":["https:\/\/radcaen.fr\/index.php\/2021\/12\/08\/analyse-de-la-journee-du-souvenir-trans-tdor-2021\/#respond"]}]},{"@type":"WebPage","@id":"https:\/\/radcaen.fr\/index.php\/2021\/12\/08\/analyse-de-la-journee-du-souvenir-trans-tdor-2021\/","url":"https:\/\/radcaen.fr\/index.php\/2021\/12\/08\/analyse-de-la-journee-du-souvenir-trans-tdor-2021\/","name":"Analyse de la Journ\u00e9e du Souvenir Trans 2021 - RadCaen","isPartOf":{"@id":"https:\/\/radcaen.fr\/#website"},"primaryImageOfPage":{"@id":"https:\/\/radcaen.fr\/index.php\/2021\/12\/08\/analyse-de-la-journee-du-souvenir-trans-tdor-2021\/#primaryimage"},"image":{"@id":"https:\/\/radcaen.fr\/index.php\/2021\/12\/08\/analyse-de-la-journee-du-souvenir-trans-tdor-2021\/#primaryimage"},"thumbnailUrl":"https:\/\/radcaen.fr\/wp-content\/uploads\/2021\/12\/Photo-1.jpg","datePublished":"2021-12-08T13:00:00+00:00","dateModified":"2022-01-13T10:09:08+00:00","description":"TDoR 2021 : Analyse du discours et des actions des associations et militant\u00b7es trans autour de la Journ\u00e9e du Souvenir Trans 2021.","breadcrumb":{"@id":"https:\/\/radcaen.fr\/index.php\/2021\/12\/08\/analyse-de-la-journee-du-souvenir-trans-tdor-2021\/#breadcrumb"},"inLanguage":"fr-FR","potentialAction":[{"@type":"ReadAction","target":["https:\/\/radcaen.fr\/index.php\/2021\/12\/08\/analyse-de-la-journee-du-souvenir-trans-tdor-2021\/"]}]},{"@type":"ImageObject","inLanguage":"fr-FR","@id":"https:\/\/radcaen.fr\/index.php\/2021\/12\/08\/analyse-de-la-journee-du-souvenir-trans-tdor-2021\/#primaryimage","url":"https:\/\/radcaen.fr\/wp-content\/uploads\/2021\/12\/Photo-1.jpg","contentUrl":"https:\/\/radcaen.fr\/wp-content\/uploads\/2021\/12\/Photo-1.jpg","width":720,"height":478,"caption":"Photo d'une manifestation. Au premier plan on voit une banderole noire avec les logos d'Act Up-Paris et du Flirt. Le texte \"TRANS L'ETAT NOUS ASSASSINE !\" est peint en blanc sur la banderole. Des manifestants tiennent des pancartes, on peut lire \"pas de sales putes que des sales lois\" et \"Trans incarn\u00e9r\u00e9Es = trans assassin\u00e9Es\"."},{"@type":"BreadcrumbList","@id":"https:\/\/radcaen.fr\/index.php\/2021\/12\/08\/analyse-de-la-journee-du-souvenir-trans-tdor-2021\/#breadcrumb","itemListElement":[{"@type":"ListItem","position":1,"name":"Accueil","item":"https:\/\/radcaen.fr\/"},{"@type":"ListItem","position":2,"name":"Articles","item":"https:\/\/radcaen.fr\/index.php\/category\/articles\/"},{"@type":"ListItem","position":3,"name":"Analyse de la Journ\u00e9e du Souvenir Trans 2021"}]},{"@type":"WebSite","@id":"https:\/\/radcaen.fr\/#website","url":"https:\/\/radcaen.fr\/","name":"RadCaen","description":"F\u00e9minisme radical","publisher":{"@id":"https:\/\/radcaen.fr\/#\/schema\/person\/a9aba7c1961f02b55b6b76bbcc72ffbb"},"potentialAction":[{"@type":"SearchAction","target":{"@type":"EntryPoint","urlTemplate":"https:\/\/radcaen.fr\/?s={search_term_string}"},"query-input":{"@type":"PropertyValueSpecification","valueRequired":true,"valueName":"search_term_string"}}],"inLanguage":"fr-FR"},{"@type":["Person","Organization"],"@id":"https:\/\/radcaen.fr\/#\/schema\/person\/a9aba7c1961f02b55b6b76bbcc72ffbb","name":"RadCaen","image":{"@type":"ImageObject","inLanguage":"fr-FR","@id":"https:\/\/radcaen.fr\/#\/schema\/person\/image\/","url":"https:\/\/radcaen.fr\/wp-content\/uploads\/2020\/11\/cropped-radcaen.png","contentUrl":"https:\/\/radcaen.fr\/wp-content\/uploads\/2020\/11\/cropped-radcaen.png","width":591,"height":591,"caption":"RadCaen"},"logo":{"@id":"https:\/\/radcaen.fr\/#\/schema\/person\/image\/"},"url":"https:\/\/radcaen.fr\/index.php\/author\/mandarine\/"}]}},"jetpack_featured_media_url":"","jetpack_sharing_enabled":true,"_links":{"self":[{"href":"https:\/\/radcaen.fr\/index.php\/wp-json\/wp\/v2\/posts\/2670","targetHints":{"allow":["GET"]}}],"collection":[{"href":"https:\/\/radcaen.fr\/index.php\/wp-json\/wp\/v2\/posts"}],"about":[{"href":"https:\/\/radcaen.fr\/index.php\/wp-json\/wp\/v2\/types\/post"}],"author":[{"embeddable":true,"href":"https:\/\/radcaen.fr\/index.php\/wp-json\/wp\/v2\/users\/2"}],"replies":[{"embeddable":true,"href":"https:\/\/radcaen.fr\/index.php\/wp-json\/wp\/v2\/comments?post=2670"}],"version-history":[{"count":29,"href":"https:\/\/radcaen.fr\/index.php\/wp-json\/wp\/v2\/posts\/2670\/revisions"}],"predecessor-version":[{"id":2755,"href":"https:\/\/radcaen.fr\/index.php\/wp-json\/wp\/v2\/posts\/2670\/revisions\/2755"}],"wp:attachment":[{"href":"https:\/\/radcaen.fr\/index.php\/wp-json\/wp\/v2\/media?parent=2670"}],"wp:term":[{"taxonomy":"category","embeddable":true,"href":"https:\/\/radcaen.fr\/index.php\/wp-json\/wp\/v2\/categories?post=2670"},{"taxonomy":"post_tag","embeddable":true,"href":"https:\/\/radcaen.fr\/index.php\/wp-json\/wp\/v2\/tags?post=2670"}],"curies":[{"name":"wp","href":"https:\/\/api.w.org\/{rel}","templated":true}]}}