{"id":2635,"date":"2021-12-01T14:00:00","date_gmt":"2021-12-01T13:00:00","guid":{"rendered":"https:\/\/radcaen.fr\/?p=2635"},"modified":"2021-11-30T19:10:56","modified_gmt":"2021-11-30T18:10:56","slug":"les-chiffres-de-la-journee-du-souvenir-trans-2021","status":"publish","type":"post","link":"https:\/\/radcaen.fr\/index.php\/2021\/12\/01\/les-chiffres-de-la-journee-du-souvenir-trans-2021\/","title":{"rendered":"Les chiffres de la Journ\u00e9e du Souvenir Trans 2021"},"content":{"rendered":"\n<p><\/p>\n\n\n\n<p class=\"has-text-align-center\"><em>L&rsquo;espoir de ne pas revenir l&rsquo;an prochain illumine les esprits un instant. Un instant seulement. \u201cCar avec la politique actuelle de l&rsquo;\u00c9tat, oui nous serons l\u00e0 l&rsquo;an prochain, avertit Acceptes-T. L\u2019\u00c9tat doit changer de politique pour que l&rsquo;on \u00e9vite chaque ann\u00e9es de compte nos mort\u00b7es.\u201d&nbsp;<\/em><br>&#8211;<a href=\"https:\/\/tetu.com\/2021\/11\/21\/tdor-journee-du-souvenir-trans-2021-manifestation-paris-transphobie\/\" target=\"_blank\" rel=\"noreferrer noopener\">T\u00eatu<\/a>&#8211;<\/p>\n\n\n\n<hr class=\"wp-block-separator\"\/>\n\n\n\n<p>La Journ\u00e9e du Souvenir Trans, abr\u00e9g\u00e9e en TDoR pour Trans Day of Remembrance, est une journ\u00e9e internationale d\u00e9di\u00e9e au souvenir des personnes trans tu\u00e9es dans l&rsquo;ann\u00e9e pass\u00e9e. Elle a lieu le 20 Novembre chaque ann\u00e9e et est l&rsquo;occasion de se recueillir pour les proches des personnes trans tu\u00e9es. En g\u00e9n\u00e9ral, la journ\u00e9e se termine sur une veill\u00e9e aux chandelles et une lecture des noms des victimes de l&rsquo;ann\u00e9e. La journ\u00e9e est organis\u00e9e par des associations locales dans le but de sensibiliser \u00e0 la question de la violence anti-trans.<\/p>\n\n\n\n<p>Pour beaucoup de politiques et d&rsquo;activistes, c&rsquo;est aussi l&rsquo;occasion de gagner des points militants en utilisant ces meurtres \u00e0 des fins <em>id\u00e9ologiques et politiques<\/em>. Et c&rsquo;est cette appropriation qui me pousse \u00e0 \u00e9crire cet article. Je ne souhaite pas critiquer l&rsquo;id\u00e9e d&rsquo;une journ\u00e9e du souvenir pour les membres d&rsquo;une communaut\u00e9, bien au contraire. Ce que je veux critiquer, c&rsquo;est l&rsquo;utilisation d&rsquo;un tel \u00e9v\u00e8nement pour pousser un agenda politique et r\u00e9pandre des mensonges.<\/p>\n\n\n\n<p>Les donn\u00e9es chiffr\u00e9es sont a manipuler avec pr\u00e9caution, \u00e0 la fois \u00e0 cause de sources parfois difficilement fiables et \u00e0 cause de l&rsquo;appropriation politique des meurtres. Mais aussi parce que les victimes ne sont pas juste des chiffres, on parle de personnes qui ont \u00e9t\u00e9 tu\u00e9es. Je ne suis pas quelqu&rsquo;un de tr\u00e8s dou\u00e9 avec les \u00e9motions, et j&rsquo;aime me concentrer sur les faits et les faits seuls. Pour cet article, si vous n&rsquo;avez pas envie de lire une analyse chiffr\u00e9e sur ce sujet, passez votre chemin.<\/p>\n\n\n\n<p>Ce sujet sera trait\u00e9 en deux articles : une analyse des chiffres disponibles et leur interpr\u00e9tation, et une analyse du traitement m\u00e9diatique de cette journ\u00e9e et du contexte politique autour. Dans le pr\u00e9sent article, je vais parler de la source principale concernant les donn\u00e9es disponibles de la Journ\u00e9e du Souvenir Trans, communiquer les donn\u00e9es de cette ann\u00e9e, faire une analyse des donn\u00e9es fran\u00e7aises et comparer les taux de meurtre disponibles pour cr\u00e9er une repr\u00e9sentation chiffr\u00e9e la plus exacte possible de la situation.<\/p>\n\n\n\n<p>Je remercie au passage Feminist Witch Memes qui a relu la partie chiffr\u00e9e de cet article pour v\u00e9rifier les calculs. C&rsquo;est aussi elle qui a cr\u00e9\u00e9 la ressource compl\u00e9mentaire que vous pourrez consulter plus bas. Sans elle, cet article aurait \u00e9t\u00e9 moins exacte, et moins compr\u00e9hensible.<\/p>\n\n\n\n<p>Cet article est long, donc n&rsquo;h\u00e9sitez pas \u00e0 le mettre en favori pour y revenir plus tard. Commen\u00e7ons par la premi\u00e8re partie :<\/p>\n\n\n\n<h2 class=\"wp-block-heading\">D&rsquo;o\u00f9 viennent les chiffres ?<\/h2>\n\n\n\n<p>L&rsquo;association <a href=\"https:\/\/transrespect.org\/en\/\" target=\"_blank\" rel=\"noreferrer noopener\">Transrespect vs Transphobia<\/a><sup>[2]<\/sup> (TvT) s&rsquo;occupe chaque ann\u00e9e de cr\u00e9er le rapport <a href=\"https:\/\/transrespect.org\/en\/research\/tmm\/\" target=\"_blank\" rel=\"noreferrer noopener\">Trans Murder Monitoring<\/a><sup>[3]<\/sup> (TMM), qui compte et r\u00e9pertorie les meurtres trans dans le monde entier. Ce travail est effectu\u00e9 gr\u00e2ce aux associations locales, en lisant les articles de journaux et les avis de d\u00e9c\u00e8s pour rep\u00e9rer les potentielles personnes trans parmi les victimes d&rsquo;homicide.<\/p>\n\n\n\n<p>Leur rapport r\u00e9pertorie le nom, l&rsquo;\u00e2ge et l&rsquo;occupation de la victime au moment du meurtre, la date du meurtre, la ville, le pays, le lieu de la mort (domicile, rue&#8230;), et la cause. Chaque cas est d\u00e9taill\u00e9 le plus possible avec une description des faits et les sources, quand elles sont disponibles. Les noms sont \u00e9galement tri\u00e9s par pays et continents dans un document s\u00e9par\u00e9, et un rapport g\u00e9n\u00e9ral permet de consulter les donn\u00e9es sur plusieurs ann\u00e9es, depuis 2008.<\/p>\n\n\n\n<p>Le site de TvT r\u00e9pertorie les donn\u00e9es sur chaque ann\u00e9e depuis 2008, et tous les rapports sont disponibles gratuitement au format pdf. Leur site dispose aussi d&rsquo;une carte interactive qui permet de regarder les donn\u00e9es par pays sur plusieurs ann\u00e9es. Malgr\u00e9 tous ces efforts, certaines donn\u00e9es essentielles manquent pour pouvoir interpr\u00e9ter les chiffres. Notamment, une estimation de la population trans et une d\u00e9finition de ce que TvT consid\u00e8re comme une personne trans pour comptabiliser les meurtres seraient les bienvenues.<\/p>\n\n\n\n<p>En l&rsquo;absence de ces donn\u00e9es, je tiens tout de m\u00eame \u00e0 souligner le travail que la r\u00e9cup\u00e9ration des informations repr\u00e9sente. Le travail de TvT est essentiel et je les remercie du temps qu&rsquo;ils passent \u00e0 fouiller les articles de journaux pour comptabiliser les meurtres. Sans ce travail, cet article ne serait pas possible.<\/p>\n\n\n\n<p>Un site enfant de TvT, <a href=\"https:\/\/tdor.translivesmatter.info\/\" target=\"_blank\" rel=\"noreferrer noopener\">translivesmatter.info<\/a><sup>[4]<\/sup>, fait aussi une liste des personnes trans victimes de violences dans le monde, mais les chiffres sont tr\u00e8s diff\u00e9rents. Ce site est la source pour les chiffres avanc\u00e9s par le site fran\u00e7ais <a href=\"https:\/\/www.sos-transphobie.org\/journee-du-souvenir-trans-transgender-day-of-remembrance-victimes-de-transphobie-20-novembre-2021\" target=\"_blank\" rel=\"noreferrer noopener\">sos-transphobie<\/a><sup>[5]<\/sup>, qui est lui-m\u00eame la source de la majorit\u00e9 des publications faites en fran\u00e7ais sur le sujet. Cependant ce site r\u00e9pertorie toutes les morts \u00ab\u00a0non-naturelles\u00a0\u00bb de personnes trans, et pas seulement les meurtres. Cela implique les morts du COVID cette ann\u00e9e, les morts lors d&rsquo;une d\u00e9tention, les suicides, et les cas dont la cause du d\u00e9c\u00e8s n&rsquo;a pas \u00e9t\u00e9 \u00e9lucid\u00e9e.<\/p>\n\n\n\n<p>Pour cet article, j&rsquo;ai regard\u00e9 les donn\u00e9es r\u00e9cup\u00e9r\u00e9es par ces deux sources afin d&rsquo;avoir une vision la plus exacte possible de la r\u00e9alit\u00e9. Je me suis concentr\u00e9e sur les chiffres de TvT car ce sont eux qui sont la source principale des articles et publications sur le sujet. Je d\u00e9velopperai la mani\u00e8re dont ces deux sources sont utilis\u00e9es dans l&rsquo;article qui analyse le traitement m\u00e9diatique du TDoR.<\/p>\n\n\n\n<h2 class=\"wp-block-heading\">Les rapports de 2021<\/h2>\n\n\n\n<p><em>Partage et analyse des rapports de 2021 sur le comptage des personnes trans mortes dans l&rsquo;ann\u00e9e.<\/em><\/p>\n\n\n\n<p>Voici les donn\u00e9es cl\u00e9s du rapport de 2021 de TvT. Ces chiffres sont ceux partag\u00e9s dans \u00e0 peu pr\u00e8s tous les articles et publications parus cette ann\u00e9e, puisque TvT est la source principale en ce qui concerne les meurtres de personnes trans dans le monde.<\/p>\n\n\n\n<ul class=\"wp-block-list\"><li>375 personnes trans ou \u00ab\u00a0diverses du genre\u00a0\u00bb ont \u00e9t\u00e9 tu\u00e9es cette ann\u00e9e<ul><li>Cela repr\u00e9sente une augmentation brute de 7% par rapport \u00e0 2020<\/li><\/ul><\/li><li>96% des personnes tu\u00e9es \u00e9taient des hommes trans-identifi\u00e9s (femmes trans ou personnes transf\u00e9minines)<\/li><li>58% des personnes dont l&rsquo;occupation \u00e9tait connue se prostituaient<\/li><li>Les meurtres de personnes trans aux US ont doubl\u00e9 depuis 2020<\/li><li>89% des 53 personnes trans tu\u00e9es aux US \u00e9taient de couleur<\/li><li>43% des personnes trans tu\u00e9es en Europe \u00e9taient migrant.es<\/li><li>70% des meurtres ont eu lieu en Am\u00e9rique du Sud et Am\u00e9rique Centrale, 33% au Br\u00e9sil<\/li><li>36% des meurtres ont eu lieu dans la rue, 24% au domicile de la personne<\/li><li>L&rsquo;\u00e2ge moyen des personnes tu\u00e9es est de 30 ans<\/li><li>La plus jeune personne avait 13 ans, la plus vieille 68<\/li><\/ul>\n\n\n\n<p>Ces chiffres sont ceux cit\u00e9s sur <a href=\"https:\/\/transrespect.org\/en\/tmm-update-tdor-2021\/\" target=\"_blank\" rel=\"noreferrer noopener\">la page du TDoR 2021<\/a><sup>[6]<\/sup>, je les ai simplement traduits. Voici maintenant les informations que j&rsquo;ai r\u00e9cup\u00e9r\u00e9es en lisant le rapport. Je vais me concentrer sur l&rsquo;Europe (en tant que continent) et la France.<\/p>\n\n\n\n<ul class=\"wp-block-list\"><li>Cette ann\u00e9e, 11 personnes ont \u00e9t\u00e9 tu\u00e9es en Europe globalement<ul><li>Cela repr\u00e9sente 2 personnes de moins que l&rsquo;ann\u00e9e derni\u00e8re<\/li><\/ul><\/li><li>En France, 3 personnes trans ont \u00e9t\u00e9 tu\u00e9es cette ann\u00e9e<ul><li>C&rsquo;est le nombre de meurtres de personnes trans <em>le plus \u00e9lev\u00e9 jamais enregistr\u00e9<\/em> en France sur une ann\u00e9e<\/li><\/ul><\/li><li>En France, 1 personne trans est tu\u00e9e par an <em>en moyenne<\/em><ul><li>En pratique, il n&rsquo;y a heureusement pas de meurtre tous les ans<\/li><\/ul><\/li><li>Les 3 pays les plus meurtriers sont la Turquie, l&rsquo;Italie et l&rsquo;Espagne<ul><li>Respectivement 58, 44 et 14 meurtres enregistr\u00e9s entre 2008 et 2021 (sur 13 ans)<\/li><li>La France arrive en 4\u00e8me, avec 12 meurtres entre 2008 et 2021<\/li><\/ul><\/li><li>Plusieurs pays n&rsquo;ont jamais enregistr\u00e9 de meurtre depuis 2008<\/li><\/ul>\n\n\n\n<p>En parall\u00e8le, l&rsquo;initiative \u00ab\u00a0<a href=\"https:\/\/tdor.translivesmatter.info\/reports?from=2020-10-01&amp;to=2021-09-30&amp;country=all&amp;category=all&amp;view=list&amp;filter=\" target=\"_blank\" rel=\"noreferrer noopener\">Remembering our Deads<\/a><sup>[7]<\/sup>\u00a0\u00bb de <a href=\"https:\/\/tdor.translivesmatter.info\/\" target=\"_blank\" rel=\"noreferrer noopener\">Trans Lives Matter<\/a><sup>[4]<\/sup>, qui compte toutes les morts non naturelles, donne les chiffres suivants :<\/p>\n\n\n\n<ul class=\"wp-block-list\"><li>462 personnes trans sont mortes en 2021 <em>\u00e0 cause de la transphobie<\/em><ul><li>78% des morts sont la cons\u00e9quence de violences directes<\/li><li>8% sont des suicides<\/li><li>5% sont li\u00e9es \u00e0 un probl\u00e8me m\u00e9dical<\/li><li>5% sont sans cat\u00e9gorie (cause du d\u00e9c\u00e8s non identifi\u00e9e)<\/li><li>2% sont li\u00e9es \u00e0 une d\u00e9tention<\/li><\/ul><\/li><li>En France, il y a eu 8 mort de personnes trans sur l&rsquo;ann\u00e9e 2021<ul><li>3 sont des meurtres, 5 sont des suicides<\/li><li>La moyenne d&rsquo;\u00e2ge des personnes qui se sont suicid\u00e9es est de 20 ans, la plus jeune avait 17 ans, la plus \u00e2g\u00e9e avait 25 ans<\/li><li>La moyenne d&rsquo;\u00e2ge des personnes tu\u00e9es est de 43 ans, la plus jeune avait 31 ans, la plus \u00e2g\u00e9e avait 50 ans<\/li><\/ul><\/li><\/ul>\n\n\n\n<p>Les associations trans qui ont fait des publications sur la Journ\u00e9e du Souvenir Trans 2021 ont parfois cit\u00e9 le chiffre de 8 morts, sans pr\u00e9ciser que 5 sont li\u00e9es \u00e0 des suicides et non \u00e0 des meurtres. Certaines personnes ont cit\u00e9 d&rsquo;autres noms que ceux r\u00e9pertori\u00e9s, mais m\u00eame apr\u00e8s recherches je n&rsquo;ai trouv\u00e9 aucun avis de d\u00e9c\u00e8s, aucun article, aucun post facebook pour confirmer. J&rsquo;en reste donc aux chiffres de TvT.<\/p>\n\n\n\n<p>Maintenant que les chiffres et les sources sont cit\u00e9es, je vais essayer de proposer une analyse claire et compr\u00e9hensible de tout \u00e7a. Et je vais commencer par expliquer pourquoi faire une telle analyse est si compliqu\u00e9.<\/p>\n\n\n\n<h2 class=\"wp-block-heading\">Le manque de donn\u00e9es<\/h2>\n\n\n\n<p><em>Sur l&rsquo;absence de d\u00e9finition claire de la transidentit\u00e9, sur l&rsquo;impossibilit\u00e9 d&rsquo;identifier \u00e0 100% les victimes, et sur l&rsquo;absence de donn\u00e9es d\u00e9mographiques sur les personnes trans dans le monde et en France.<\/em><\/p>\n\n\n\n<p>En plus des donn\u00e9es r\u00e9colt\u00e9es plus haut par TvT, il me faut quelques informations importantes. Quels sont les crit\u00e8res pour d\u00e9finir qu&rsquo;une personne tu\u00e9e \u00e9tait bien trans et pas seulement travestie ou non conforme au genre ? Quel est le taux de personnes trans dans une population par rapport \u00e0 la population non-trans ? Est-ce que cette proportion est la m\u00eame pour tous les pays ? Quelle est l&rsquo;\u00e9volution de la population trans dans le temps, est-ce qu&rsquo;elle augmente ou diminue ? Quelle est la d\u00e9mographie de la population trans, son esp\u00e9rance de vie ? Toutes ces questions d\u00e9pendent les unes des autres et permettent de brosser un tableau r\u00e9aliste de la situation.<\/p>\n\n\n\n<p>Malheureusement, il est quasiment impossible de savoir si une personne est trans ou non dans un grand nombre de cas. Parce que tout le monde n&rsquo;est pas ouvertement trans, que toutes les personnes trans ne font pas de proc\u00e9dures de transition officielle (m\u00e9dicale ou juridique), et que certaines cultures ont des troisi\u00e8mes genres officiels, la d\u00e9finition est floue. C&rsquo;est pour cette raison que TvT indique comptabiliser les personnes trans <em>et diverses du genre<\/em> (peu importe ce que \u00e7a veut dire), pour ne pas risquer de ne pas comptabiliser quelqu&rsquo;un qui serait peut-\u00eatre trans. Les associations mettent \u00e9galement en garde que les chiffres officiels sont sans doute plus bas que la r\u00e9alit\u00e9 car on ne peut pas r\u00e9pertorier tous les meurtres dans certains pays.<\/p>\n\n\n\n<p>Je vais me concentrer sur l&rsquo;Europe pour avoir acc\u00e8s aux donn\u00e9es locales et aux informations d\u00e9mographiques de la France. En France, il n&rsquo;y a pas de recensement qui permette d&rsquo;avoir une id\u00e9e du nombre de personnes trans dans le pays. Les chiffres disponibles datent de plusieurs ann\u00e9es et proviennent d&rsquo;autres pays, ce qui permet de th\u00e9oriser sur une moyenne, mais <em>pas de savoir r\u00e9ellement<\/em>.<\/p>\n\n\n\n<p>Il est \u00e9galement important de noter que la population trans n&rsquo;est pas homog\u00e8ne : contrairement \u00e0 l&rsquo;homosexualit\u00e9, l&rsquo;identification transgenre varie en fonction du sexe, de l&rsquo;\u00e2ge, de la sant\u00e9 mentale et de l&rsquo;orientation sexuelle principalement. On sait aussi que la transidentit\u00e9 varie en fonction de la culture, puisqu&rsquo;un ph\u00e9nom\u00e8ne de contagion sociale a \u00e9t\u00e9 observ\u00e9. Ce ph\u00e9nom\u00e8ne n&rsquo;a pas \u00e9t\u00e9 mesur\u00e9 en France, ce qui emp\u00eache de conna\u00eetre l&rsquo;\u00e9volution de la population trans dans le temps. De plus, beaucoup de statistiques comptent les personnes qui \u00ab\u00a0s&rsquo;identifient LGBT\u00a0\u00bb sans diff\u00e9rencier les personnes trans et homosexuelles, ce qui brouille les chiffres.<\/p>\n\n\n\n<p>Pour cette raison, je vais \u00eatre oblig\u00e9e de sp\u00e9culer sur les donn\u00e9es fran\u00e7aises en me basant sur les donn\u00e9es d&rsquo;un pays proche et qui documente mieux la question : la Grande-Bretagne. Je sais que c&rsquo;est loin d&rsquo;\u00eatre id\u00e9al, donc si parmi mes lectrices l&rsquo;une de vous peut me fournir des donn\u00e9es fran\u00e7aises, je lui en serai extr\u00eamement reconnaissante. En attendant, je vais analyser la situation de Grande-Bretagne et rapporter certains chiffres \u00e0 la France pour compenser les donn\u00e9es manquantes.<\/p>\n\n\n\n<p>Maintenant que la raison pour laquelle tout ceci est extr\u00eamement complexe a \u00e9t\u00e9 d\u00e9finie, essayons d&rsquo;analyser les chiffres \u00e0 partir des donn\u00e9es que nous poss\u00e9dons et de celles qui manquent.<\/p>\n\n\n\n<h2 class=\"wp-block-heading\">Du coup, \u00e7a fait combien ?<\/h2>\n\n\n\n<p><em>Utilisation des donn\u00e9es d&rsquo;autres pays pour compenser le manque de chiffres en France et faire une estimation de la situation<\/em>.<\/p>\n\n\n\n<p>Ici je vais essayer de brosser un tableau r\u00e9aliste de la situation en me basant sur les chiffres disponibles, et voir si les r\u00e9sultats sont en concordance avec les affirmations des militants et des politiques. Je ferai cette comparaison pour la France mais aussi pour la Grande-Bretagne.<\/p>\n\n\n\n<h3 class=\"wp-block-heading\">Combien de personnes trans en France ?<\/h3>\n\n\n\n<p>Comme dit pr\u00e9c\u00e9demment, il n&rsquo;y a pas de chiffres qui permettent d&rsquo;\u00e9valuer la population trans en France. <a href=\"https:\/\/assets.publishing.service.gov.uk\/government\/uploads\/system\/uploads\/attachment_data\/file\/721642\/GEO-LGBT-factsheet.pdf\" target=\"_blank\" rel=\"noreferrer noopener\">En Grande-Bretagne en 2018<\/a><sup>[8]<\/sup>, la population trans \u00e9tait \u00e9valu\u00e9e entre <strong>200 000<\/strong> et <strong>500 000<\/strong> personnes, soit entre <strong>0,3%<\/strong> et <strong>0,75%<\/strong> de la population.<\/p>\n\n\n\n<p><em>Je vais partir du principe que ce chiffre est rest\u00e9 stable malgr\u00e9 l&rsquo;augmentation tr\u00e8s probable de la population trans<\/em>. <a href=\"https:\/\/www.insee.fr\/fr\/statistiques\/serie\/001641607#Graphique\" target=\"_blank\" rel=\"noreferrer noopener\">Selon l&rsquo;INSEE<\/a><sup>[9]<\/sup>, la population Fran\u00e7aise en octobre 2021 est de 67 505 000 individus. Si l&rsquo;on applique cette proportion \u00e0 la France en 2020-2021, cela fait un total situ\u00e9 entre 202 515 et 506 287 de personnes trans r\u00e9sidant en France en octobre 2021, ce qui est semblable au chiffre de Grande-Bretagne. <\/p>\n\n\n\n<p>Pour me simplifier la vie, je vais faire une moyenne de ces chiffres, ce qui \u00e9vitera de faire deux calculs \u00e0 chaque fois et de brouiller les donn\u00e9es. De plus, cela \u00e9vitera de surestimer ou sous-estimer la population transgenre en France. Je retiens donc une population trans de <strong>354 401<\/strong> individus en France en 2021. Encore une fois, ce chiffre est une estimation bas\u00e9e sur les donn\u00e9es d&rsquo;un autre pays et en partant du principe que la population trans n&rsquo;a ni baiss\u00e9e, ni augment\u00e9e, ce qui est hautement improbable.<\/p>\n\n\n\n<h3 class=\"wp-block-heading\">Combien de personnes trans sont tu\u00e9es ?<\/h3>\n\n\n\n<p>Il n&rsquo;existe pas de source officielle gouvernementale sur ce sujet, que ce soit en France ou en Grande-Bretagne. Je vais donc utiliser les donn\u00e9es du Trans Murder Monitoring m\u00eame s&rsquo;il s&rsquo;agit d&rsquo;une source non officielle. Pour rappel cette source compte uniquement les meurtres, pas les suicides ou accidents. En revanche, <em>tous les meurtres sont comptabilis\u00e9s<\/em>, puisque TvT part du principe qu&rsquo;un meurtre de personne trans est forc\u00e9ment \u00e0 motivation transphobe.<\/p>\n\n\n\n<p>Je r\u00e9p\u00e8te les chiffres cit\u00e9s plus haut : En France il y a eu 12 personnes tu\u00e9es sur la p\u00e9riode de 13 ans depuis laquelle TvT r\u00e9pertorie les meurtres. 3 personnes trans ont \u00e9t\u00e9 tu\u00e9es cette ann\u00e9e, ce qui est le chiffre le plus haut jamais r\u00e9pertori\u00e9 en France. Il n&rsquo;y a pas de meurtre chaque ann\u00e9e, mais cette ann\u00e9e a \u00e9t\u00e9 particuli\u00e8rement violente.<\/p>\n\n\n\n<figure class=\"wp-block-image alignwide size-full\"><img loading=\"lazy\" decoding=\"async\" width=\"957\" height=\"587\" data-attachment-id=\"2662\" data-permalink=\"https:\/\/radcaen.fr\/tvt-tmm-2021-tableau-europe\/\" data-orig-file=\"https:\/\/radcaen.fr\/wp-content\/uploads\/2021\/11\/TvT-TMM-2021-tableau-Europe.png\" data-orig-size=\"957,587\" data-comments-opened=\"1\" data-image-meta=\"{&quot;aperture&quot;:&quot;0&quot;,&quot;credit&quot;:&quot;&quot;,&quot;camera&quot;:&quot;&quot;,&quot;caption&quot;:&quot;&quot;,&quot;created_timestamp&quot;:&quot;0&quot;,&quot;copyright&quot;:&quot;&quot;,&quot;focal_length&quot;:&quot;0&quot;,&quot;iso&quot;:&quot;0&quot;,&quot;shutter_speed&quot;:&quot;0&quot;,&quot;title&quot;:&quot;&quot;,&quot;orientation&quot;:&quot;0&quot;}\" data-image-title=\"TvT TMM 2021 tableau Europe\" data-image-description=\"\" data-image-caption=\"&lt;p&gt;Tableau de donn\u00e9es \u00e0 double entr\u00e9e comptabilisant les personnes trans tu\u00e9es en Europe, par ann\u00e9e et par pays.&lt;br \/&gt;\nSource : Trans Murder Monitoring de Transrespect vs Transphobia (tableaux cumulatifs).&lt;\/p&gt;\n\" data-medium-file=\"https:\/\/radcaen.fr\/wp-content\/uploads\/2021\/11\/TvT-TMM-2021-tableau-Europe-300x184.png\" data-large-file=\"https:\/\/radcaen.fr\/wp-content\/uploads\/2021\/11\/TvT-TMM-2021-tableau-Europe.png\" src=\"https:\/\/radcaen.fr\/wp-content\/uploads\/2021\/11\/TvT-TMM-2021-tableau-Europe.png\" alt=\"Tableau de donn\u00e9es \u00e0 double entr\u00e9e comptabilisant les personnes trans tu\u00e9es en Europe, par ann\u00e9e et par pays.\" class=\"wp-image-2662\" srcset=\"https:\/\/radcaen.fr\/wp-content\/uploads\/2021\/11\/TvT-TMM-2021-tableau-Europe.png 957w, https:\/\/radcaen.fr\/wp-content\/uploads\/2021\/11\/TvT-TMM-2021-tableau-Europe-300x184.png 300w, https:\/\/radcaen.fr\/wp-content\/uploads\/2021\/11\/TvT-TMM-2021-tableau-Europe-768x471.png 768w, https:\/\/radcaen.fr\/wp-content\/uploads\/2021\/11\/TvT-TMM-2021-tableau-Europe-600x368.png 600w\" sizes=\"auto, (max-width: 957px) 100vw, 957px\" \/><figcaption>Tableau de donn\u00e9es \u00e0 double entr\u00e9e comptabilisant les personnes trans tu\u00e9es en Europe, par ann\u00e9e et par pays. Emphase rajout\u00e9e par mes soins.<br>Source : <a href=\"https:\/\/transrespect.org\/wp-content\/uploads\/2021\/11\/TvT_TMM_TDoR2021_Tables.pdf\" target=\"_blank\" rel=\"noreferrer noopener\">Trans Murder Monitoring de Transrespect vs Transphobia (tableaux cumulatifs)<\/a><sup>[10]<\/sup>.<\/figcaption><\/figure>\n\n\n\n<p>Bas\u00e9 sur ces donn\u00e9es, on peut dire que la personne trans moyenne r\u00e9sidant en France a environs <strong>1 chance sur 354 401<\/strong> d&rsquo;\u00eatre tu\u00e9e chaque ann\u00e9e. Proportionnellement, c&rsquo;est \u00e9gal \u00e0 un taux de <strong>0,003<\/strong> morts chaque ann\u00e9e <em>pour 1000 personnes<\/em>. Cette ann\u00e9e, il y a eu 3 meurtres, ce qui donne 1 chance sur 354 401, et un taux exceptionnellement haut (puisque je le rappelle, on n&rsquo;a jamais vu autant de meurtre sur une ann\u00e9e en France) de <strong>0,008<\/strong> morts pour 1000.<\/p>\n\n\n\n<p>Pour r\u00e9sumer :<br>Taux moyen de mortalit\u00e9 \u00e0 <strong>0,003<\/strong> (pour 1000).<br>Taux exceptionnel cette ann\u00e9e \u00e0 <strong>0,008<\/strong> (pour 1000).<\/p>\n\n\n\n<h3 class=\"wp-block-heading\">Et la population non-trans ?<\/h3>\n\n\n\n<p>Pour savoir si ce taux est \u00e9lev\u00e9, il faut le comparer \u00e0 une population non-trans, ou population g\u00e9n\u00e9rale. Ainsi, si le taux de meurtre des personnes trans est plus \u00e9lev\u00e9, on peut en conclure que s&rsquo;identifier trans met \u00e0 risque d&rsquo;homicide par rapport \u00e0 une personne non-trans. Selon les <a href=\"https:\/\/www.interieur.gouv.fr\/content\/download\/127444\/1018555\/file\/1_Homicides.pdf\" target=\"_blank\" rel=\"noreferrer noopener\">sources du gouvernement concernant les homicides commis en 2020<\/a><sup>[11]<\/sup> (chiffres les plus r\u00e9cents disponibles), le taux d&rsquo;homicides est de <strong>0,013 pour 1000<\/strong> en France m\u00e9tropolitaine.<\/p>\n\n\n\n<p>Au vu des donn\u00e9es (limit\u00e9es, certes) que j&rsquo;ai en ma possession, je peux donc conclure qu&rsquo;en France, il est tr\u00e8s probable que la personne trans moyenne ait moins de probabilit\u00e9s d&rsquo;\u00eatre tu\u00e9e que la personne non-trans moyenne. Si je fais le calcul en me basant sur les donn\u00e9es g\u00e9n\u00e9rales, et en prenant en compte le fait que le taux d&rsquo;homicide en France est en baisse, <em>une personne trans a en moyenne 4 fois moins de chances d&rsquo;\u00eatre tu\u00e9e qu&rsquo;une personne non-trans<\/em>.<\/p>\n\n\n\n<p>Et si je me base sur le taux exceptionnel de cette ann\u00e9e, alors une personne trans a un peu moins de 2 fois moins de chances d&rsquo;\u00eatre tu\u00e9e qu&rsquo;une personne non-trans.<\/p>\n\n\n\n<p>Il faut tout de m\u00eame garder en t\u00eate qu&rsquo;\u00e9tant donn\u00e9 que nous faisons face \u00e0 de petits chiffres, il est tr\u00e8s facile pour ces donn\u00e9es de doubler ou tripler d&rsquo;une ann\u00e9e sur l&rsquo;autre. Par exemple, avec 3 personnes trans tu\u00e9es cette ann\u00e9e par rapport \u00e0 1 seule l&rsquo;ann\u00e9e derni\u00e8re, je peux dire qu&rsquo;il y a eu une augmentation de 200% des meurtres entre 2020 et 2021.<\/p>\n\n\n\n<p>Et comme mes calculs sont bas\u00e9s sur des sp\u00e9culations, je ne peux pas trancher dans le vif et affirmer \u00e0 100% que les taux que j&rsquo;ai trouv\u00e9s sont correctes. Je ne peux qu&rsquo;affirmer qu&rsquo;au vu des donn\u00e9es disponibles, \u00eatre trans ne met pas particuli\u00e8rement \u00e0 risque de mourir d&rsquo;homicide en France. C&rsquo;est une bonne nouvelle, qu&rsquo;il faudrait confirmer avec des donn\u00e9es fiables.<\/p>\n\n\n\n<h3 class=\"wp-block-heading\">Analyse plus pouss\u00e9e<\/h3>\n\n\n\n<p>Pour cet article, j&rsquo;ai eu la chance de recevoir l&rsquo;aide de Feminist Witch Memes, qui s&rsquo;y conna\u00eet bien en maths et statistiques. En plus de relire mon article pour v\u00e9rifier les calculs, elle a eu la bont\u00e9 de cr\u00e9er un document pdf d\u00e9taill\u00e9 sur le sujet. Son analyse prend en compte la d\u00e9mographie dont faisaient partie les victimes, ainsi que les deux estimations de la proportion de personnes trans. Vous pouvez t\u00e9l\u00e9charger son document \u00e0 la fin de l&rsquo;article, ou dans la section \u00ab\u00a0Ressources\u00a0\u00bb du blog.<\/p>\n\n\n\n<p>Tous ses calculs et son raisonnement sont d\u00e9taill\u00e9s de mani\u00e8re compr\u00e9hensible pour quelqu&rsquo;un qui ne s&rsquo;y conna\u00eet pas aussi bien qu&rsquo;elle en math\u00e9matiques. Les calculs et les conclusions sont agr\u00e9ment\u00e9es de graphiques et de tableaux pour aider \u00e0 la compr\u00e9hension et faire une repr\u00e9sentation visuelle des r\u00e9sultats. Elle partage \u00e9galement toutes ses sources sur la d\u00e9mographie de la population.<\/p>\n\n\n\n<p>Je vous invite \u00e0 consulter ce document pour avoir une interpr\u00e9tation plus d\u00e9taill\u00e9e de mes calculs et de mes r\u00e9sultats. Sans ce document, cet article n&rsquo;est pas vraiment complet, car mes calculs ont \u00e9t\u00e9 volontairement simplifi\u00e9s pour permettre de vulgariser les r\u00e9sultats.<\/p>\n\n\n\n<h2 class=\"wp-block-heading\">Conclusion<\/h2>\n\n\n\n<p>C&rsquo;en est fini de l&rsquo;analyse chiffr\u00e9e. Au vu de mes r\u00e9sultats et de ceux de Feminist Witch Memes, nous pouvons conclure que les personnes trans n&rsquo;ont pas plus de risque d&rsquo;\u00eatre victimes d&rsquo;homicides que la population g\u00e9n\u00e9rale. Ce serait m\u00eame l&rsquo;inverse, avec des taux non pas \u00e9gaux mais inf\u00e9rieurs \u00e0 la moyenne nationale. Mais pour en \u00eatre s\u00fbres, il faudrait conna\u00eetre le nombre r\u00e9el de personnes trans dans la population.<\/p>\n\n\n\n<p>Cet article n&rsquo;a pas \u00e9t\u00e9 \u00e9crit dans le but de pouvoir scander que la transphobie n&rsquo;existe pas, que les personnes trans sont privil\u00e9gi\u00e9es ou qu&rsquo;avec 375 meurtres en une ann\u00e9e dans le monde, il n&rsquo;y a aucune raison de se plaindre. Mon but est de souligner qu&rsquo;il y a un d\u00e9calage \u00e9norme entre les affirmations des associations trans et la r\u00e9alit\u00e9. Mon but est aussi de contester l&rsquo;argument selon lequel les personnes trans sont une des populations les plus \u00e0 risques et les plus vuln\u00e9rables. Il n&rsquo;y a pas d&rsquo;\u00e9pid\u00e9mie de meurtre de personnes trans en France.<\/p>\n\n\n\n<p>Je sais que cette affirmation sera per\u00e7ue comme une invalidation de la souffrance trans et honn\u00eatement, je ne peux pas contr\u00f4ler ce que les gens pensent de ce que j&rsquo;\u00e9cris. S&rsquo;il n&rsquo;y a pas de preuves de meurtres, il n&rsquo;y a pas de preuves. Je ne vais pas les inventer. Ce que je sais, c&rsquo;est que ces donn\u00e9es sont utilis\u00e9es pour r\u00e9pandre des mensonges et influencer les d\u00e9cisions politiques concernant les personnes trans.<\/p>\n\n\n\n<p>Or, ces d\u00e9cisions impactent les droits des femmes, des enfants, des gays et lesbiennes au nom de la s\u00e9curit\u00e9 des personnes trans. Sans preuve de ce besoin urgent de s\u00e9curit\u00e9 face \u00e0 une violence meurtri\u00e8re, certaines d\u00e9cisions sont \u00e0 remettre en question au vu de leur impact. C&rsquo;est aussi pour \u00e7a que cet article sera critiqu\u00e9, et pas juste parce que je me permet d&rsquo;analyser les donn\u00e9es derri\u00e8re une comm\u00e9moration.<\/p>\n\n\n\n<p>Un deuxi\u00e8me article sera d\u00e9di\u00e9 au sujet de l&rsquo;utilisation de ces meurtres \u00e0 des fins politiques. J&rsquo;aurais aim\u00e9 pouvoir tout d\u00e9velopper dans un seul article mais le contenu final aurait \u00e9t\u00e9 trop long \u00e0 mes yeux. J&rsquo;ai donc d\u00e9cid\u00e9 de faire un article d\u00e9di\u00e9 \u00e0 l&rsquo;analyse des chiffres pour avoir des donn\u00e9es sur lesquelles me reposer, et un d\u00e9di\u00e9 \u00e0 l&rsquo;analyse des affirmations sur la mortalit\u00e9 trans. Car les chiffres que nous venons de d\u00e9gager sont tr\u00e8s diff\u00e9rents de ceux avanc\u00e9s par les associations.<\/p>\n\n\n\n<p>Donc v\u00e9rifiez toujours les chiffres. V\u00e9rifiez les donn\u00e9es existantes. Demandez \u00e0 ce que l&rsquo;on puisse avoir les donn\u00e9es qui manquent. Les personnes trans seront les premi\u00e8res \u00e0 en b\u00e9n\u00e9ficier si nous avons une id\u00e9e r\u00e9aliste de leur situation en France. V\u00e9rifiez mes calculs par acquis de conscience. Partagez cet article et le document li\u00e9. On ne peut pas argumenter sans preuves.<\/p>\n\n\n\n<p>T\u00e9l\u00e9charger l&rsquo;analyse d\u00e9taill\u00e9e de Feminist Witch Memes :<\/p>\n\n\n\n<div class=\"wp-block-file\"><a href=\"https:\/\/radcaen.fr\/wp-content\/uploads\/2021\/11\/Analyse-des-chiffres-du-TDoR-2021.pdf\" target=\"_blank\" rel=\"noreferrer noopener\">Analyse du nombre de meurtres de la population transgenre en France et aux Etats-Unis (2021)<\/a><a href=\"https:\/\/radcaen.fr\/wp-content\/uploads\/2021\/11\/Analyse-des-chiffres-du-TDoR-2021.pdf\" class=\"wp-block-file__button\" download>T\u00e9l\u00e9charger<\/a><\/div>\n\n\n\n<p><span style=\"text-decoration:underline;\">Sources externes :<\/span><br>(1) <a href=\"https:\/\/tetu.com\/2021\/11\/21\/tdor-journee-du-souvenir-trans-2021-manifestation-paris-transphobie\/\" target=\"_blank\" rel=\"noreferrer noopener\">Article sur la Journ\u00e9e du Souvenir Trans 2021<\/a> de <a href=\"https:\/\/tetu.com\/2021\/11\/21\/tdor-journee-du-souvenir-trans-2021-manifestation-paris-transphobie\/\" target=\"_blank\" rel=\"noreferrer noopener\">T\u00eatu<\/a><br>(2) Site internet de <a href=\"https:\/\/transrespect.org\/en\/\" target=\"_blank\" rel=\"noreferrer noopener\">Transrespect vs Transphobia<\/a><br>(3) Page des <a href=\"https:\/\/transrespect.org\/en\/research\/tmm\/\" target=\"_blank\" rel=\"noreferrer noopener\">Trans Murder Monitoring<\/a><br>(4) Le rapport 2021 du site <a href=\"https:\/\/tdor.translivesmatter.info\/reports?from=2020-10-01&amp;to=2021-09-30&amp;country=all&amp;category=all&amp;view=list&amp;filter=\" target=\"_blank\" rel=\"noreferrer noopener\">Trans Lives Matter<\/a><br>(5) <a href=\"https:\/\/www.sos-transphobie.org\/journee-du-souvenir-trans-transgender-day-of-remembrance-victimes-de-transphobie-20-novembre-2021\" target=\"_blank\" rel=\"noreferrer noopener\">Journ\u00e9e du Souvenir Trans 2021<\/a> sur <a href=\"https:\/\/www.sos-transphobie.org\/\" target=\"_blank\" rel=\"noreferrer noopener\">sos-transphobie<\/a><br>(6) <a href=\"https:\/\/transrespect.org\/en\/tmm-update-tdor-2021\/\" target=\"_blank\" rel=\"noreferrer noopener\">Le Trans Murder Monitoring de 2021<\/a> (page internet)<br>(7) <a href=\"https:\/\/tdor.translivesmatter.info\/reports?from=2020-10-01&amp;to=2021-09-30&amp;country=all&amp;category=all&amp;view=list&amp;filter=\" target=\"_blank\" rel=\"noreferrer noopener\">Remembering Our Deads<\/a> (page internet)<br>(8) <a href=\"https:\/\/assets.publishing.service.gov.uk\/government\/uploads\/system\/uploads\/attachment_data\/file\/721642\/GEO-LGBT-factsheet.pdf\" target=\"_blank\" rel=\"noreferrer noopener\">Trans people in the UK<\/a> (2018) (pdf)<br>(9) <a href=\"https:\/\/www.insee.fr\/fr\/statistiques\/serie\/001641607#Graphique\" target=\"_blank\" rel=\"noreferrer noopener\">D\u00e9mographie de la France &#8211; INSEE<\/a><br>(10) <a href=\"https:\/\/transrespect.org\/wp-content\/uploads\/2021\/11\/TvT_TMM_TDoR2021_Tables.pdf\" target=\"_blank\" rel=\"noreferrer noopener\">Tableaux cumulatifs du Trans Murder Monitoring<\/a> (pdf)<br>(11) <a href=\"https:\/\/www.interieur.gouv.fr\/content\/download\/127444\/1018555\/file\/1_Homicides.pdf\" target=\"_blank\" rel=\"noreferrer noopener\">Homicides en France en 2020 &#8211; Interstats<\/a> (pdf)<\/p>\n\n\n\n<div style=\"height:100px\" aria-hidden=\"true\" class=\"wp-block-spacer\"><\/div>\n\n\n\n<p>[kofi]<\/p>\n\n\n\n<p>CC BY-NC-SA 4.0<\/p>\n","protected":false},"excerpt":{"rendered":"<p>L&rsquo;espoir de ne pas revenir l&rsquo;an prochain illumine les esprits un instant. Un instant seulement. \u201cCar avec la politique actuelle de l&rsquo;\u00c9tat, oui nous serons l\u00e0 l&rsquo;an prochain, avertit Acceptes-T. L\u2019\u00c9tat doit changer de politique pour que l&rsquo;on \u00e9vite chaque ann\u00e9es de compte nos mort\u00b7es.\u201d&nbsp;&#8211;T\u00eatu&#8211; La Journ\u00e9e du Souvenir Trans, abr\u00e9g\u00e9e en TDoR pour Trans [&hellip;]<\/p>\n","protected":false},"author":2,"featured_media":0,"comment_status":"open","ping_status":"open","sticky":false,"template":"","format":"standard","meta":{"_monsterinsights_skip_tracking":false,"_monsterinsights_sitenote_active":false,"_monsterinsights_sitenote_note":"","_monsterinsights_sitenote_category":0,"_jetpack_memberships_contains_paid_content":false,"footnotes":""},"categories":[38],"tags":[40,7],"class_list":["post-2635","post","type-post","status-publish","format-standard","hentry","category-articles","tag-feminisme","tag-transactivisme"],"yoast_head":"<!-- This site is optimized with the Yoast SEO plugin v26.8 - https:\/\/yoast.com\/product\/yoast-seo-wordpress\/ -->\n<title>Les chiffres de la Journ\u00e9e du Souvenir Trans 2021 - RadCaen<\/title>\n<meta name=\"description\" content=\"Premier article sur la journ\u00e9e du souvenir trans 2021. Analyse des donn\u00e9es chiffr\u00e9es et comparaison avec la population non-trans.\" \/>\n<meta name=\"robots\" content=\"index, follow, max-snippet:-1, max-image-preview:large, max-video-preview:-1\" \/>\n<link rel=\"canonical\" href=\"https:\/\/radcaen.fr\/index.php\/2021\/12\/01\/les-chiffres-de-la-journee-du-souvenir-trans-2021\/\" \/>\n<meta property=\"og:locale\" content=\"fr_FR\" \/>\n<meta property=\"og:type\" content=\"article\" \/>\n<meta property=\"og:title\" content=\"Les chiffres de la Journ\u00e9e du Souvenir Trans 2021 - RadCaen\" \/>\n<meta property=\"og:description\" content=\"Premier article sur la journ\u00e9e du souvenir trans 2021. Analyse des donn\u00e9es chiffr\u00e9es et comparaison avec la population non-trans.\" \/>\n<meta property=\"og:url\" content=\"https:\/\/radcaen.fr\/index.php\/2021\/12\/01\/les-chiffres-de-la-journee-du-souvenir-trans-2021\/\" \/>\n<meta property=\"og:site_name\" content=\"RadCaen\" \/>\n<meta property=\"article:published_time\" content=\"2021-12-01T13:00:00+00:00\" \/>\n<meta property=\"og:image\" content=\"https:\/\/radcaen.fr\/wp-content\/uploads\/2021\/11\/TvT-TMM-2021-tableau-Europe.png\" \/>\n<meta name=\"author\" content=\"RadCaen\" \/>\n<meta name=\"twitter:card\" content=\"summary_large_image\" \/>\n<meta name=\"twitter:label1\" content=\"\u00c9crit par\" \/>\n\t<meta name=\"twitter:data1\" content=\"RadCaen\" \/>\n\t<meta name=\"twitter:label2\" content=\"Dur\u00e9e de lecture estim\u00e9e\" \/>\n\t<meta name=\"twitter:data2\" content=\"17 minutes\" \/>\n<script type=\"application\/ld+json\" class=\"yoast-schema-graph\">{\"@context\":\"https:\/\/schema.org\",\"@graph\":[{\"@type\":\"Article\",\"@id\":\"https:\/\/radcaen.fr\/index.php\/2021\/12\/01\/les-chiffres-de-la-journee-du-souvenir-trans-2021\/#article\",\"isPartOf\":{\"@id\":\"https:\/\/radcaen.fr\/index.php\/2021\/12\/01\/les-chiffres-de-la-journee-du-souvenir-trans-2021\/\"},\"author\":{\"name\":\"RadCaen\",\"@id\":\"https:\/\/radcaen.fr\/#\/schema\/person\/a9aba7c1961f02b55b6b76bbcc72ffbb\"},\"headline\":\"Les chiffres de la Journ\u00e9e du Souvenir Trans 2021\",\"datePublished\":\"2021-12-01T13:00:00+00:00\",\"mainEntityOfPage\":{\"@id\":\"https:\/\/radcaen.fr\/index.php\/2021\/12\/01\/les-chiffres-de-la-journee-du-souvenir-trans-2021\/\"},\"wordCount\":4012,\"commentCount\":3,\"publisher\":{\"@id\":\"https:\/\/radcaen.fr\/#\/schema\/person\/a9aba7c1961f02b55b6b76bbcc72ffbb\"},\"image\":{\"@id\":\"https:\/\/radcaen.fr\/index.php\/2021\/12\/01\/les-chiffres-de-la-journee-du-souvenir-trans-2021\/#primaryimage\"},\"thumbnailUrl\":\"https:\/\/radcaen.fr\/wp-content\/uploads\/2021\/11\/TvT-TMM-2021-tableau-Europe.png\",\"keywords\":[\"F\u00e9minisme\",\"Transactivisme\"],\"articleSection\":[\"Articles\"],\"inLanguage\":\"fr-FR\",\"potentialAction\":[{\"@type\":\"CommentAction\",\"name\":\"Comment\",\"target\":[\"https:\/\/radcaen.fr\/index.php\/2021\/12\/01\/les-chiffres-de-la-journee-du-souvenir-trans-2021\/#respond\"]}]},{\"@type\":\"WebPage\",\"@id\":\"https:\/\/radcaen.fr\/index.php\/2021\/12\/01\/les-chiffres-de-la-journee-du-souvenir-trans-2021\/\",\"url\":\"https:\/\/radcaen.fr\/index.php\/2021\/12\/01\/les-chiffres-de-la-journee-du-souvenir-trans-2021\/\",\"name\":\"Les chiffres de la Journ\u00e9e du Souvenir Trans 2021 - RadCaen\",\"isPartOf\":{\"@id\":\"https:\/\/radcaen.fr\/#website\"},\"primaryImageOfPage\":{\"@id\":\"https:\/\/radcaen.fr\/index.php\/2021\/12\/01\/les-chiffres-de-la-journee-du-souvenir-trans-2021\/#primaryimage\"},\"image\":{\"@id\":\"https:\/\/radcaen.fr\/index.php\/2021\/12\/01\/les-chiffres-de-la-journee-du-souvenir-trans-2021\/#primaryimage\"},\"thumbnailUrl\":\"https:\/\/radcaen.fr\/wp-content\/uploads\/2021\/11\/TvT-TMM-2021-tableau-Europe.png\",\"datePublished\":\"2021-12-01T13:00:00+00:00\",\"description\":\"Premier article sur la journ\u00e9e du souvenir trans 2021. Analyse des donn\u00e9es chiffr\u00e9es et comparaison avec la population non-trans.\",\"breadcrumb\":{\"@id\":\"https:\/\/radcaen.fr\/index.php\/2021\/12\/01\/les-chiffres-de-la-journee-du-souvenir-trans-2021\/#breadcrumb\"},\"inLanguage\":\"fr-FR\",\"potentialAction\":[{\"@type\":\"ReadAction\",\"target\":[\"https:\/\/radcaen.fr\/index.php\/2021\/12\/01\/les-chiffres-de-la-journee-du-souvenir-trans-2021\/\"]}]},{\"@type\":\"ImageObject\",\"inLanguage\":\"fr-FR\",\"@id\":\"https:\/\/radcaen.fr\/index.php\/2021\/12\/01\/les-chiffres-de-la-journee-du-souvenir-trans-2021\/#primaryimage\",\"url\":\"https:\/\/radcaen.fr\/wp-content\/uploads\/2021\/11\/TvT-TMM-2021-tableau-Europe.png\",\"contentUrl\":\"https:\/\/radcaen.fr\/wp-content\/uploads\/2021\/11\/TvT-TMM-2021-tableau-Europe.png\",\"width\":957,\"height\":587,\"caption\":\"Tableau de donn\u00e9es \u00e0 double entr\u00e9e comptabilisant les personnes trans tu\u00e9es en Europe, par ann\u00e9e et par pays. Source : Trans Murder Monitoring de Transrespect vs Transphobia (tableaux cumulatifs).\"},{\"@type\":\"BreadcrumbList\",\"@id\":\"https:\/\/radcaen.fr\/index.php\/2021\/12\/01\/les-chiffres-de-la-journee-du-souvenir-trans-2021\/#breadcrumb\",\"itemListElement\":[{\"@type\":\"ListItem\",\"position\":1,\"name\":\"Accueil\",\"item\":\"https:\/\/radcaen.fr\/\"},{\"@type\":\"ListItem\",\"position\":2,\"name\":\"Articles\",\"item\":\"https:\/\/radcaen.fr\/index.php\/category\/articles\/\"},{\"@type\":\"ListItem\",\"position\":3,\"name\":\"Les chiffres de la Journ\u00e9e du Souvenir Trans 2021\"}]},{\"@type\":\"WebSite\",\"@id\":\"https:\/\/radcaen.fr\/#website\",\"url\":\"https:\/\/radcaen.fr\/\",\"name\":\"RadCaen\",\"description\":\"F\u00e9minisme radical\",\"publisher\":{\"@id\":\"https:\/\/radcaen.fr\/#\/schema\/person\/a9aba7c1961f02b55b6b76bbcc72ffbb\"},\"potentialAction\":[{\"@type\":\"SearchAction\",\"target\":{\"@type\":\"EntryPoint\",\"urlTemplate\":\"https:\/\/radcaen.fr\/?s={search_term_string}\"},\"query-input\":{\"@type\":\"PropertyValueSpecification\",\"valueRequired\":true,\"valueName\":\"search_term_string\"}}],\"inLanguage\":\"fr-FR\"},{\"@type\":[\"Person\",\"Organization\"],\"@id\":\"https:\/\/radcaen.fr\/#\/schema\/person\/a9aba7c1961f02b55b6b76bbcc72ffbb\",\"name\":\"RadCaen\",\"image\":{\"@type\":\"ImageObject\",\"inLanguage\":\"fr-FR\",\"@id\":\"https:\/\/radcaen.fr\/#\/schema\/person\/image\/\",\"url\":\"https:\/\/radcaen.fr\/wp-content\/uploads\/2020\/11\/cropped-radcaen.png\",\"contentUrl\":\"https:\/\/radcaen.fr\/wp-content\/uploads\/2020\/11\/cropped-radcaen.png\",\"width\":591,\"height\":591,\"caption\":\"RadCaen\"},\"logo\":{\"@id\":\"https:\/\/radcaen.fr\/#\/schema\/person\/image\/\"},\"url\":\"https:\/\/radcaen.fr\/index.php\/author\/mandarine\/\"}]}<\/script>\n<!-- \/ Yoast SEO plugin. -->","yoast_head_json":{"title":"Les chiffres de la Journ\u00e9e du Souvenir Trans 2021 - RadCaen","description":"Premier article sur la journ\u00e9e du souvenir trans 2021. Analyse des donn\u00e9es chiffr\u00e9es et comparaison avec la population non-trans.","robots":{"index":"index","follow":"follow","max-snippet":"max-snippet:-1","max-image-preview":"max-image-preview:large","max-video-preview":"max-video-preview:-1"},"canonical":"https:\/\/radcaen.fr\/index.php\/2021\/12\/01\/les-chiffres-de-la-journee-du-souvenir-trans-2021\/","og_locale":"fr_FR","og_type":"article","og_title":"Les chiffres de la Journ\u00e9e du Souvenir Trans 2021 - RadCaen","og_description":"Premier article sur la journ\u00e9e du souvenir trans 2021. Analyse des donn\u00e9es chiffr\u00e9es et comparaison avec la population non-trans.","og_url":"https:\/\/radcaen.fr\/index.php\/2021\/12\/01\/les-chiffres-de-la-journee-du-souvenir-trans-2021\/","og_site_name":"RadCaen","article_published_time":"2021-12-01T13:00:00+00:00","og_image":[{"url":"https:\/\/radcaen.fr\/wp-content\/uploads\/2021\/11\/TvT-TMM-2021-tableau-Europe.png","type":"","width":"","height":""}],"author":"RadCaen","twitter_card":"summary_large_image","twitter_misc":{"\u00c9crit par":"RadCaen","Dur\u00e9e de lecture estim\u00e9e":"17 minutes"},"schema":{"@context":"https:\/\/schema.org","@graph":[{"@type":"Article","@id":"https:\/\/radcaen.fr\/index.php\/2021\/12\/01\/les-chiffres-de-la-journee-du-souvenir-trans-2021\/#article","isPartOf":{"@id":"https:\/\/radcaen.fr\/index.php\/2021\/12\/01\/les-chiffres-de-la-journee-du-souvenir-trans-2021\/"},"author":{"name":"RadCaen","@id":"https:\/\/radcaen.fr\/#\/schema\/person\/a9aba7c1961f02b55b6b76bbcc72ffbb"},"headline":"Les chiffres de la Journ\u00e9e du Souvenir Trans 2021","datePublished":"2021-12-01T13:00:00+00:00","mainEntityOfPage":{"@id":"https:\/\/radcaen.fr\/index.php\/2021\/12\/01\/les-chiffres-de-la-journee-du-souvenir-trans-2021\/"},"wordCount":4012,"commentCount":3,"publisher":{"@id":"https:\/\/radcaen.fr\/#\/schema\/person\/a9aba7c1961f02b55b6b76bbcc72ffbb"},"image":{"@id":"https:\/\/radcaen.fr\/index.php\/2021\/12\/01\/les-chiffres-de-la-journee-du-souvenir-trans-2021\/#primaryimage"},"thumbnailUrl":"https:\/\/radcaen.fr\/wp-content\/uploads\/2021\/11\/TvT-TMM-2021-tableau-Europe.png","keywords":["F\u00e9minisme","Transactivisme"],"articleSection":["Articles"],"inLanguage":"fr-FR","potentialAction":[{"@type":"CommentAction","name":"Comment","target":["https:\/\/radcaen.fr\/index.php\/2021\/12\/01\/les-chiffres-de-la-journee-du-souvenir-trans-2021\/#respond"]}]},{"@type":"WebPage","@id":"https:\/\/radcaen.fr\/index.php\/2021\/12\/01\/les-chiffres-de-la-journee-du-souvenir-trans-2021\/","url":"https:\/\/radcaen.fr\/index.php\/2021\/12\/01\/les-chiffres-de-la-journee-du-souvenir-trans-2021\/","name":"Les chiffres de la Journ\u00e9e du Souvenir Trans 2021 - RadCaen","isPartOf":{"@id":"https:\/\/radcaen.fr\/#website"},"primaryImageOfPage":{"@id":"https:\/\/radcaen.fr\/index.php\/2021\/12\/01\/les-chiffres-de-la-journee-du-souvenir-trans-2021\/#primaryimage"},"image":{"@id":"https:\/\/radcaen.fr\/index.php\/2021\/12\/01\/les-chiffres-de-la-journee-du-souvenir-trans-2021\/#primaryimage"},"thumbnailUrl":"https:\/\/radcaen.fr\/wp-content\/uploads\/2021\/11\/TvT-TMM-2021-tableau-Europe.png","datePublished":"2021-12-01T13:00:00+00:00","description":"Premier article sur la journ\u00e9e du souvenir trans 2021. Analyse des donn\u00e9es chiffr\u00e9es et comparaison avec la population non-trans.","breadcrumb":{"@id":"https:\/\/radcaen.fr\/index.php\/2021\/12\/01\/les-chiffres-de-la-journee-du-souvenir-trans-2021\/#breadcrumb"},"inLanguage":"fr-FR","potentialAction":[{"@type":"ReadAction","target":["https:\/\/radcaen.fr\/index.php\/2021\/12\/01\/les-chiffres-de-la-journee-du-souvenir-trans-2021\/"]}]},{"@type":"ImageObject","inLanguage":"fr-FR","@id":"https:\/\/radcaen.fr\/index.php\/2021\/12\/01\/les-chiffres-de-la-journee-du-souvenir-trans-2021\/#primaryimage","url":"https:\/\/radcaen.fr\/wp-content\/uploads\/2021\/11\/TvT-TMM-2021-tableau-Europe.png","contentUrl":"https:\/\/radcaen.fr\/wp-content\/uploads\/2021\/11\/TvT-TMM-2021-tableau-Europe.png","width":957,"height":587,"caption":"Tableau de donn\u00e9es \u00e0 double entr\u00e9e comptabilisant les personnes trans tu\u00e9es en Europe, par ann\u00e9e et par pays. Source : Trans Murder Monitoring de Transrespect vs Transphobia (tableaux cumulatifs)."},{"@type":"BreadcrumbList","@id":"https:\/\/radcaen.fr\/index.php\/2021\/12\/01\/les-chiffres-de-la-journee-du-souvenir-trans-2021\/#breadcrumb","itemListElement":[{"@type":"ListItem","position":1,"name":"Accueil","item":"https:\/\/radcaen.fr\/"},{"@type":"ListItem","position":2,"name":"Articles","item":"https:\/\/radcaen.fr\/index.php\/category\/articles\/"},{"@type":"ListItem","position":3,"name":"Les chiffres de la Journ\u00e9e du Souvenir Trans 2021"}]},{"@type":"WebSite","@id":"https:\/\/radcaen.fr\/#website","url":"https:\/\/radcaen.fr\/","name":"RadCaen","description":"F\u00e9minisme radical","publisher":{"@id":"https:\/\/radcaen.fr\/#\/schema\/person\/a9aba7c1961f02b55b6b76bbcc72ffbb"},"potentialAction":[{"@type":"SearchAction","target":{"@type":"EntryPoint","urlTemplate":"https:\/\/radcaen.fr\/?s={search_term_string}"},"query-input":{"@type":"PropertyValueSpecification","valueRequired":true,"valueName":"search_term_string"}}],"inLanguage":"fr-FR"},{"@type":["Person","Organization"],"@id":"https:\/\/radcaen.fr\/#\/schema\/person\/a9aba7c1961f02b55b6b76bbcc72ffbb","name":"RadCaen","image":{"@type":"ImageObject","inLanguage":"fr-FR","@id":"https:\/\/radcaen.fr\/#\/schema\/person\/image\/","url":"https:\/\/radcaen.fr\/wp-content\/uploads\/2020\/11\/cropped-radcaen.png","contentUrl":"https:\/\/radcaen.fr\/wp-content\/uploads\/2020\/11\/cropped-radcaen.png","width":591,"height":591,"caption":"RadCaen"},"logo":{"@id":"https:\/\/radcaen.fr\/#\/schema\/person\/image\/"},"url":"https:\/\/radcaen.fr\/index.php\/author\/mandarine\/"}]}},"jetpack_featured_media_url":"","jetpack_sharing_enabled":true,"_links":{"self":[{"href":"https:\/\/radcaen.fr\/index.php\/wp-json\/wp\/v2\/posts\/2635","targetHints":{"allow":["GET"]}}],"collection":[{"href":"https:\/\/radcaen.fr\/index.php\/wp-json\/wp\/v2\/posts"}],"about":[{"href":"https:\/\/radcaen.fr\/index.php\/wp-json\/wp\/v2\/types\/post"}],"author":[{"embeddable":true,"href":"https:\/\/radcaen.fr\/index.php\/wp-json\/wp\/v2\/users\/2"}],"replies":[{"embeddable":true,"href":"https:\/\/radcaen.fr\/index.php\/wp-json\/wp\/v2\/comments?post=2635"}],"version-history":[{"count":41,"href":"https:\/\/radcaen.fr\/index.php\/wp-json\/wp\/v2\/posts\/2635\/revisions"}],"predecessor-version":[{"id":2690,"href":"https:\/\/radcaen.fr\/index.php\/wp-json\/wp\/v2\/posts\/2635\/revisions\/2690"}],"wp:attachment":[{"href":"https:\/\/radcaen.fr\/index.php\/wp-json\/wp\/v2\/media?parent=2635"}],"wp:term":[{"taxonomy":"category","embeddable":true,"href":"https:\/\/radcaen.fr\/index.php\/wp-json\/wp\/v2\/categories?post=2635"},{"taxonomy":"post_tag","embeddable":true,"href":"https:\/\/radcaen.fr\/index.php\/wp-json\/wp\/v2\/tags?post=2635"}],"curies":[{"name":"wp","href":"https:\/\/api.w.org\/{rel}","templated":true}]}}