{"id":2573,"date":"2021-11-10T14:00:00","date_gmt":"2021-11-10T13:00:00","guid":{"rendered":"https:\/\/radcaen.fr\/?p=2573"},"modified":"2022-07-26T20:47:03","modified_gmt":"2022-07-26T18:47:03","slug":"les-pronoms-definition","status":"publish","type":"post","link":"https:\/\/radcaen.fr\/index.php\/2021\/11\/10\/les-pronoms-definition\/","title":{"rendered":"Les pronoms : D\u00e9finition"},"content":{"rendered":"\n<p><\/p>\n\n\n\n<p class=\"has-text-align-center\"><em>Ce mercredi 20 octobre \u00e9tait la journ\u00e9e internationale des pronoms, qui se f\u00eate tous les troisi\u00e8me mercredi d&rsquo;octobre depuis 2018. Avec tous les articles sortis sur le sujet, je me devais de faire un article.<\/em><\/p>\n\n\n\n<hr class=\"wp-block-separator\"\/>\n\n\n\n<p>Un article sur les pronoms est n\u00e9cessaire depuis maintenant plusieurs mois, mais la difficult\u00e9 de la t\u00e2che m&rsquo;oblige \u00e0 casser ce gros morceau en plusieurs article. Une bonne introduction se faisant par une d\u00e9finition, voici ce que sont les pronoms, ce qu&rsquo;ils deviennent, et comment les utiliser.<\/p>\n\n\n\n<h2 class=\"wp-block-heading\">Les pronoms dans la grammaire<\/h2>\n\n\n\n<p>Dans la langue fran\u00e7aise, les pronoms sont une cat\u00e9gorie de mot qui remplace soit un nom, soit un adjectif, soit un adverbe. G\u00e9n\u00e9ralement, on les utilise sans s&rsquo;en rendre compte, principalement pour remplacer des noms. Leur fonction est d&rsquo;\u00e9viter la r\u00e9p\u00e9tition et de pr\u00e9ciser le genre <em>grammatical<\/em> et le nombre de ce dont on parle.<\/p>\n\n\n\n<p>Ils ont donc une fonction purement descriptive. Comme dans tout langage, leur fonction est d&rsquo;aider plusieurs personnes qui se parlent \u00e0 se comprendre mutuellement.<\/p>\n\n\n\n<h2 class=\"wp-block-heading\">Les pronoms \u00ab\u00a0pr\u00e9f\u00e9r\u00e9s\u00a0\u00bb<\/h2>\n\n\n\n<p>Les personnes trans, souhaitant \u00eatre per\u00e7ues comme \u00e9tant de l&rsquo;autre sexe, demandent g\u00e9n\u00e9ralement \u00e0 ce qu&rsquo;on se r\u00e9f\u00e8rent \u00e0 elles par leurs pronoms dits pr\u00e9f\u00e9r\u00e9s. Bien que ce terme ait \u00e9volu\u00e9 pour \u00eatre consid\u00e9r\u00e9 transphobe (les pronoms sont consid\u00e9r\u00e9s non comme \u00ab\u00a0pr\u00e9f\u00e9r\u00e9s\u00a0\u00bb mais comme mandataires), le concept reste le m\u00eame. Il est d&rsquo;usage de se r\u00e9f\u00e9rer \u00e0 une personne trans en utilisant les pronoms de l&rsquo;autre sexe, ou des pronoms dits neutres.<\/p>\n\n\n\n<p>Comme les pronoms sont bas\u00e9s sur le sexe, cela revient \u00e0 mal informer sur le sexe d&rsquo;une personne, ce qui peut porter \u00e0 confusion. L&rsquo;explication des activistes trans est que le genre grammatical, qui est un outil du langage, est en fait un genre social : quand on utilise un pronom, on \u00ab\u00a0genre\u00a0\u00bb une personne, on lui attribue un genre dans le sens identitaire du terme. Donc, respecter les pronoms d&rsquo;une personne, c&rsquo;est respecter son identit\u00e9.<\/p>\n\n\n\n<p>A l&rsquo;inverse, ne pas respecter les pronoms est du \u00ab\u00a0m\u00e9genrage\u00a0\u00bb. Cela signifie qu&rsquo;en s&rsquo;adressant correctement au sexe d&rsquo;une personne, on nie son identit\u00e9 et on lui manque de respect.<\/p>\n\n\n\n<h2 class=\"wp-block-heading\">Utiliser les pronoms<\/h2>\n\n\n\n<p>Parce que nous sommes \u00e9lev\u00e9es dans une soci\u00e9t\u00e9 qui a un langage genr\u00e9, et parce que le langage fa\u00e7onne notre vision du monde, utiliser les pronoms a un impact sur notre perception. C&rsquo;est la raison pour laquelle, par exemple, un homme trans-identifi\u00e9 est appel\u00e9 \u00ab\u00a0femme\u00a0\u00bb quand il commet un crime et \u00ab\u00a0femme trans\u00a0\u00bb quand il en est victime.<\/p>\n\n\n\n<p>Je n&rsquo;utilise pas les pronoms pr\u00e9f\u00e9r\u00e9s, parce que je souhaite \u00eatre claire quand je m&rsquo;exprime. Je veux que mes lectrices sachent de quoi, et de qui, je parle. Parce que le langage est important et que je ne crois pas \u00e0 l&rsquo;identit\u00e9 genr\u00e9e, je m&rsquo;en tiens aux pronoms bas\u00e9s sur le sexe.<\/p>\n\n\n\n<h2 class=\"wp-block-heading\">Conclusion<\/h2>\n\n\n\n<p>Je n&rsquo;utiliserai pas de pronoms genr\u00e9s, et j&rsquo;\u00e9crirai d&rsquo;autres articles pour traiter le sujet. Il y a beaucoup d&rsquo;aspect des pronoms pr\u00e9f\u00e9r\u00e9s \u00e0 traiter : le m\u00e9genrage, les articles neutres ou \u00ab\u00a0non-binaires\u00a0\u00bb, les alternations de pronoms, ainsi que l&rsquo;aspect coercitif qu&rsquo;ils portent.<\/p>\n\n\n\n<p>Si vous avez des suggestions d&rsquo;articles en rapport avec les pronoms, n&rsquo;h\u00e9sitez pas \u00e0 laisser un commentaire !<\/p>\n\n\n\n<div style=\"height:100px\" aria-hidden=\"true\" class=\"wp-block-spacer\"><\/div>\n\n\n\n<p>[kofi]<\/p>\n\n\n\n<p>CC BY-NC-SA 4.0<\/p>\n","protected":false},"excerpt":{"rendered":"<p>Ce mercredi 20 octobre \u00e9tait la journ\u00e9e internationale des pronoms, qui se f\u00eate tous les troisi\u00e8me mercredi d&rsquo;octobre depuis 2018. Avec tous les articles sortis sur le sujet, je me devais de faire un article. Un article sur les pronoms est n\u00e9cessaire depuis maintenant plusieurs mois, mais la difficult\u00e9 de la t\u00e2che m&rsquo;oblige \u00e0 casser [&hellip;]<\/p>\n","protected":false},"author":2,"featured_media":0,"comment_status":"open","ping_status":"open","sticky":false,"template":"","format":"standard","meta":{"_monsterinsights_skip_tracking":false,"_monsterinsights_sitenote_active":false,"_monsterinsights_sitenote_note":"","_monsterinsights_sitenote_category":0,"_jetpack_memberships_contains_paid_content":false,"footnotes":""},"categories":[2],"tags":[40],"class_list":["post-2573","post","type-post","status-publish","format-standard","hentry","category-definitions","tag-feminisme"],"yoast_head":"<!-- This site is optimized with the Yoast SEO plugin v26.8 - https:\/\/yoast.com\/product\/yoast-seo-wordpress\/ -->\n<title>Les pronoms : D\u00e9finition - RadCaen<\/title>\n<meta name=\"robots\" content=\"index, follow, max-snippet:-1, max-image-preview:large, max-video-preview:-1\" \/>\n<link rel=\"canonical\" href=\"https:\/\/radcaen.fr\/index.php\/2021\/11\/10\/les-pronoms-definition\/\" \/>\n<meta property=\"og:locale\" content=\"fr_FR\" \/>\n<meta property=\"og:type\" content=\"article\" \/>\n<meta property=\"og:title\" content=\"Les pronoms : D\u00e9finition - RadCaen\" \/>\n<meta property=\"og:description\" content=\"Ce mercredi 20 octobre \u00e9tait la journ\u00e9e internationale des pronoms, qui se f\u00eate tous les troisi\u00e8me mercredi d&rsquo;octobre depuis 2018. Avec tous les articles sortis sur le sujet, je me devais de faire un article. Un article sur les pronoms est n\u00e9cessaire depuis maintenant plusieurs mois, mais la difficult\u00e9 de la t\u00e2che m&rsquo;oblige \u00e0 casser [&hellip;]\" \/>\n<meta property=\"og:url\" content=\"https:\/\/radcaen.fr\/index.php\/2021\/11\/10\/les-pronoms-definition\/\" \/>\n<meta property=\"og:site_name\" content=\"RadCaen\" \/>\n<meta property=\"article:published_time\" content=\"2021-11-10T13:00:00+00:00\" \/>\n<meta property=\"article:modified_time\" content=\"2022-07-26T18:47:03+00:00\" \/>\n<meta name=\"author\" content=\"RadCaen\" \/>\n<meta name=\"twitter:card\" content=\"summary_large_image\" \/>\n<meta name=\"twitter:label1\" content=\"\u00c9crit par\" \/>\n\t<meta name=\"twitter:data1\" content=\"RadCaen\" \/>\n\t<meta name=\"twitter:label2\" content=\"Dur\u00e9e de lecture estim\u00e9e\" \/>\n\t<meta name=\"twitter:data2\" content=\"3 minutes\" \/>\n<script type=\"application\/ld+json\" class=\"yoast-schema-graph\">{\"@context\":\"https:\/\/schema.org\",\"@graph\":[{\"@type\":\"Article\",\"@id\":\"https:\/\/radcaen.fr\/index.php\/2021\/11\/10\/les-pronoms-definition\/#article\",\"isPartOf\":{\"@id\":\"https:\/\/radcaen.fr\/index.php\/2021\/11\/10\/les-pronoms-definition\/\"},\"author\":{\"name\":\"RadCaen\",\"@id\":\"https:\/\/radcaen.fr\/#\/schema\/person\/a9aba7c1961f02b55b6b76bbcc72ffbb\"},\"headline\":\"Les pronoms : D\u00e9finition\",\"datePublished\":\"2021-11-10T13:00:00+00:00\",\"dateModified\":\"2022-07-26T18:47:03+00:00\",\"mainEntityOfPage\":{\"@id\":\"https:\/\/radcaen.fr\/index.php\/2021\/11\/10\/les-pronoms-definition\/\"},\"wordCount\":592,\"commentCount\":0,\"publisher\":{\"@id\":\"https:\/\/radcaen.fr\/#\/schema\/person\/a9aba7c1961f02b55b6b76bbcc72ffbb\"},\"keywords\":[\"F\u00e9minisme\"],\"articleSection\":[\"D\u00e9finitions\"],\"inLanguage\":\"fr-FR\",\"potentialAction\":[{\"@type\":\"CommentAction\",\"name\":\"Comment\",\"target\":[\"https:\/\/radcaen.fr\/index.php\/2021\/11\/10\/les-pronoms-definition\/#respond\"]}]},{\"@type\":\"WebPage\",\"@id\":\"https:\/\/radcaen.fr\/index.php\/2021\/11\/10\/les-pronoms-definition\/\",\"url\":\"https:\/\/radcaen.fr\/index.php\/2021\/11\/10\/les-pronoms-definition\/\",\"name\":\"Les pronoms : D\u00e9finition - RadCaen\",\"isPartOf\":{\"@id\":\"https:\/\/radcaen.fr\/#website\"},\"datePublished\":\"2021-11-10T13:00:00+00:00\",\"dateModified\":\"2022-07-26T18:47:03+00:00\",\"breadcrumb\":{\"@id\":\"https:\/\/radcaen.fr\/index.php\/2021\/11\/10\/les-pronoms-definition\/#breadcrumb\"},\"inLanguage\":\"fr-FR\",\"potentialAction\":[{\"@type\":\"ReadAction\",\"target\":[\"https:\/\/radcaen.fr\/index.php\/2021\/11\/10\/les-pronoms-definition\/\"]}]},{\"@type\":\"BreadcrumbList\",\"@id\":\"https:\/\/radcaen.fr\/index.php\/2021\/11\/10\/les-pronoms-definition\/#breadcrumb\",\"itemListElement\":[{\"@type\":\"ListItem\",\"position\":1,\"name\":\"Accueil\",\"item\":\"https:\/\/radcaen.fr\/\"},{\"@type\":\"ListItem\",\"position\":2,\"name\":\"D\u00e9finitions\",\"item\":\"https:\/\/radcaen.fr\/index.php\/category\/definitions\/\"},{\"@type\":\"ListItem\",\"position\":3,\"name\":\"Les pronoms : D\u00e9finition\"}]},{\"@type\":\"WebSite\",\"@id\":\"https:\/\/radcaen.fr\/#website\",\"url\":\"https:\/\/radcaen.fr\/\",\"name\":\"RadCaen\",\"description\":\"F\u00e9minisme radical\",\"publisher\":{\"@id\":\"https:\/\/radcaen.fr\/#\/schema\/person\/a9aba7c1961f02b55b6b76bbcc72ffbb\"},\"potentialAction\":[{\"@type\":\"SearchAction\",\"target\":{\"@type\":\"EntryPoint\",\"urlTemplate\":\"https:\/\/radcaen.fr\/?s={search_term_string}\"},\"query-input\":{\"@type\":\"PropertyValueSpecification\",\"valueRequired\":true,\"valueName\":\"search_term_string\"}}],\"inLanguage\":\"fr-FR\"},{\"@type\":[\"Person\",\"Organization\"],\"@id\":\"https:\/\/radcaen.fr\/#\/schema\/person\/a9aba7c1961f02b55b6b76bbcc72ffbb\",\"name\":\"RadCaen\",\"image\":{\"@type\":\"ImageObject\",\"inLanguage\":\"fr-FR\",\"@id\":\"https:\/\/radcaen.fr\/#\/schema\/person\/image\/\",\"url\":\"https:\/\/radcaen.fr\/wp-content\/uploads\/2020\/11\/cropped-radcaen.png\",\"contentUrl\":\"https:\/\/radcaen.fr\/wp-content\/uploads\/2020\/11\/cropped-radcaen.png\",\"width\":591,\"height\":591,\"caption\":\"RadCaen\"},\"logo\":{\"@id\":\"https:\/\/radcaen.fr\/#\/schema\/person\/image\/\"},\"url\":\"https:\/\/radcaen.fr\/index.php\/author\/mandarine\/\"}]}<\/script>\n<!-- \/ Yoast SEO plugin. -->","yoast_head_json":{"title":"Les pronoms : D\u00e9finition - RadCaen","robots":{"index":"index","follow":"follow","max-snippet":"max-snippet:-1","max-image-preview":"max-image-preview:large","max-video-preview":"max-video-preview:-1"},"canonical":"https:\/\/radcaen.fr\/index.php\/2021\/11\/10\/les-pronoms-definition\/","og_locale":"fr_FR","og_type":"article","og_title":"Les pronoms : D\u00e9finition - RadCaen","og_description":"Ce mercredi 20 octobre \u00e9tait la journ\u00e9e internationale des pronoms, qui se f\u00eate tous les troisi\u00e8me mercredi d&rsquo;octobre depuis 2018. Avec tous les articles sortis sur le sujet, je me devais de faire un article. Un article sur les pronoms est n\u00e9cessaire depuis maintenant plusieurs mois, mais la difficult\u00e9 de la t\u00e2che m&rsquo;oblige \u00e0 casser [&hellip;]","og_url":"https:\/\/radcaen.fr\/index.php\/2021\/11\/10\/les-pronoms-definition\/","og_site_name":"RadCaen","article_published_time":"2021-11-10T13:00:00+00:00","article_modified_time":"2022-07-26T18:47:03+00:00","author":"RadCaen","twitter_card":"summary_large_image","twitter_misc":{"\u00c9crit par":"RadCaen","Dur\u00e9e de lecture estim\u00e9e":"3 minutes"},"schema":{"@context":"https:\/\/schema.org","@graph":[{"@type":"Article","@id":"https:\/\/radcaen.fr\/index.php\/2021\/11\/10\/les-pronoms-definition\/#article","isPartOf":{"@id":"https:\/\/radcaen.fr\/index.php\/2021\/11\/10\/les-pronoms-definition\/"},"author":{"name":"RadCaen","@id":"https:\/\/radcaen.fr\/#\/schema\/person\/a9aba7c1961f02b55b6b76bbcc72ffbb"},"headline":"Les pronoms : D\u00e9finition","datePublished":"2021-11-10T13:00:00+00:00","dateModified":"2022-07-26T18:47:03+00:00","mainEntityOfPage":{"@id":"https:\/\/radcaen.fr\/index.php\/2021\/11\/10\/les-pronoms-definition\/"},"wordCount":592,"commentCount":0,"publisher":{"@id":"https:\/\/radcaen.fr\/#\/schema\/person\/a9aba7c1961f02b55b6b76bbcc72ffbb"},"keywords":["F\u00e9minisme"],"articleSection":["D\u00e9finitions"],"inLanguage":"fr-FR","potentialAction":[{"@type":"CommentAction","name":"Comment","target":["https:\/\/radcaen.fr\/index.php\/2021\/11\/10\/les-pronoms-definition\/#respond"]}]},{"@type":"WebPage","@id":"https:\/\/radcaen.fr\/index.php\/2021\/11\/10\/les-pronoms-definition\/","url":"https:\/\/radcaen.fr\/index.php\/2021\/11\/10\/les-pronoms-definition\/","name":"Les pronoms : D\u00e9finition - RadCaen","isPartOf":{"@id":"https:\/\/radcaen.fr\/#website"},"datePublished":"2021-11-10T13:00:00+00:00","dateModified":"2022-07-26T18:47:03+00:00","breadcrumb":{"@id":"https:\/\/radcaen.fr\/index.php\/2021\/11\/10\/les-pronoms-definition\/#breadcrumb"},"inLanguage":"fr-FR","potentialAction":[{"@type":"ReadAction","target":["https:\/\/radcaen.fr\/index.php\/2021\/11\/10\/les-pronoms-definition\/"]}]},{"@type":"BreadcrumbList","@id":"https:\/\/radcaen.fr\/index.php\/2021\/11\/10\/les-pronoms-definition\/#breadcrumb","itemListElement":[{"@type":"ListItem","position":1,"name":"Accueil","item":"https:\/\/radcaen.fr\/"},{"@type":"ListItem","position":2,"name":"D\u00e9finitions","item":"https:\/\/radcaen.fr\/index.php\/category\/definitions\/"},{"@type":"ListItem","position":3,"name":"Les pronoms : D\u00e9finition"}]},{"@type":"WebSite","@id":"https:\/\/radcaen.fr\/#website","url":"https:\/\/radcaen.fr\/","name":"RadCaen","description":"F\u00e9minisme radical","publisher":{"@id":"https:\/\/radcaen.fr\/#\/schema\/person\/a9aba7c1961f02b55b6b76bbcc72ffbb"},"potentialAction":[{"@type":"SearchAction","target":{"@type":"EntryPoint","urlTemplate":"https:\/\/radcaen.fr\/?s={search_term_string}"},"query-input":{"@type":"PropertyValueSpecification","valueRequired":true,"valueName":"search_term_string"}}],"inLanguage":"fr-FR"},{"@type":["Person","Organization"],"@id":"https:\/\/radcaen.fr\/#\/schema\/person\/a9aba7c1961f02b55b6b76bbcc72ffbb","name":"RadCaen","image":{"@type":"ImageObject","inLanguage":"fr-FR","@id":"https:\/\/radcaen.fr\/#\/schema\/person\/image\/","url":"https:\/\/radcaen.fr\/wp-content\/uploads\/2020\/11\/cropped-radcaen.png","contentUrl":"https:\/\/radcaen.fr\/wp-content\/uploads\/2020\/11\/cropped-radcaen.png","width":591,"height":591,"caption":"RadCaen"},"logo":{"@id":"https:\/\/radcaen.fr\/#\/schema\/person\/image\/"},"url":"https:\/\/radcaen.fr\/index.php\/author\/mandarine\/"}]}},"jetpack_featured_media_url":"","jetpack_sharing_enabled":true,"_links":{"self":[{"href":"https:\/\/radcaen.fr\/index.php\/wp-json\/wp\/v2\/posts\/2573","targetHints":{"allow":["GET"]}}],"collection":[{"href":"https:\/\/radcaen.fr\/index.php\/wp-json\/wp\/v2\/posts"}],"about":[{"href":"https:\/\/radcaen.fr\/index.php\/wp-json\/wp\/v2\/types\/post"}],"author":[{"embeddable":true,"href":"https:\/\/radcaen.fr\/index.php\/wp-json\/wp\/v2\/users\/2"}],"replies":[{"embeddable":true,"href":"https:\/\/radcaen.fr\/index.php\/wp-json\/wp\/v2\/comments?post=2573"}],"version-history":[{"count":9,"href":"https:\/\/radcaen.fr\/index.php\/wp-json\/wp\/v2\/posts\/2573\/revisions"}],"predecessor-version":[{"id":2621,"href":"https:\/\/radcaen.fr\/index.php\/wp-json\/wp\/v2\/posts\/2573\/revisions\/2621"}],"wp:attachment":[{"href":"https:\/\/radcaen.fr\/index.php\/wp-json\/wp\/v2\/media?parent=2573"}],"wp:term":[{"taxonomy":"category","embeddable":true,"href":"https:\/\/radcaen.fr\/index.php\/wp-json\/wp\/v2\/categories?post=2573"},{"taxonomy":"post_tag","embeddable":true,"href":"https:\/\/radcaen.fr\/index.php\/wp-json\/wp\/v2\/tags?post=2573"}],"curies":[{"name":"wp","href":"https:\/\/api.w.org\/{rel}","templated":true}]}}