{"id":2105,"date":"2021-02-17T14:00:00","date_gmt":"2021-02-17T13:00:00","guid":{"rendered":"https:\/\/radcaen.fr\/?p=2105"},"modified":"2022-02-03T13:58:39","modified_gmt":"2022-02-03T12:58:39","slug":"culture-du-viol-et-mouvement-transactiviste","status":"publish","type":"post","link":"https:\/\/radcaen.fr\/index.php\/2021\/02\/17\/culture-du-viol-et-mouvement-transactiviste\/","title":{"rendered":"Culture du viol et mouvement transactiviste"},"content":{"rendered":"\n<p><\/p>\n\n\n\n<p class=\"has-text-align-center\"><em><strong>Culture du viol<\/strong> : Une culture dans laquelle le <strong>viol<\/strong> est <strong>normalis\u00e9<\/strong>, <strong>excus\u00e9<\/strong>, ou <strong>ignor\u00e9<\/strong> \u00e0 un degr\u00e9 \u00e9lev\u00e9 par une majorit\u00e9 de gens, particuli\u00e8rement <strong>ceux qui sont en situation de pouvoir<\/strong>.<br>-Riley J. Denis-<\/em><\/p>\n\n\n\n<p>Pour celles d&rsquo;entre vous qui ne le connaissent pas, Riley est un homme trans-identifi\u00e9 qui se consid\u00e8re comme une femme trans non-binaire, et qui est l&rsquo;auteur de plusieurs vid\u00e9os sur les \u00ab\u00a0pr\u00e9f\u00e9rences g\u00e9nitales\u00a0\u00bb, la transphobie, les droits LGB et TQ, etc. Il est employ\u00e9 par le groupe \u00ab\u00a0everyday feminism\u00a0\u00bb pour faire des vid\u00e9os \u00e9ducatives, et est connu dans le milieu radfem pour ses arguments homophobes, misogynes et r\u00e9gressifs.<\/p>\n\n\n\n<p>Pourquoi employer sa d\u00e9finition en d\u00e9but d&rsquo;article ? Parce que cette d\u00e9finition est tr\u00e8s bien, et parce que cela montre \u00e0 mes yeux l&rsquo;hypocrisie qu&rsquo;il peut y avoir dans le mouvement. Riley est le premier \u00e0 promouvoir une culture du viol d\u00e9guis\u00e9e en activisme pour les droits des personnes trans, et il n&rsquo;est pas le seul \u00e0 utiliser cette rh\u00e9torique. Je vais parler du probl\u00e8me de culture du viol au sein du transactivisme, et commencer par la d\u00e9finition de la culture du viol d&rsquo;un transactiviste connu et reconnu me semble le plus honn\u00eate.<\/p>\n\n\n\n<h2 class=\"wp-block-heading\">La question<\/h2>\n\n\n\n<p><em>La question pos\u00e9e est la suivante : est-ce transphobe de refuser d&rsquo;avoir des relations sexuelles avec une personne trans ?<\/em><\/p>\n\n\n\n<p>La r\u00e9ponse des f\u00e9ministe est que <strong>non<\/strong>, ce n&rsquo;est pas transphobe. Ce n&rsquo;est pas transphobe car avoir une relation sexuelle n&rsquo;est ni un droit fondamental, ni un besoin humain, donc refuser ne retire rien \u00e0 la personne qui demande. Aucun mouvement pour les droits des \u00eatres humains n&rsquo;a jamais r\u00e9clam\u00e9 de relations sexuelles car les droits humains ne reposent pas dans le lit des gens.<\/p>\n\n\n\n<p>Avez-vous d\u00e9j\u00e0 vu des hommes gays dire qu&rsquo;un homme h\u00e9t\u00e9rosexuel qui refuse une relation sexuelle avec eux est homophobe ? Qu&rsquo;il a forc\u00e9ment un biais homophobe, ou peut-\u00eatre misandre ? Qu&rsquo;il marginalise les gays en ne couchant pas avec eux ? Qu&rsquo;il participe \u00e0 une culture homophobe ? Avez-vous d\u00e9j\u00e0 vu une personne noire avoir ce type d&rsquo;argument ? Une personne handicap\u00e9e ? Une personne grosse ? Gardez bien ces exemples en t\u00eate, car ils sont utilis\u00e9s \u00e0 outrance par les transactivistes pour justifier leur homophobie.<\/p>\n\n\n\n<p>A la question pos\u00e9e plus haut, les transactivistes ont g\u00e9n\u00e9ralement deux r\u00e9ponses : <strong>oui<\/strong>, ou <strong>c&rsquo;est compliqu\u00e9<\/strong>.<\/p>\n\n\n\n<p>Oui, ce serait transphobe de refuser de sortir avec une personne trans, pour une multitude de raisons. Le refus se doit non seulement d&rsquo;\u00eatre justifi\u00e9, mais la justification doit \u00eatre valable. Certains vous dirons que ne pas \u00eatre attir\u00e9 par une personne trans en particulier n&rsquo;est pas transphobe, mais que ne pas \u00eatre attir\u00e9 par les personnes trans en tant que groupe ou par une personne trans parce qu&rsquo;elle est trans sont transphobe.<\/p>\n\n\n\n<p>Je ferais un article long et complet sur tout les arguments sortis par les personnes trans, mais en attendant attaquons nous simplement \u00e0 l&rsquo;homophobie du discours trans.<\/p>\n\n\n\n<h2 class=\"wp-block-heading\">Les \u00ab\u00a0pr\u00e9f\u00e9rences g\u00e9nitales\u00a0\u00bb<\/h2>\n\n\n\n<p>Si vous n&rsquo;avez jamais entendu parler des pr\u00e9f\u00e9rences g\u00e9nitales, vous avez bien de la chance, et je m&rsquo;en vais briser cette chance en vous expliquant ce concept profond\u00e9ment homophobe.<\/p>\n\n\n\n<p>Les pr\u00e9f\u00e9rences g\u00e9nitales sont le nom donn\u00e9 aux orientations sexuelles exclusives, \u00e0 savoir l&rsquo;homosexualit\u00e9 et l&rsquo;h\u00e9t\u00e9rosexualit\u00e9. L&rsquo;id\u00e9ologie trans consid\u00e9rant le genre comme sup\u00e9rieur au sexe biologique, l&rsquo;orientation est consid\u00e9r\u00e9e comme bas\u00e9e sur le genre et non le sexe. En cons\u00e9quence, tout le monde peut \u00eatre attir\u00e9 par les p\u00e9nis et les vagins, \u00e0 condition que ces parties g\u00e9nitales soit celles d&rsquo;une personne du bon genre. En r\u00e9sum\u00e9, une lesbienne peut \u00eatre attir\u00e9e par les \u00ab\u00a0p\u00e9nis de femmes\u00a0\u00bb, mais pas par les p\u00e9nis d&rsquo;hommes.<\/p>\n\n\n\n<p><em>Vous comprendrez que selon cette d\u00e9finition, <strong>les lesbiennes n&rsquo;existent pas<\/strong>, tout simplement.<\/em><\/p>\n\n\n\n<p>La bisexualit\u00e9, en plus d&rsquo;\u00eatre consid\u00e9r\u00e9e comme la norme, est alors consid\u00e9r\u00e9e comme moralement sup\u00e9rieure, et \u00eatre exclusivement attir\u00e9 par un seul sexe est le r\u00e9sultat d&rsquo;un conditionnement social, ou de pr\u00e9judices, ou les deux. Soyez tranquilles, apr\u00e8s vous avoir expliqu\u00e9 que vous \u00eates une TERF\/transphobe\/mauvaise personne pour ne pas aimer les p\u00e9nis, les transactivistes vous assureront toujours que vous \u00eates en droit de refuser n&rsquo;importe quel type de relation avec les trans. Simplement, vous devrez vraiment questionner ce biais que vous avez, parce que vous risquez de faire du mal aux trans si vous refuser d&rsquo;accepter leur sexe comme \u00e9tant du \u00ab\u00a0bon genre\u00a0\u00bb.<\/p>\n\n\n\n<p>Oui, c&rsquo;est de la manipulation. Lisez n&rsquo;importe quel article ou regardez n&rsquo;importe quelle vid\u00e9o, ce sch\u00e9ma est immanquable. Les transactivistes se concentrent sur les homosexuelles alors m\u00eame que l&rsquo;h\u00e9t\u00e9rosexualit\u00e9 est majoritaire chez les humains. Appeler l&rsquo;homosexualit\u00e9 une \u00ab\u00a0pr\u00e9f\u00e9rence\u00a0\u00bb a toujours \u00e9t\u00e9 homophobe, et \u00e7a n&rsquo;a pas chang\u00e9 de nos jours. L&rsquo;id\u00e9e qu&rsquo;une lesbienne puisse aimer les p\u00e9nis est ridicule et dangereuse, et rel\u00e8ve de la th\u00e9rapie de conversion.<\/p>\n\n\n\n<h2 class=\"wp-block-heading\">La culture du viol<\/h2>\n\n\n\n<h4 class=\"wp-block-heading\">Envers les lesbiennes<\/h4>\n\n\n\n<p>La partie \u00ab\u00a0culture du viol\u00a0\u00bb devient explicite quand les transactivistes insistent qu&rsquo;une lesbienne qui refuse de coucher avec des femmes trans, donc des m\u00e2les, donc l&rsquo;autre sexe, serait transphobe. <a rel=\"noreferrer noopener\" href=\"https:\/\/tra-receipts.tumblr.com\/post\/637785606076923904\/no-one-is-forcing-gay-men-or-lesbians-to-date\" target=\"_blank\">Et ne croyez pas qu&rsquo;il s&rsquo;agisse d&rsquo;un incident isol\u00e9<\/a><sup>[1]<\/sup>. Les hommes gays sont aussi touch\u00e9s, mais dans des proportions moindres. M\u00eame si je n&rsquo;en ai pas retrouv\u00e9s lors de l&rsquo;\u00e9criture de cet article, j&rsquo;ai d\u00e9j\u00e0 lu des t\u00e9moignages de lesbiennes qui avaient accept\u00e9 de coucher avec des hommes transidentifi\u00e9s pour ne pas para\u00eetre transphobe. D&rsquo;autres sortent avec un homme trans-identifi\u00e9 et r\u00e9alisent qu&rsquo;il a transitionn\u00e9 pour des raisons f\u00e9tichistes (cherchez le terme <em>trans widow<\/em> sur youtube) ou <a rel=\"noreferrer noopener\" href=\"https:\/\/peaktransstories.tumblr.com\/post\/631574995675545600\/woman-reaches-peak-trans-after-she-meets-a-tim-who\" target=\"_blank\">pour se rapprocher\/sortir avec une lesbienne<\/a><sup>[2]<\/sup>.<\/p>\n\n\n\n<p>Un autre aspect de cette culture est l&rsquo;id\u00e9e que les lesbiennes qui affirment avoir \u00e9t\u00e9 agress\u00e9es, viol\u00e9es, tromp\u00e9es par des hommes trans-identifi\u00e9s qui avaient un comportement de pr\u00e9dateur sont des menteuses, ou exag\u00e8rent les faits. L&rsquo;id\u00e9e selon laquelle les femmes mentent en accusant \u00e0 tort des hommes de viol est tr\u00e8s r\u00e9pandue et, surtout, est un mythe patriarcal. Les transactivistes adorent comparer le racisme \u00e0 leurs propres probl\u00e8mes, et vous entendrez donc certains dire que les accusations de viol envers des femmes trans sont similaires \u00e0 ce que vivaient les hommes noirs aux \u00c9tats-Unis.<\/p>\n\n\n\n<p>Oui, vous avez bien lu. Une lesbienne qui dit avoir subi une agression voir un viol de la part d&rsquo;un homme qui dit \u00eatre une femme est l&rsquo;\u00e9quivalent du pr\u00e9judice racial envers les personnes noires aux US et qui d\u00e9coule de l&rsquo;esclavage. Une lesbienne qui d\u00e9nonce son viol est l&rsquo;\u00e9quivalent d&rsquo;une culture raciste qui tuait les hommes noirs en les consid\u00e9rant comme des animaux. Cela sous-entends aussi que les femmes (lesbiennes ou non, en passant) qui affirment avoir \u00e9t\u00e9 viol\u00e9es par un homme trans-identifi\u00e9 sont <em>des menteuses<\/em>. Cela implique que les accusations envers les femmes trans <em>ne sont pas justifi\u00e9es<\/em>.<\/p>\n\n\n\n<p>Nous l&rsquo;avons vu plus haut, ces accusations sont justifi\u00e9es. Et c&rsquo;est sans compter sur le fait que le taux de criminalit\u00e9 est le m\u00eame pour tout les m\u00e2les, trans-identifi\u00e9s ou non, pr\u00e9 ou post chirurgies. En Angleterre en 2019, il y avait <a rel=\"noreferrer noopener\" href=\"https:\/\/www.womenarehuman.com\/four-times-as-many-men-in-prison-say-they-are-transgender-than-men-outside-of-prison\/\" target=\"_blank\">quatre fois plus de femmes trans dans les prisons que dans le reste de la population<\/a><sup>[3]<\/sup>. Beaucoup sont emprisonn\u00e9s pour agressions sexuelles ou viols. Et beaucoup demandent \u00e0 \u00eatre transf\u00e9r\u00e9s dans des prisons de femmes. Le probl\u00e8me semble \u00eatre ignor\u00e9 tant par le gouvernement que par les associations trans. C&rsquo;est de la culture du viol.<\/p>\n\n\n\n<h4 class=\"wp-block-heading\">Envers les hommes gays<\/h4>\n\n\n\n<p>Les hommes gays sont \u00e9galement touch\u00e9s, bien que dans une moindre mesure, par cette culture du viol. Ils ne vivent pas la m\u00eame chose que les lesbiennes, qui doivent faire face \u00e0 des concepts comme le \u00ab\u00a0<a href=\"https:\/\/radcaen.fr\/index.php\/2020\/06\/27\/le-plafond-de-coton-cotton-ceiling-definition\/\" target=\"_blank\" rel=\"noreferrer noopener\">plafond de coton<\/a>\u00ab\u00a0, mais j&rsquo;ai d\u00e9j\u00e0 connaissance d&rsquo;au moins deux \u00ab\u00a0guides\u00a0\u00bb \u00e9crits par des femmes transidentifi\u00e9es expliquant comment avoir des relations sexuelles avec des hommes gays.<\/p>\n\n\n\n<p>Ici on parle de femmes qui admettent utiliser des sous-v\u00eatements qui permettent une p\u00e9n\u00e9tration anale sans d\u00e9voiler leur vulve pour avoir des relations sexuelles avec des hommes homosexuels. Et qui partagent \u00e7a sur internet comme \u00e9tant une partie normale de la sexualit\u00e9 des hommes trans. Pour rappel, dans la loi fran\u00e7aise, ceci rentre dans la cat\u00e9gorie d&rsquo;une relation sexuelle \u00ab\u00a0surprise\u00a0\u00bb car une information importante pour la relation (le sexe) a \u00e9t\u00e9 dissimul\u00e9e. C&rsquo;est un viol. En anglais, le terme utilis\u00e9 est \u00ab\u00a0rape by deception\u00a0\u00bb. Je vous met des extraits d&rsquo;un document que vous pouvez trouver en ligne, le \u00ab\u00a0Guide pour les hommes trans \u00e0 la sc\u00e8ne sexuelle gay\u00a0\u00bb (mon emphase).<\/p>\n\n\n\n<blockquote class=\"wp-block-quote is-layout-flow wp-block-quote-is-layout-flow\"><p>Les saunas et les clubs sont souvent <strong>r\u00e9serv\u00e9s aux hommes<\/strong>. Certains sont tr\u00e8s strictes et n&rsquo;acceptent ni ne comprennent les mecs trans. Certains mecs (*trans, ndlr) <strong>d\u00e9cident de s&rsquo;y rendre incognito<\/strong> si c&rsquo;est possible pour eux.<\/p><cite>Extrait de \u00ab\u00a0Cruising : A trans guy&rsquo;s guide to the gay sex scene\u00a0\u00bb par CliniQ ; page 10.<\/cite><\/blockquote>\n\n\n\n<blockquote class=\"wp-block-quote is-layout-flow wp-block-quote-is-layout-flow\"><p><em>Je vais \u00e0 mon sauna local une fois par semaine. J&rsquo;adore donner des fellations et exp\u00e9rimenter en publique <strong>sans que les autres aient \u00e0 voir ce qu&rsquo;il y a sous ma serviette<\/strong>.<\/em><\/p><cite>Extrait de \u00ab\u00a0Cruising : A trans guy&rsquo;s guide to the gay sex scene\u00a0\u00bb par CliniQ ; page 11.<\/cite><\/blockquote>\n\n\n\n<p>Dans son article \u00ab\u00a0<a rel=\"noreferrer noopener\" href=\"https:\/\/www.outlife.org.uk\/fs155-what-is-sex-really-like-for-a-gay-trans-man?fbclid=IwAR0dALHrul4cxG5U5YlcmdDEdAuynQs6J7YxhXYV6PuC3AnvKqMmvXE_FwA\" target=\"_blank\">Comment est vraiment le sexe pour un homme trans gay<\/a><sup>[4]<\/sup>\u00ab\u00a0, Aedan Wolton (qui travaille pour CliniQ) interview une femme transidentifi\u00e9e de 50 ans pour lui demander les d\u00e9tails de sa vie sexuelle. Tout ceci est pr\u00e9sent\u00e9 sous le signe de l&rsquo;inclusivit\u00e9 et de la sant\u00e9 sexuelle pour les hommes trans \u00ab\u00a0gays\u00a0\u00bb (les femmes h\u00e9t\u00e9ros). Dans cet article, Jamie explique aller dans des saunas ou des salles sombres pour avoir des relations sexuelles avec des hommes gays <em>sans r\u00e9v\u00e9ler son sexe<\/em>.<\/p>\n\n\n\n<p>Le terme \u00ab\u00a0Jockstrap ceiling\u00a0\u00bb a \u00e9t\u00e9 invent\u00e9 pour d\u00e9noncer ce ph\u00e9nom\u00e8ne, que de nombreux hommes gays attribuent \u00e0 la culture pornographique du <em>yaoi<\/em> (mangas pornographiques mettant en sc\u00e8ne des hommes homosexuels et destin\u00e9s aux femmes h\u00e9t\u00e9rosexuelles). Les <em>fujoshis<\/em> comme ils les appellent sont des femmes h\u00e9t\u00e9ros qui d\u00e9couvrent leur identit\u00e9 \u00ab\u00a0d&rsquo;hommes gays\u00a0\u00bb \u00e0 travers la pornographie gay, et qui f\u00e9tichisent les relations homosexuelles entre hommes. La f\u00e9tichisation des gays (et leur viol par surprise) est de la culture du viol.<\/p>\n\n\n\n<h2 class=\"wp-block-heading\">La d\u00e9fense des transactivistes<\/h2>\n\n\n\n<p>J&rsquo;ai dit plus haut qu&rsquo;\u00e0 chaque fois que les transactivistes expriment que refuser de coucher avec eux est un probl\u00e8me, ils rajoutent derri\u00e8re qu&rsquo;au fond, on fait ce qu&rsquo;on veut. En d&rsquo;autres mots, ils se contredisent, parce que dire trop explicitement que ne pas coucher avec eux est mal sera forc\u00e9ment per\u00e7u comme de la manipulation (normal, c&rsquo;en est). Ils trouvent donc des excuses pour justifier que refuser de sortir avec eux n&rsquo;est pas bien sans avoir \u00e0 le dire explicitement.<\/p>\n\n\n\n<p>\u00ab\u00a0Personne ne force les lesbienne ou quiconque \u00e0 sortir avec les personnes trans\u00a0\u00bb, diront-ils. Mais la coercition, la manipulation, la pression sociale <strong>sont des forces<\/strong>.<\/p>\n\n\n\n<p>Impliquer qu&rsquo;il y a quelque chose de mal dans le fait de ne pas aimer certaines parties g\u00e9nitales en les appelant des pr\u00e9f\u00e9rences ou pire, des f\u00e9tiches, est une force coercitive. Dire que l&rsquo;orientation est une construction personnelle qui peut \u00eatre chang\u00e9e est une forme de manipulation, un mensonge. Accuser une personne qui dit n&rsquo;aimer que tel ou tel sexe de \u00ab\u00a0r\u00e9duire les gens \u00e0 leurs parties g\u00e9nitales\u00a0\u00bb est malhonn\u00eate (et homophobe), surtout quand ce sont les transactivistes eux-m\u00eames qui encouragent \u00e0 utiliser ce genre de langage bas\u00e9 sur les organes g\u00e9nitaux (on se rappelle des <a href=\"https:\/\/radcaen.fr\/index.php\/2020\/07\/26\/les-femmes-ne-sont-pas-des-personnes-menstruees\/\" target=\"_blank\" rel=\"noreferrer noopener\">personnes menstru\u00e9es<\/a>).<\/p>\n\n\n\n<p>Je ferais un article complet pour r\u00e9pondre aux arguments transactivistes, mais la plupart d&rsquo;entre eux peuvent \u00eatre r\u00e9pondus avec les points suivants :<br>-Le sexe est r\u00e9el et immuable.<br>-L&rsquo;orientation sexuelle est r\u00e9elle, immuable, et bas\u00e9e sur le sexe.<br>-Personne ne doit de sexe \u00e0 personne pour aucune raison.<br>-Certaines femmes n&rsquo;aiment pas les p\u00e9nis.<em> Get over it.<\/em><\/p>\n\n\n\n<h2 class=\"wp-block-heading\">Conclusion<\/h2>\n\n\n\n<p>Donc, est-ce transphobe de refuser de sortir avec une personne trans ? <strong>Non<\/strong>. Est-ce homophobe de vouloir que des lesbiennes aient des relations sexuelles avec des p\u00e9nis ? <strong>Oui<\/strong>. Est-ce de la culture du viol d&rsquo;encourager les gens \u00e0 examiner et remettre en question les raisons de leur refus ? <strong>Oui<\/strong>. Est-ce lesbophobe de consid\u00e9rer que toutes les femmes sont attir\u00e9es par les p\u00e9nis ? <strong>Oui<\/strong>.<\/p>\n\n\n\n<p>La culture du viol v\u00e9hicul\u00e9e par les personnes trans ne diff\u00e8re pas de la bonne vieille culture du viol classique \u00e0 base de \u00ab\u00a0les femmes doivent coucher avec les hommes parce que les hommes en ont besoin\u00a0\u00bb, elle a simplement \u00e9t\u00e9 relook\u00e9e pour para\u00eetre progressive et <em>Woke<\/em>. Retirez les pronoms femelles accord\u00e9s aux m\u00e2les et vous avez des hommes qui consid\u00e8rent que les lesbiennes doivent coucher avec eux. Cela vous semble familier ? Les lesbiennes qui me lisent sauront sans doute reconna\u00eetre en eux les hommes h\u00e9t\u00e9ros qui disent \u00eatre \u00ab\u00a0des lesbiennes coinc\u00e9s dans des corps d&rsquo;hommes\u00a0\u00bb.<\/p>\n\n\n\n<p>Vous n&rsquo;avez jamais \u00e0 remettre en question votre non. <em>Vous n&rsquo;avez m\u00eame pas \u00e0 examiner pourquoi vous ne voulez pas<\/em>. Ce n&rsquo;est pas un poids que vous devez porter. Il est de la responsabilit\u00e9 de chacun d&rsquo;apprendre \u00e0 g\u00e9rer \u00e9motionnellement un refus, quel que soit le domaine de la vie.<\/p>\n\n\n\n<p>Sources externes :<br>(1) <a rel=\"noreferrer noopener\" href=\"https:\/\/tra-receipts.tumblr.com\/post\/637785606076923904\/no-one-is-forcing-gay-men-or-lesbians-to-date\" target=\"_blank\">\u2018No one is forcing gay men or lesbians to date trans people if they don\u2019t want to\u2019 Masterpost<\/a> par <a rel=\"noreferrer noopener\" href=\"https:\/\/tra-receipts.tumblr.com\/\" target=\"_blank\">TRA Receipts<\/a> sur Tumblr<br>(2) <a rel=\"noreferrer noopener\" href=\"https:\/\/peaktransstories.tumblr.com\/post\/631574995675545600\/woman-reaches-peak-trans-after-she-meets-a-tim-who\" target=\"_blank\">Le Peak Trans de Fraeulein<\/a> publi\u00e9 sur <a rel=\"noreferrer noopener\" href=\"https:\/\/peaktransstories.tumblr.com\/\" target=\"_blank\">Peak Trans Stories<\/a> sur Tumblr<br>(3) <a href=\"https:\/\/www.womenarehuman.com\/four-times-as-many-men-in-prison-say-they-are-transgender-than-men-outside-of-prison\/\" target=\"_blank\" rel=\"noreferrer noopener\">Four Times as Many Men in Prison Than Outside of It Say They are Transgender<\/a> par Diana Shaw sur <a href=\"https:\/\/www.womenarehuman.com\/\" target=\"_blank\" rel=\"noreferrer noopener\">Women Are Human<\/a><br>(4) <a rel=\"noreferrer noopener\" href=\"https:\/\/www.outlife.org.uk\/fs155-what-is-sex-really-like-for-a-gay-trans-man?fbclid=IwAR0dALHrul4cxG5U5YlcmdDEdAuynQs6J7YxhXYV6PuC3AnvKqMmvXE_FwA\" target=\"_blank\">What is sex really like for a gay trans man ?<\/a> par <a rel=\"noreferrer noopener\" href=\"https:\/\/twitter.com\/aedan_james\" target=\"_blank\">Aedan James Wolton<\/a> sur OutLife<\/p>\n\n\n\n<div style=\"height:100px\" aria-hidden=\"true\" class=\"wp-block-spacer\"><\/div>\n\n\n\n<p>[kofi]<\/p>\n\n\n\n<p>CC BY-NC-SA 4.0<\/p>\n","protected":false},"excerpt":{"rendered":"<p>Culture du viol : Une culture dans laquelle le viol est normalis\u00e9, excus\u00e9, ou ignor\u00e9 \u00e0 un degr\u00e9 \u00e9lev\u00e9 par une majorit\u00e9 de gens, particuli\u00e8rement ceux qui sont en situation de pouvoir.-Riley J. Denis- Pour celles d&rsquo;entre vous qui ne le connaissent pas, Riley est un homme trans-identifi\u00e9 qui se consid\u00e8re comme une femme trans [&hellip;]<\/p>\n","protected":false},"author":2,"featured_media":0,"comment_status":"open","ping_status":"open","sticky":false,"template":"","format":"standard","meta":{"_monsterinsights_skip_tracking":false,"_monsterinsights_sitenote_active":false,"_monsterinsights_sitenote_note":"","_monsterinsights_sitenote_category":0,"_jetpack_memberships_contains_paid_content":false,"footnotes":""},"categories":[38],"tags":[40,39,7],"class_list":["post-2105","post","type-post","status-publish","format-standard","hentry","category-articles","tag-feminisme","tag-lgb","tag-transactivisme"],"yoast_head":"<!-- This site is optimized with the Yoast SEO plugin v26.8 - https:\/\/yoast.com\/product\/yoast-seo-wordpress\/ -->\n<title>Culture du viol et mouvement transactiviste - RadCaen<\/title>\n<meta name=\"robots\" content=\"index, follow, max-snippet:-1, max-image-preview:large, max-video-preview:-1\" \/>\n<link rel=\"canonical\" href=\"https:\/\/radcaen.fr\/index.php\/2021\/02\/17\/culture-du-viol-et-mouvement-transactiviste\/\" \/>\n<meta property=\"og:locale\" content=\"fr_FR\" \/>\n<meta property=\"og:type\" content=\"article\" \/>\n<meta property=\"og:title\" content=\"Culture du viol et mouvement transactiviste - RadCaen\" \/>\n<meta property=\"og:description\" content=\"Culture du viol : Une culture dans laquelle le viol est normalis\u00e9, excus\u00e9, ou ignor\u00e9 \u00e0 un degr\u00e9 \u00e9lev\u00e9 par une majorit\u00e9 de gens, particuli\u00e8rement ceux qui sont en situation de pouvoir.-Riley J. Denis- Pour celles d&rsquo;entre vous qui ne le connaissent pas, Riley est un homme trans-identifi\u00e9 qui se consid\u00e8re comme une femme trans [&hellip;]\" \/>\n<meta property=\"og:url\" content=\"https:\/\/radcaen.fr\/index.php\/2021\/02\/17\/culture-du-viol-et-mouvement-transactiviste\/\" \/>\n<meta property=\"og:site_name\" content=\"RadCaen\" \/>\n<meta property=\"article:published_time\" content=\"2021-02-17T13:00:00+00:00\" \/>\n<meta property=\"article:modified_time\" content=\"2022-02-03T12:58:39+00:00\" \/>\n<meta name=\"author\" content=\"RadCaen\" \/>\n<meta name=\"twitter:card\" content=\"summary_large_image\" \/>\n<meta name=\"twitter:label1\" content=\"\u00c9crit par\" \/>\n\t<meta name=\"twitter:data1\" content=\"RadCaen\" \/>\n\t<meta name=\"twitter:label2\" content=\"Dur\u00e9e de lecture estim\u00e9e\" \/>\n\t<meta name=\"twitter:data2\" content=\"12 minutes\" \/>\n<script type=\"application\/ld+json\" class=\"yoast-schema-graph\">{\"@context\":\"https:\/\/schema.org\",\"@graph\":[{\"@type\":\"Article\",\"@id\":\"https:\/\/radcaen.fr\/index.php\/2021\/02\/17\/culture-du-viol-et-mouvement-transactiviste\/#article\",\"isPartOf\":{\"@id\":\"https:\/\/radcaen.fr\/index.php\/2021\/02\/17\/culture-du-viol-et-mouvement-transactiviste\/\"},\"author\":{\"name\":\"RadCaen\",\"@id\":\"https:\/\/radcaen.fr\/#\/schema\/person\/a9aba7c1961f02b55b6b76bbcc72ffbb\"},\"headline\":\"Culture du viol et mouvement transactiviste\",\"datePublished\":\"2021-02-17T13:00:00+00:00\",\"dateModified\":\"2022-02-03T12:58:39+00:00\",\"mainEntityOfPage\":{\"@id\":\"https:\/\/radcaen.fr\/index.php\/2021\/02\/17\/culture-du-viol-et-mouvement-transactiviste\/\"},\"wordCount\":2437,\"commentCount\":0,\"publisher\":{\"@id\":\"https:\/\/radcaen.fr\/#\/schema\/person\/a9aba7c1961f02b55b6b76bbcc72ffbb\"},\"keywords\":[\"F\u00e9minisme\",\"LGB\",\"Transactivisme\"],\"articleSection\":[\"Articles\"],\"inLanguage\":\"fr-FR\",\"potentialAction\":[{\"@type\":\"CommentAction\",\"name\":\"Comment\",\"target\":[\"https:\/\/radcaen.fr\/index.php\/2021\/02\/17\/culture-du-viol-et-mouvement-transactiviste\/#respond\"]}]},{\"@type\":\"WebPage\",\"@id\":\"https:\/\/radcaen.fr\/index.php\/2021\/02\/17\/culture-du-viol-et-mouvement-transactiviste\/\",\"url\":\"https:\/\/radcaen.fr\/index.php\/2021\/02\/17\/culture-du-viol-et-mouvement-transactiviste\/\",\"name\":\"Culture du viol et mouvement transactiviste - RadCaen\",\"isPartOf\":{\"@id\":\"https:\/\/radcaen.fr\/#website\"},\"datePublished\":\"2021-02-17T13:00:00+00:00\",\"dateModified\":\"2022-02-03T12:58:39+00:00\",\"breadcrumb\":{\"@id\":\"https:\/\/radcaen.fr\/index.php\/2021\/02\/17\/culture-du-viol-et-mouvement-transactiviste\/#breadcrumb\"},\"inLanguage\":\"fr-FR\",\"potentialAction\":[{\"@type\":\"ReadAction\",\"target\":[\"https:\/\/radcaen.fr\/index.php\/2021\/02\/17\/culture-du-viol-et-mouvement-transactiviste\/\"]}]},{\"@type\":\"BreadcrumbList\",\"@id\":\"https:\/\/radcaen.fr\/index.php\/2021\/02\/17\/culture-du-viol-et-mouvement-transactiviste\/#breadcrumb\",\"itemListElement\":[{\"@type\":\"ListItem\",\"position\":1,\"name\":\"Accueil\",\"item\":\"https:\/\/radcaen.fr\/\"},{\"@type\":\"ListItem\",\"position\":2,\"name\":\"Articles\",\"item\":\"https:\/\/radcaen.fr\/index.php\/category\/articles\/\"},{\"@type\":\"ListItem\",\"position\":3,\"name\":\"Culture du viol et mouvement transactiviste\"}]},{\"@type\":\"WebSite\",\"@id\":\"https:\/\/radcaen.fr\/#website\",\"url\":\"https:\/\/radcaen.fr\/\",\"name\":\"RadCaen\",\"description\":\"F\u00e9minisme radical\",\"publisher\":{\"@id\":\"https:\/\/radcaen.fr\/#\/schema\/person\/a9aba7c1961f02b55b6b76bbcc72ffbb\"},\"potentialAction\":[{\"@type\":\"SearchAction\",\"target\":{\"@type\":\"EntryPoint\",\"urlTemplate\":\"https:\/\/radcaen.fr\/?s={search_term_string}\"},\"query-input\":{\"@type\":\"PropertyValueSpecification\",\"valueRequired\":true,\"valueName\":\"search_term_string\"}}],\"inLanguage\":\"fr-FR\"},{\"@type\":[\"Person\",\"Organization\"],\"@id\":\"https:\/\/radcaen.fr\/#\/schema\/person\/a9aba7c1961f02b55b6b76bbcc72ffbb\",\"name\":\"RadCaen\",\"image\":{\"@type\":\"ImageObject\",\"inLanguage\":\"fr-FR\",\"@id\":\"https:\/\/radcaen.fr\/#\/schema\/person\/image\/\",\"url\":\"https:\/\/radcaen.fr\/wp-content\/uploads\/2020\/11\/cropped-radcaen.png\",\"contentUrl\":\"https:\/\/radcaen.fr\/wp-content\/uploads\/2020\/11\/cropped-radcaen.png\",\"width\":591,\"height\":591,\"caption\":\"RadCaen\"},\"logo\":{\"@id\":\"https:\/\/radcaen.fr\/#\/schema\/person\/image\/\"},\"url\":\"https:\/\/radcaen.fr\/index.php\/author\/mandarine\/\"}]}<\/script>\n<!-- \/ Yoast SEO plugin. -->","yoast_head_json":{"title":"Culture du viol et mouvement transactiviste - RadCaen","robots":{"index":"index","follow":"follow","max-snippet":"max-snippet:-1","max-image-preview":"max-image-preview:large","max-video-preview":"max-video-preview:-1"},"canonical":"https:\/\/radcaen.fr\/index.php\/2021\/02\/17\/culture-du-viol-et-mouvement-transactiviste\/","og_locale":"fr_FR","og_type":"article","og_title":"Culture du viol et mouvement transactiviste - RadCaen","og_description":"Culture du viol : Une culture dans laquelle le viol est normalis\u00e9, excus\u00e9, ou ignor\u00e9 \u00e0 un degr\u00e9 \u00e9lev\u00e9 par une majorit\u00e9 de gens, particuli\u00e8rement ceux qui sont en situation de pouvoir.-Riley J. Denis- Pour celles d&rsquo;entre vous qui ne le connaissent pas, Riley est un homme trans-identifi\u00e9 qui se consid\u00e8re comme une femme trans [&hellip;]","og_url":"https:\/\/radcaen.fr\/index.php\/2021\/02\/17\/culture-du-viol-et-mouvement-transactiviste\/","og_site_name":"RadCaen","article_published_time":"2021-02-17T13:00:00+00:00","article_modified_time":"2022-02-03T12:58:39+00:00","author":"RadCaen","twitter_card":"summary_large_image","twitter_misc":{"\u00c9crit par":"RadCaen","Dur\u00e9e de lecture estim\u00e9e":"12 minutes"},"schema":{"@context":"https:\/\/schema.org","@graph":[{"@type":"Article","@id":"https:\/\/radcaen.fr\/index.php\/2021\/02\/17\/culture-du-viol-et-mouvement-transactiviste\/#article","isPartOf":{"@id":"https:\/\/radcaen.fr\/index.php\/2021\/02\/17\/culture-du-viol-et-mouvement-transactiviste\/"},"author":{"name":"RadCaen","@id":"https:\/\/radcaen.fr\/#\/schema\/person\/a9aba7c1961f02b55b6b76bbcc72ffbb"},"headline":"Culture du viol et mouvement transactiviste","datePublished":"2021-02-17T13:00:00+00:00","dateModified":"2022-02-03T12:58:39+00:00","mainEntityOfPage":{"@id":"https:\/\/radcaen.fr\/index.php\/2021\/02\/17\/culture-du-viol-et-mouvement-transactiviste\/"},"wordCount":2437,"commentCount":0,"publisher":{"@id":"https:\/\/radcaen.fr\/#\/schema\/person\/a9aba7c1961f02b55b6b76bbcc72ffbb"},"keywords":["F\u00e9minisme","LGB","Transactivisme"],"articleSection":["Articles"],"inLanguage":"fr-FR","potentialAction":[{"@type":"CommentAction","name":"Comment","target":["https:\/\/radcaen.fr\/index.php\/2021\/02\/17\/culture-du-viol-et-mouvement-transactiviste\/#respond"]}]},{"@type":"WebPage","@id":"https:\/\/radcaen.fr\/index.php\/2021\/02\/17\/culture-du-viol-et-mouvement-transactiviste\/","url":"https:\/\/radcaen.fr\/index.php\/2021\/02\/17\/culture-du-viol-et-mouvement-transactiviste\/","name":"Culture du viol et mouvement transactiviste - RadCaen","isPartOf":{"@id":"https:\/\/radcaen.fr\/#website"},"datePublished":"2021-02-17T13:00:00+00:00","dateModified":"2022-02-03T12:58:39+00:00","breadcrumb":{"@id":"https:\/\/radcaen.fr\/index.php\/2021\/02\/17\/culture-du-viol-et-mouvement-transactiviste\/#breadcrumb"},"inLanguage":"fr-FR","potentialAction":[{"@type":"ReadAction","target":["https:\/\/radcaen.fr\/index.php\/2021\/02\/17\/culture-du-viol-et-mouvement-transactiviste\/"]}]},{"@type":"BreadcrumbList","@id":"https:\/\/radcaen.fr\/index.php\/2021\/02\/17\/culture-du-viol-et-mouvement-transactiviste\/#breadcrumb","itemListElement":[{"@type":"ListItem","position":1,"name":"Accueil","item":"https:\/\/radcaen.fr\/"},{"@type":"ListItem","position":2,"name":"Articles","item":"https:\/\/radcaen.fr\/index.php\/category\/articles\/"},{"@type":"ListItem","position":3,"name":"Culture du viol et mouvement transactiviste"}]},{"@type":"WebSite","@id":"https:\/\/radcaen.fr\/#website","url":"https:\/\/radcaen.fr\/","name":"RadCaen","description":"F\u00e9minisme radical","publisher":{"@id":"https:\/\/radcaen.fr\/#\/schema\/person\/a9aba7c1961f02b55b6b76bbcc72ffbb"},"potentialAction":[{"@type":"SearchAction","target":{"@type":"EntryPoint","urlTemplate":"https:\/\/radcaen.fr\/?s={search_term_string}"},"query-input":{"@type":"PropertyValueSpecification","valueRequired":true,"valueName":"search_term_string"}}],"inLanguage":"fr-FR"},{"@type":["Person","Organization"],"@id":"https:\/\/radcaen.fr\/#\/schema\/person\/a9aba7c1961f02b55b6b76bbcc72ffbb","name":"RadCaen","image":{"@type":"ImageObject","inLanguage":"fr-FR","@id":"https:\/\/radcaen.fr\/#\/schema\/person\/image\/","url":"https:\/\/radcaen.fr\/wp-content\/uploads\/2020\/11\/cropped-radcaen.png","contentUrl":"https:\/\/radcaen.fr\/wp-content\/uploads\/2020\/11\/cropped-radcaen.png","width":591,"height":591,"caption":"RadCaen"},"logo":{"@id":"https:\/\/radcaen.fr\/#\/schema\/person\/image\/"},"url":"https:\/\/radcaen.fr\/index.php\/author\/mandarine\/"}]}},"jetpack_featured_media_url":"","jetpack_sharing_enabled":true,"_links":{"self":[{"href":"https:\/\/radcaen.fr\/index.php\/wp-json\/wp\/v2\/posts\/2105","targetHints":{"allow":["GET"]}}],"collection":[{"href":"https:\/\/radcaen.fr\/index.php\/wp-json\/wp\/v2\/posts"}],"about":[{"href":"https:\/\/radcaen.fr\/index.php\/wp-json\/wp\/v2\/types\/post"}],"author":[{"embeddable":true,"href":"https:\/\/radcaen.fr\/index.php\/wp-json\/wp\/v2\/users\/2"}],"replies":[{"embeddable":true,"href":"https:\/\/radcaen.fr\/index.php\/wp-json\/wp\/v2\/comments?post=2105"}],"version-history":[{"count":15,"href":"https:\/\/radcaen.fr\/index.php\/wp-json\/wp\/v2\/posts\/2105\/revisions"}],"predecessor-version":[{"id":2842,"href":"https:\/\/radcaen.fr\/index.php\/wp-json\/wp\/v2\/posts\/2105\/revisions\/2842"}],"wp:attachment":[{"href":"https:\/\/radcaen.fr\/index.php\/wp-json\/wp\/v2\/media?parent=2105"}],"wp:term":[{"taxonomy":"category","embeddable":true,"href":"https:\/\/radcaen.fr\/index.php\/wp-json\/wp\/v2\/categories?post=2105"},{"taxonomy":"post_tag","embeddable":true,"href":"https:\/\/radcaen.fr\/index.php\/wp-json\/wp\/v2\/tags?post=2105"}],"curies":[{"name":"wp","href":"https:\/\/api.w.org\/{rel}","templated":true}]}}