{"id":1446,"date":"2020-10-07T13:00:00","date_gmt":"2020-10-07T11:00:00","guid":{"rendered":"https:\/\/radcaen.wordpress.com\/?p=1446"},"modified":"2024-05-27T16:49:24","modified_gmt":"2024-05-27T14:49:24","slug":"le-proces-de-jk-rowling","status":"publish","type":"post","link":"https:\/\/radcaen.fr\/index.php\/2020\/10\/07\/le-proces-de-jk-rowling\/","title":{"rendered":"Le proc\u00e8s de JK Rowling"},"content":{"rendered":"\n<p>Ce document a pour but de r\u00e9sumer les \u00e9v\u00e8nements autour des pol\u00e9miques sur JK Rowling.<\/p>\n\n\n\n<h1 class=\"wp-block-heading\"><strong>Soutien \u00e0 Maya Forstater<\/strong><\/h1>\n\n\n\n<figure class=\"wp-block-image\"><img decoding=\"async\" src=\"https:\/\/lh4.googleusercontent.com\/V48bmzhA8oGkWLt4mkHZMwt3TLMJ-Abn8Hrionp69SpLxNyQr1XiaGRb5B0MyvmGt7VKiukaQLrFD00T2aHVD3YY2pHJ99innTc2Na7ED1Q8tD978X8pHiYVy1JHIfv_oobUvL7m\" alt=\"\"\/><figcaption class=\"wp-element-caption\">\u201cHabillez-vous comme vous le voulez. Appelez-vous comme vous le voulez. Couchez avec n&rsquo;importe quel adulte consentant qui veut de vous. Vivez votre meilleure vie en paix et en s\u00e9curit\u00e9. Mais forcer les femmes \u00e0 quitter leur travail pour dire que le sexe est r\u00e9el ? #IStandWithMaya #ThisIsNotADrill\u00a0\u00bb<\/figcaption><\/figure>\n\n\n\n<p>Twitter, 19 D\u00e9cembre 2019<\/p>\n\n\n\n<p>Maya Forstater a \u00e9t\u00e9 jug\u00e9e en Novembre 2019. La retranscription du proc\u00e8s, traduit par Floraison Blog, peut \u00eatre trouv\u00e9e<a href=\"https:\/\/floraisons.blog\/proces-de-maya-forstater\/\" target=\"_blank\" rel=\"noreferrer noopener\"> ici<\/a><sup>[1]<\/sup>.<\/p>\n\n\n\n<p>Note : Floraison est un m\u00e9dia f\u00e9ministe, qui a traduit le proc\u00e8s pour le rendre accessible aux francophones. Dans les commentaires du blog, des gens se plaignent de la transphobie du blog pour avoir traduit le proc\u00e8s.<\/p>\n\n\n\n<h1 class=\"wp-block-heading\"><strong>Critique de l\u2019\u00e9criture \u00ab\u00a0inclusive\u00a0\u00bb<\/strong><\/h1>\n\n\n\n<p>Ici je mets des guillemets \u00e0 \u00ab\u00a0inclusive\u00a0\u00bb parce que l&rsquo;\u00e9criture utilis\u00e9e par les trans invisibilise les femmes au lieu de les inclure. Voir <a href=\"https:\/\/radcaen.fr\/index.php\/2020\/07\/26\/les-femmes-ne-sont-pas-des-personnes-menstruees\/\" target=\"_blank\" rel=\"noreferrer noopener\">mon article<\/a> sur le sujet.<\/p>\n\n\n\n<figure class=\"wp-block-image\"><img decoding=\"async\" src=\"https:\/\/lh6.googleusercontent.com\/EgvzWWeRyUb5sXb58KDS0yufPSzfsO66LFmx8BJOzLdUtVtwiP39v7saWH7DIWeO125ehInwZ-BvWXbGAQL8R1dNSrS8Aoy4U3ZlrNdEm9BlkYcyzc5_6lRxWEU2fKX1cNf5geXk\" alt=\"\"\/><figcaption class=\"wp-element-caption\">\u201cLes <em>personnes menstru\u00e9es<\/em>\u2026 je suis certaine que l\u2019on avait un nom pour \u00e7a avant. Aidez-moi, fomes ? fames ? fimales ? Opinion : Cr\u00e9er un monde post-Covid19 plus \u00e9galitaire pour les personnes menstru\u00e9es\u201d<\/figcaption><\/figure>\n\n\n\n<p>Twitter, 6 Juin 2020<\/p>\n\n\n\n<p>Ici JKR fais r\u00e9f\u00e9rence au fait que le mot femme ne d\u00e9crit que le sexe d\u2019une personne, et que dire \u201cpersonne menstru\u00e9e\u201d revient \u00e0 dire femme mais en r\u00e9duisant \u00e0 une fonction biologique.<\/p>\n\n\n\n<h1 class=\"wp-block-heading\"><strong>Accusations, violences, r\u00e9actions<\/strong><\/h1>\n\n\n\n<h2 class=\"wp-block-heading\">Mains d\u2019or d\u2019Edinburg<\/h2>\n\n\n\n<p>En Juillet, les mains d\u2019or de JK Rowling \u00e0 Edinburg ont \u00e9t\u00e9 vandalis\u00e9es par des personnes trans, mais aucun groupe n\u2019a revendiqu\u00e9 l\u2019action. Les mains ont \u00e9t\u00e9 recouvertes de peinture rouge et un petit drapeau trans a \u00e9t\u00e9 dress\u00e9 devant.<\/p>\n\n\n\n<figure class=\"wp-block-image\"><img decoding=\"async\" src=\"https:\/\/lh3.googleusercontent.com\/OdGRxhkONUkY1RXm_qax_5W7NakZWDj3BO_HvTr5IPEGChRHQ9M5QJY_NmCyH_THTZ3rUmtK0YxVSuhDoxQIStWvXgxmce0mDWd91umKSeLYjbtV3R5rn1RAzobdNXLwHpNBinJZ\" alt=\"\"\/><\/figure>\n\n\n\n<h2 class=\"wp-block-heading\"><strong>R\u00e9actions<\/strong><\/h2>\n\n\n\n<p>Parmis les r\u00e9actions des internautes, certaines personnes ont envoy\u00e9 de la pornographie \u00e0 JK Rowling. Il y a eu des menaces sexistes, des menaces de meurtre et de viol, des insultes. Il y a aussi eu une vague de personnes postant des vid\u00e9os de leurs livres Harry Potter en train de br\u00fbler sur la plateforme TikTok.<\/p>\n\n\n\n<p>On peut aussi noter l\u2019existence du hashtag #RipJKRowling sur Twitter, dans lequel les gens faisaient semblant de croire que l\u2019autrice \u00e9tait morte ou se r\u00e9jouissaient de sa mort.<\/p>\n\n\n\n<figure class=\"wp-block-image size-large\"><img loading=\"lazy\" decoding=\"async\" width=\"1446\" height=\"1529\" data-attachment-id=\"1543\" data-permalink=\"https:\/\/radcaen.fr\/ripjkrowling\/\" data-orig-file=\"https:\/\/radcaen.fr\/wp-content\/uploads\/2020\/10\/ripjkrowling.png\" data-orig-size=\"1446,1529\" data-comments-opened=\"1\" data-image-meta=\"{&quot;aperture&quot;:&quot;0&quot;,&quot;credit&quot;:&quot;&quot;,&quot;camera&quot;:&quot;&quot;,&quot;caption&quot;:&quot;&quot;,&quot;created_timestamp&quot;:&quot;0&quot;,&quot;copyright&quot;:&quot;&quot;,&quot;focal_length&quot;:&quot;0&quot;,&quot;iso&quot;:&quot;0&quot;,&quot;shutter_speed&quot;:&quot;0&quot;,&quot;title&quot;:&quot;&quot;,&quot;orientation&quot;:&quot;0&quot;}\" data-image-title=\"ripjkrowling\" data-image-description=\"\" data-image-caption=\"\" data-medium-file=\"https:\/\/radcaen.fr\/wp-content\/uploads\/2020\/10\/ripjkrowling-284x300.png\" data-large-file=\"https:\/\/radcaen.fr\/wp-content\/uploads\/2020\/10\/ripjkrowling-968x1024.png\" src=\"https:\/\/radcaen.fr\/wp-content\/uploads\/2020\/10\/ripjkrowling.png?w=968\" alt=\"\" class=\"wp-image-1543\" srcset=\"https:\/\/radcaen.fr\/wp-content\/uploads\/2020\/10\/ripjkrowling.png 1446w, https:\/\/radcaen.fr\/wp-content\/uploads\/2020\/10\/ripjkrowling-600x634.png 600w, https:\/\/radcaen.fr\/wp-content\/uploads\/2020\/10\/ripjkrowling-284x300.png 284w, https:\/\/radcaen.fr\/wp-content\/uploads\/2020\/10\/ripjkrowling-968x1024.png 968w, https:\/\/radcaen.fr\/wp-content\/uploads\/2020\/10\/ripjkrowling-768x812.png 768w, https:\/\/radcaen.fr\/wp-content\/uploads\/2020\/10\/ripjkrowling-1200x1269.png 1200w\" sizes=\"auto, (max-width: 1446px) 100vw, 1446px\" \/><figcaption class=\"wp-element-caption\">\u00ab\u00a0en m\u00e9moire de jk rowling. elle n&rsquo;est pas morte mais elle a tu\u00e9 sa propre carri\u00e8re en d\u00e9testant fi\u00e8rement les personnes trans &amp; personne ne va vraiment la regretter de toutes fa\u00e7ons. #ripjkrowling\u00a0\u00bb<br>-@memeforhire<\/figcaption><\/figure>\n\n\n\n<p>Quelques personnes ne sont insurg\u00e9es de cette tendance (qui a \u00e9t\u00e9 #2 sur Twitter pendant un certain temps, comme en t\u00e9moigne ce tweet :<\/p>\n\n\n\n<figure class=\"wp-block-image size-large\"><img loading=\"lazy\" decoding=\"async\" width=\"633\" height=\"100\" data-attachment-id=\"1544\" data-permalink=\"https:\/\/radcaen.fr\/ripjk\/\" data-orig-file=\"https:\/\/radcaen.fr\/wp-content\/uploads\/2020\/10\/ripjk.jpg\" data-orig-size=\"633,100\" data-comments-opened=\"1\" data-image-meta=\"{&quot;aperture&quot;:&quot;0&quot;,&quot;credit&quot;:&quot;&quot;,&quot;camera&quot;:&quot;&quot;,&quot;caption&quot;:&quot;&quot;,&quot;created_timestamp&quot;:&quot;0&quot;,&quot;copyright&quot;:&quot;&quot;,&quot;focal_length&quot;:&quot;0&quot;,&quot;iso&quot;:&quot;0&quot;,&quot;shutter_speed&quot;:&quot;0&quot;,&quot;title&quot;:&quot;&quot;,&quot;orientation&quot;:&quot;0&quot;}\" data-image-title=\"ripjk\" data-image-description=\"\" data-image-caption=\"\" data-medium-file=\"https:\/\/radcaen.fr\/wp-content\/uploads\/2020\/10\/ripjk-300x47.jpg\" data-large-file=\"https:\/\/radcaen.fr\/wp-content\/uploads\/2020\/10\/ripjk.jpg\" src=\"https:\/\/radcaen.fr\/wp-content\/uploads\/2020\/10\/ripjk.jpg?w=633\" alt=\"\" class=\"wp-image-1544\" srcset=\"https:\/\/radcaen.fr\/wp-content\/uploads\/2020\/10\/ripjk.jpg 633w, https:\/\/radcaen.fr\/wp-content\/uploads\/2020\/10\/ripjk-600x95.jpg 600w, https:\/\/radcaen.fr\/wp-content\/uploads\/2020\/10\/ripjk-300x47.jpg 300w\" sizes=\"auto, (max-width: 633px) 100vw, 633px\" \/><figcaption class=\"wp-element-caption\">\u00ab\u00a0Le fait que #RIPJKRowling est en tendance dit tout ce que vous devez savoir sur la brigade progressiste &#8211; ils sont m\u00e9chants et plus vicieusement intol\u00e9rants que n&rsquo;importe quelle personne dont ils parlent.\u00a0\u00bb<br>-@piersmorgan<\/figcaption><\/figure>\n\n\n\n<h2 class=\"wp-block-heading\">Dernier roman<\/h2>\n\n\n\n<figure class=\"wp-block-image size-large\"><img loading=\"lazy\" decoding=\"async\" width=\"700\" height=\"500\" data-attachment-id=\"1546\" data-permalink=\"https:\/\/radcaen.fr\/troubledblood\/\" data-orig-file=\"https:\/\/radcaen.fr\/wp-content\/uploads\/2020\/10\/troubledblood.jpg\" data-orig-size=\"700,500\" data-comments-opened=\"1\" data-image-meta=\"{&quot;aperture&quot;:&quot;0&quot;,&quot;credit&quot;:&quot;&quot;,&quot;camera&quot;:&quot;&quot;,&quot;caption&quot;:&quot;&quot;,&quot;created_timestamp&quot;:&quot;0&quot;,&quot;copyright&quot;:&quot;&quot;,&quot;focal_length&quot;:&quot;0&quot;,&quot;iso&quot;:&quot;0&quot;,&quot;shutter_speed&quot;:&quot;0&quot;,&quot;title&quot;:&quot;&quot;,&quot;orientation&quot;:&quot;0&quot;}\" data-image-title=\"troubledblood\" data-image-description=\"\" data-image-caption=\"\" data-medium-file=\"https:\/\/radcaen.fr\/wp-content\/uploads\/2020\/10\/troubledblood-300x214.jpg\" data-large-file=\"https:\/\/radcaen.fr\/wp-content\/uploads\/2020\/10\/troubledblood.jpg\" src=\"https:\/\/radcaen.fr\/wp-content\/uploads\/2020\/10\/troubledblood.jpg?w=700\" alt=\"\" class=\"wp-image-1546\" srcset=\"https:\/\/radcaen.fr\/wp-content\/uploads\/2020\/10\/troubledblood.jpg 700w, https:\/\/radcaen.fr\/wp-content\/uploads\/2020\/10\/troubledblood-600x429.jpg 600w, https:\/\/radcaen.fr\/wp-content\/uploads\/2020\/10\/troubledblood-300x214.jpg 300w\" sizes=\"auto, (max-width: 700px) 100vw, 700px\" \/><figcaption class=\"wp-element-caption\">JK Rowling et son dernier livre, \u00ab\u00a0Troubled Blood\u00a0\u00bb<\/figcaption><\/figure>\n\n\n\n<p>Troubled Blood est un roman policier de 900 pages, sorti r\u00e9cemment et d\u00e9j\u00e0 top des ventes en Grande-Bretagne. Le livre est accus\u00e9 de transphobie de par la pr\u00e9sence d&rsquo;un personne serial killer qui se travestis pour tromper ses victimes, cependant il s&rsquo;agit d&rsquo;un \u00e9l\u00e9ment mineur du livre. Les activistes trans (dont le m\u00e9dia Pink News) ont appel\u00e9 au boycott du livre, sans succ\u00e8s.<\/p>\n\n\n<div class=\"wp-block-image\">\n<figure class=\"aligncenter\"><img decoding=\"async\" src=\"https:\/\/lh5.googleusercontent.com\/UEw9cyQQ4dv6ZnwAFCbGAMKEtrFALMtljiCoPMtCmhXqpR2JYAvenK0sc0GTilezPzKZlkoMhVx3nFbLpWQvap96mAxnmOEWsRRjvTAVSCTwqw16l3wRNRggmY2Wu7UhOWdTKWEn\" alt=\"\"\/><figcaption class=\"wp-element-caption\">\u201cLe dernier livre de JK Rowling est \u00e0 propos d\u2019un homme cis meurtrier qui s\u2019habille en femme pour tuer ses victimes\u201d<br>\u201ctw transphobie \/\/ chaque jour est un bon jour pour arr\u00eater de donner \u00e0 JK Rowling m\u00eame juste un centime de votre argent, mais SURTOUT \u00e0 la lumi\u00e8re du fait qu\u2019elle d\u00e9place sa transphobie violente en dehors du sous-texte de ses livres pour la mettre directement dans le texte\u201d<\/figcaption><\/figure><\/div>\n\n\n<p>Il est important de noter que dans son essai \u00ab\u00a0TERF Wars\u00a0\u00bb, JK Rowling pr\u00e9cise qu&rsquo;elle a commenc\u00e9 \u00e0 s&rsquo;int\u00e9resser \u00e0 la question trans en faisant des recherches pour son roman, ce qui l&rsquo;a amen\u00e9e \u00e0 \u00e9couter des m\u00e9dias f\u00e9ministes radicaux et critiques du genre.<\/p>\n\n\n\n<h3 class=\"wp-block-heading\"><strong>Robert Galbraith<\/strong><\/h3>\n\n\n\n<p>JK Rowling a \u00e9t\u00e9 accus\u00e9e d\u2019homophobie et de transphobie \u00e0 cause de son nom de plume, car Robert Galbraith Heath \u00e9tait un psychiatre am\u00e9ricain qui pratiquait la th\u00e9rapie de conversion sur des patients homosexuels.<\/p>\n\n\n\n<p>Cependant, Robert Galbraith est un nom commun (et il \u00e9tait Am\u00e9ricain, alors que Rowling est Britannique). D\u2019apr\u00e8s Wikip\u00e9dia, Robert Galbraith peut se r\u00e9f\u00e9rer \u00e0 Jk Rowling, \u00e0 Robert Leslie Thomas Galbraith, \u00e0 Robert Galbraith (un juge), \u00e0 Robert Galbraith (un militaire), et enfin seulement au psychiatre.<\/p>\n\n\n\n<p>JK Rowling a \u00e9galement expliqu\u00e9 dans une interview ant\u00e9rieure \u00e0 cette pol\u00e9mique l\u2019origine de son pseudo : Elle a toujours aim\u00e9 le pr\u00e9nom Robert, aussi parce qu\u2019elle \u00e9tait passionn\u00e9e par Robert F Kennedy. Le nom Galbraith lui est venu naturellement parce que quand elle \u00e9tait petite, elle voulait s\u2019appeler Ellie Galbraith, mais elle ne savait pas pourquoi.<\/p>\n\n\n\n<h2 class=\"wp-block-heading\">Accusation de P\u00e9dophilie<\/h2>\n\n\n\n<figure class=\"wp-block-image size-large\"><img loading=\"lazy\" decoding=\"async\" width=\"694\" height=\"1078\" data-attachment-id=\"1531\" data-permalink=\"https:\/\/radcaen.fr\/spurling-s-original-tweet-has-since-been-deleted\/\" data-orig-file=\"https:\/\/radcaen.fr\/wp-content\/uploads\/2020\/10\/spurling-s-original-tweet-has-since-been-deleted.png\" data-orig-size=\"694,1078\" data-comments-opened=\"1\" data-image-meta=\"{&quot;aperture&quot;:&quot;0&quot;,&quot;credit&quot;:&quot;&quot;,&quot;camera&quot;:&quot;&quot;,&quot;caption&quot;:&quot;&quot;,&quot;created_timestamp&quot;:&quot;0&quot;,&quot;copyright&quot;:&quot;&quot;,&quot;focal_length&quot;:&quot;0&quot;,&quot;iso&quot;:&quot;0&quot;,&quot;shutter_speed&quot;:&quot;0&quot;,&quot;title&quot;:&quot;&quot;,&quot;orientation&quot;:&quot;0&quot;}\" data-image-title=\"spurling-s-original-tweet-has-since-been-deleted\" data-image-description=\"\" data-image-caption=\"\" data-medium-file=\"https:\/\/radcaen.fr\/wp-content\/uploads\/2020\/10\/spurling-s-original-tweet-has-since-been-deleted-193x300.png\" data-large-file=\"https:\/\/radcaen.fr\/wp-content\/uploads\/2020\/10\/spurling-s-original-tweet-has-since-been-deleted-659x1024.png\" src=\"https:\/\/radcaen.fr\/wp-content\/uploads\/2020\/10\/spurling-s-original-tweet-has-since-been-deleted.png?w=659\" alt=\"\" class=\"wp-image-1531\" srcset=\"https:\/\/radcaen.fr\/wp-content\/uploads\/2020\/10\/spurling-s-original-tweet-has-since-been-deleted.png 694w, https:\/\/radcaen.fr\/wp-content\/uploads\/2020\/10\/spurling-s-original-tweet-has-since-been-deleted-600x932.png 600w, https:\/\/radcaen.fr\/wp-content\/uploads\/2020\/10\/spurling-s-original-tweet-has-since-been-deleted-193x300.png 193w, https:\/\/radcaen.fr\/wp-content\/uploads\/2020\/10\/spurling-s-original-tweet-has-since-been-deleted-659x1024.png 659w\" sizes=\"auto, (max-width: 694px) 100vw, 694px\" \/><figcaption class=\"wp-element-caption\">\u201cD\u00e9finitivement quelque chose sur lequel garder un oeil. Ces derni\u00e8res ann\u00e9es, Rowling a clairement montr\u00e9 qu\u2019elle n\u2019\u00e9tait pas digne de confiance avec les enfants.\u201d<br>\u201cSauf si vous voulez entendre parler de mes avocats, vous pourriez vouloir r\u00e9fl\u00e9chir \u00e0 ce tweet. Je ne vais pas perdre mon temps \u00e0 argumenter avec des d\u00e9formations volontaires de mes opinions sur le transgenderisme &#8211; votre fil twitter montre que vous n\u2019\u00eates pas grand de v\u00e9rit\u00e9 &#8211; mais faire des insinuations s\u00e9rieuses comme celles-l\u00e0 vient avec des cons\u00e9quences.\u201d<\/figcaption><\/figure>\n\n\n\n<p>Nicola Spurling est une femme trans, qui a depuis supprim\u00e9 son tweet par peur de repr\u00e9sailles l\u00e9gales.<\/p>\n\n\n\n<p>Jk Rowling a aussi \u00e9t\u00e9 compar\u00e9e \u00e0 une Nazie par un magazine, qu\u2019elle a attaqu\u00e9 en justice pour diffamation. Elle a gagn\u00e9 le proc\u00e8s et le magazine a vers\u00e9 de l\u2019argent \u00e0 une association.<\/p>\n\n\n\n<h2 class=\"wp-block-heading\">Hormones<\/h2>\n\n\n\n<p>JK Rowling a \u00e9t\u00e9 accus\u00e9e de validisme \u00e0 cause du passage sur l\u2019autisme dans son texte, et pour avoir retweet\u00e9 un tweet qui d\u00e9non\u00e7ait l\u2019utilisation des bloqueurs de pubert\u00e9 et des hormones comme des antid\u00e9presseurs pour les enfants. Elle a fini par r\u00e9pondre \u00e0 ce tweet :<\/p>\n\n\n\n<p>\u201cQui avait pari\u00e9 que JK Rowling finirait par apporter son soutien \u00e0 ceux qui appellent les gens qui prennent des m\u00e9dicaments \u2018feignants\u2019 ? Je prends des m\u00e9dicaments quotidiennement pour fonctionner, ce sentiment est au-del\u00e0 de l\u2019offensif, c\u2019est activement dommageable pour des millions de gens.\u201d<br>-@TrinerScot (Tristan writes)<br>Twitter, 5 Juillet 2020<\/p>\n\n\n\n<div class=\"wp-block-coblocks-gallery-stacked aligncenter\"><ul class=\"coblocks-gallery has-fullwidth-images\"><li class=\"coblocks-gallery--item\"><figure class=\"coblocks-gallery--figure\"><img loading=\"lazy\" decoding=\"async\" width=\"589\" height=\"693\" data-attachment-id=\"1495\" data-permalink=\"https:\/\/radcaen.fr\/1-3-2\/\" data-orig-file=\"https:\/\/radcaen.fr\/wp-content\/uploads\/2020\/10\/1-3.jpg\" data-orig-size=\"589,693\" data-comments-opened=\"1\" data-image-meta=\"{&quot;aperture&quot;:&quot;0&quot;,&quot;credit&quot;:&quot;&quot;,&quot;camera&quot;:&quot;&quot;,&quot;caption&quot;:&quot;&quot;,&quot;created_timestamp&quot;:&quot;0&quot;,&quot;copyright&quot;:&quot;&quot;,&quot;focal_length&quot;:&quot;0&quot;,&quot;iso&quot;:&quot;0&quot;,&quot;shutter_speed&quot;:&quot;0&quot;,&quot;title&quot;:&quot;&quot;,&quot;orientation&quot;:&quot;0&quot;}\" data-image-title=\"1-3\" data-image-description=\"\" data-image-caption=\"\" data-medium-file=\"https:\/\/radcaen.fr\/wp-content\/uploads\/2020\/10\/1-3-255x300.jpg\" data-large-file=\"https:\/\/radcaen.fr\/wp-content\/uploads\/2020\/10\/1-3.jpg\" src=\"https:\/\/radcaen.fr\/wp-content\/uploads\/2020\/10\/1-3.jpg?w=589\" alt=\"\" data-id=\"1495\" data-imglink=\"\" data-link=\"https:\/\/radcaen.wordpress.com\/1-3-2\/\" class=\"wp-image-1495 has-shadow-none\" srcset=\"https:\/\/radcaen.fr\/wp-content\/uploads\/2020\/10\/1-3.jpg 589w, https:\/\/radcaen.fr\/wp-content\/uploads\/2020\/10\/1-3-255x300.jpg 255w\" sizes=\"auto, (max-width: 589px) 100vw, 589px\" \/><figcaption class=\"coblocks-gallery--caption\">\u201cJ\u2019ai ignor\u00e9 des faux tweets qui m\u2019ont \u00e9t\u00e9 attribu\u00e9 et retweet\u00e9s en masse. J\u2019ai ignor\u00e9 de la pornographie envoy\u00e9e \u00e0 des enfants sous un thread \u00e0 propos de leur art. J\u2019ai ignor\u00e9 des menaces de mort et de viol. Je ne vais pas ignorer \u00e7a. 1\/11\u201d<\/figcaption><\/figure><\/li><li class=\"coblocks-gallery--item\"><figure class=\"coblocks-gallery--figure\"><img loading=\"lazy\" decoding=\"async\" width=\"611\" height=\"149\" data-attachment-id=\"1498\" data-permalink=\"https:\/\/radcaen.fr\/2-1-2\/\" data-orig-file=\"https:\/\/radcaen.fr\/wp-content\/uploads\/2020\/10\/2-1.png\" data-orig-size=\"611,149\" data-comments-opened=\"1\" data-image-meta=\"{&quot;aperture&quot;:&quot;0&quot;,&quot;credit&quot;:&quot;&quot;,&quot;camera&quot;:&quot;&quot;,&quot;caption&quot;:&quot;&quot;,&quot;created_timestamp&quot;:&quot;0&quot;,&quot;copyright&quot;:&quot;&quot;,&quot;focal_length&quot;:&quot;0&quot;,&quot;iso&quot;:&quot;0&quot;,&quot;shutter_speed&quot;:&quot;0&quot;,&quot;title&quot;:&quot;&quot;,&quot;orientation&quot;:&quot;0&quot;}\" data-image-title=\"2-1\" data-image-description=\"\" data-image-caption=\"\" data-medium-file=\"https:\/\/radcaen.fr\/wp-content\/uploads\/2020\/10\/2-1-300x73.png\" data-large-file=\"https:\/\/radcaen.fr\/wp-content\/uploads\/2020\/10\/2-1.png\" src=\"https:\/\/radcaen.fr\/wp-content\/uploads\/2020\/10\/2-1.png?w=611\" alt=\"\" data-id=\"1498\" data-imglink=\"\" data-link=\"https:\/\/radcaen.wordpress.com\/2-1-2\/\" class=\"wp-image-1498 has-shadow-none\" srcset=\"https:\/\/radcaen.fr\/wp-content\/uploads\/2020\/10\/2-1.png 611w, https:\/\/radcaen.fr\/wp-content\/uploads\/2020\/10\/2-1-600x146.png 600w, https:\/\/radcaen.fr\/wp-content\/uploads\/2020\/10\/2-1-300x73.png 300w\" sizes=\"auto, (max-width: 611px) 100vw, 611px\" \/><figcaption class=\"coblocks-gallery--caption\">\u00ab\u00a0Quand vous mentez sur ce que je crois en mati\u00e8re de m\u00e9dication pour la sant\u00e9 mentale et quand vous d\u00e9formez les propos d&rsquo;une femme trans pour laquelle je ne ressens qu&rsquo;admiration et solidarit\u00e9, vous franchissez une limite. 2\/11\u00a0\u00bb<\/figcaption><\/figure><\/li><li class=\"coblocks-gallery--item\"><figure class=\"coblocks-gallery--figure\"><img loading=\"lazy\" decoding=\"async\" width=\"611\" height=\"138\" data-attachment-id=\"1500\" data-permalink=\"https:\/\/radcaen.fr\/3-1-2\/\" data-orig-file=\"https:\/\/radcaen.fr\/wp-content\/uploads\/2020\/10\/3-1.png\" data-orig-size=\"611,138\" data-comments-opened=\"1\" data-image-meta=\"{&quot;aperture&quot;:&quot;0&quot;,&quot;credit&quot;:&quot;&quot;,&quot;camera&quot;:&quot;&quot;,&quot;caption&quot;:&quot;&quot;,&quot;created_timestamp&quot;:&quot;0&quot;,&quot;copyright&quot;:&quot;&quot;,&quot;focal_length&quot;:&quot;0&quot;,&quot;iso&quot;:&quot;0&quot;,&quot;shutter_speed&quot;:&quot;0&quot;,&quot;title&quot;:&quot;&quot;,&quot;orientation&quot;:&quot;0&quot;}\" data-image-title=\"3-1\" data-image-description=\"\" data-image-caption=\"\" data-medium-file=\"https:\/\/radcaen.fr\/wp-content\/uploads\/2020\/10\/3-1-300x68.png\" data-large-file=\"https:\/\/radcaen.fr\/wp-content\/uploads\/2020\/10\/3-1.png\" src=\"https:\/\/radcaen.fr\/wp-content\/uploads\/2020\/10\/3-1.png?w=611\" alt=\"\" data-id=\"1500\" data-imglink=\"\" data-link=\"https:\/\/radcaen.wordpress.com\/3-1-2\/\" class=\"wp-image-1500 has-shadow-none\" srcset=\"https:\/\/radcaen.fr\/wp-content\/uploads\/2020\/10\/3-1.png 611w, https:\/\/radcaen.fr\/wp-content\/uploads\/2020\/10\/3-1-600x136.png 600w, https:\/\/radcaen.fr\/wp-content\/uploads\/2020\/10\/3-1-300x68.png 300w\" sizes=\"auto, (max-width: 611px) 100vw, 611px\" \/><figcaption class=\"coblocks-gallery--caption\">\u00ab\u00a0J&rsquo;ai \u00e9crit et parl\u00e9 \u00e0 propos de mes propres challenges regardant la sant\u00e9 mentale, ce qui inclut un Trouble Obsessionnel Compulsif, la d\u00e9pression et l&rsquo;anxi\u00e9t\u00e9. Je l&rsquo;ai fais r\u00e9cemment dans mon essai \u00ab\u00a0TERF Wars\u00a0\u00bb. J&rsquo;ai pris des antid\u00e9presseurs dans le pass\u00e9 et ils m&rsquo;ont aid\u00e9e. 3\/11&Prime;<\/figcaption><\/figure><\/li><li class=\"coblocks-gallery--item\"><figure class=\"coblocks-gallery--figure\"><img loading=\"lazy\" decoding=\"async\" width=\"611\" height=\"128\" data-attachment-id=\"1502\" data-permalink=\"https:\/\/radcaen.fr\/4-1-2\/\" data-orig-file=\"https:\/\/radcaen.fr\/wp-content\/uploads\/2020\/10\/4-1.png\" data-orig-size=\"611,128\" data-comments-opened=\"1\" data-image-meta=\"{&quot;aperture&quot;:&quot;0&quot;,&quot;credit&quot;:&quot;&quot;,&quot;camera&quot;:&quot;&quot;,&quot;caption&quot;:&quot;&quot;,&quot;created_timestamp&quot;:&quot;0&quot;,&quot;copyright&quot;:&quot;&quot;,&quot;focal_length&quot;:&quot;0&quot;,&quot;iso&quot;:&quot;0&quot;,&quot;shutter_speed&quot;:&quot;0&quot;,&quot;title&quot;:&quot;&quot;,&quot;orientation&quot;:&quot;0&quot;}\" data-image-title=\"4-1\" data-image-description=\"\" data-image-caption=\"\" data-medium-file=\"https:\/\/radcaen.fr\/wp-content\/uploads\/2020\/10\/4-1-300x63.png\" data-large-file=\"https:\/\/radcaen.fr\/wp-content\/uploads\/2020\/10\/4-1.png\" src=\"https:\/\/radcaen.fr\/wp-content\/uploads\/2020\/10\/4-1.png?w=611\" alt=\"\" data-id=\"1502\" data-imglink=\"\" data-link=\"https:\/\/radcaen.wordpress.com\/4-1-2\/\" class=\"wp-image-1502 has-shadow-none\" srcset=\"https:\/\/radcaen.fr\/wp-content\/uploads\/2020\/10\/4-1.png 611w, https:\/\/radcaen.fr\/wp-content\/uploads\/2020\/10\/4-1-600x126.png 600w, https:\/\/radcaen.fr\/wp-content\/uploads\/2020\/10\/4-1-300x63.png 300w\" sizes=\"auto, (max-width: 611px) 100vw, 611px\" \/><figcaption class=\"coblocks-gallery--caption\">\u00ab\u00a0Beaucoup de professionnels de sant\u00e9 sont inqui\u00e9t\u00e9s que des jeunes gens qui ont des difficult\u00e9s avec leur sant\u00e9 mentale soient pouss\u00e9s vers les hormones et la chirurgie quand cela pourrais ne pas \u00eatre pour leur meilleur int\u00e9r\u00eat. 4\/11\u00a0\u00bb<\/figcaption><\/figure><\/li><li class=\"coblocks-gallery--item\"><figure class=\"coblocks-gallery--figure\"><img loading=\"lazy\" decoding=\"async\" width=\"611\" height=\"150\" data-attachment-id=\"1504\" data-permalink=\"https:\/\/radcaen.fr\/5-1-2\/\" data-orig-file=\"https:\/\/radcaen.fr\/wp-content\/uploads\/2020\/10\/5-1.png\" data-orig-size=\"611,150\" data-comments-opened=\"1\" data-image-meta=\"{&quot;aperture&quot;:&quot;0&quot;,&quot;credit&quot;:&quot;&quot;,&quot;camera&quot;:&quot;&quot;,&quot;caption&quot;:&quot;&quot;,&quot;created_timestamp&quot;:&quot;0&quot;,&quot;copyright&quot;:&quot;&quot;,&quot;focal_length&quot;:&quot;0&quot;,&quot;iso&quot;:&quot;0&quot;,&quot;shutter_speed&quot;:&quot;0&quot;,&quot;title&quot;:&quot;&quot;,&quot;orientation&quot;:&quot;0&quot;}\" data-image-title=\"5-1\" data-image-description=\"\" data-image-caption=\"\" data-medium-file=\"https:\/\/radcaen.fr\/wp-content\/uploads\/2020\/10\/5-1-300x74.png\" data-large-file=\"https:\/\/radcaen.fr\/wp-content\/uploads\/2020\/10\/5-1.png\" src=\"https:\/\/radcaen.fr\/wp-content\/uploads\/2020\/10\/5-1.png?w=611\" alt=\"\" data-id=\"1504\" data-imglink=\"\" data-link=\"https:\/\/radcaen.wordpress.com\/5-1-2\/\" class=\"wp-image-1504 has-shadow-none\" srcset=\"https:\/\/radcaen.fr\/wp-content\/uploads\/2020\/10\/5-1.png 611w, https:\/\/radcaen.fr\/wp-content\/uploads\/2020\/10\/5-1-600x147.png 600w, https:\/\/radcaen.fr\/wp-content\/uploads\/2020\/10\/5-1-300x74.png 300w\" sizes=\"auto, (max-width: 611px) 100vw, 611px\" \/><figcaption class=\"coblocks-gallery--caption\">\u00ab\u00a0Beaucoup, moi inclue, croient que nous sommes en train de voir une nouvelle forme de th\u00e9rapie de conversion pour les jeunes homosexuel-les, qui sont envoy\u00e9s sur un chemin \u00e0 vie de m\u00e9dicalisation qui peut provoquer la perte de leur fertilit\u00e9 et\/ou de leur fonction sexuelle compl\u00e8te. 5\/11\u00a0\u00bb<\/figcaption><\/figure><\/li><li class=\"coblocks-gallery--item\"><figure class=\"coblocks-gallery--figure\"><img loading=\"lazy\" decoding=\"async\" width=\"602\" height=\"284\" data-attachment-id=\"1506\" data-permalink=\"https:\/\/radcaen.fr\/6-1-2\/\" data-orig-file=\"https:\/\/radcaen.fr\/wp-content\/uploads\/2020\/10\/6-1.png\" data-orig-size=\"602,284\" data-comments-opened=\"1\" data-image-meta=\"{&quot;aperture&quot;:&quot;0&quot;,&quot;credit&quot;:&quot;&quot;,&quot;camera&quot;:&quot;&quot;,&quot;caption&quot;:&quot;&quot;,&quot;created_timestamp&quot;:&quot;0&quot;,&quot;copyright&quot;:&quot;&quot;,&quot;focal_length&quot;:&quot;0&quot;,&quot;iso&quot;:&quot;0&quot;,&quot;shutter_speed&quot;:&quot;0&quot;,&quot;title&quot;:&quot;&quot;,&quot;orientation&quot;:&quot;0&quot;}\" data-image-title=\"6-1\" data-image-description=\"\" data-image-caption=\"\" data-medium-file=\"https:\/\/radcaen.fr\/wp-content\/uploads\/2020\/10\/6-1-300x142.png\" data-large-file=\"https:\/\/radcaen.fr\/wp-content\/uploads\/2020\/10\/6-1.png\" src=\"https:\/\/radcaen.fr\/wp-content\/uploads\/2020\/10\/6-1.png?w=602\" alt=\"\" data-id=\"1506\" data-imglink=\"\" data-link=\"https:\/\/radcaen.wordpress.com\/6-1-2\/\" class=\"wp-image-1506 has-shadow-none\" srcset=\"https:\/\/radcaen.fr\/wp-content\/uploads\/2020\/10\/6-1.png 602w, https:\/\/radcaen.fr\/wp-content\/uploads\/2020\/10\/6-1-600x283.png 600w, https:\/\/radcaen.fr\/wp-content\/uploads\/2020\/10\/6-1-300x142.png 300w\" sizes=\"auto, (max-width: 602px) 100vw, 602px\" \/><figcaption class=\"coblocks-gallery--caption\">\u00ab\u00a0C&rsquo;est inqui\u00e9tudes ont \u00e9t\u00e9 explor\u00e9es dans le documentaire BBC r\u00e9cent sur la Clinique Tavistock. Des lanceurs d&rsquo;alerte parlaient de transitions motiv\u00e9es par l&rsquo;homophobie. [lien 1] 6\/11\u00a0\u00bb<\/figcaption><\/figure><\/li><li class=\"coblocks-gallery--item\"><figure class=\"coblocks-gallery--figure\"><img loading=\"lazy\" decoding=\"async\" width=\"602\" height=\"158\" data-attachment-id=\"1508\" data-permalink=\"https:\/\/radcaen.fr\/7-1-2\/\" data-orig-file=\"https:\/\/radcaen.fr\/wp-content\/uploads\/2020\/10\/7-1.png\" data-orig-size=\"602,158\" data-comments-opened=\"1\" data-image-meta=\"{&quot;aperture&quot;:&quot;0&quot;,&quot;credit&quot;:&quot;&quot;,&quot;camera&quot;:&quot;&quot;,&quot;caption&quot;:&quot;&quot;,&quot;created_timestamp&quot;:&quot;0&quot;,&quot;copyright&quot;:&quot;&quot;,&quot;focal_length&quot;:&quot;0&quot;,&quot;iso&quot;:&quot;0&quot;,&quot;shutter_speed&quot;:&quot;0&quot;,&quot;title&quot;:&quot;&quot;,&quot;orientation&quot;:&quot;0&quot;}\" data-image-title=\"7-1\" data-image-description=\"\" data-image-caption=\"\" data-medium-file=\"https:\/\/radcaen.fr\/wp-content\/uploads\/2020\/10\/7-1-300x79.png\" data-large-file=\"https:\/\/radcaen.fr\/wp-content\/uploads\/2020\/10\/7-1.png\" src=\"https:\/\/radcaen.fr\/wp-content\/uploads\/2020\/10\/7-1.png?w=602\" alt=\"\" data-id=\"1508\" data-imglink=\"\" data-link=\"https:\/\/radcaen.wordpress.com\/7-1-2\/\" class=\"wp-image-1508 has-shadow-none\" srcset=\"https:\/\/radcaen.fr\/wp-content\/uploads\/2020\/10\/7-1.png 602w, https:\/\/radcaen.fr\/wp-content\/uploads\/2020\/10\/7-1-600x157.png 600w, https:\/\/radcaen.fr\/wp-content\/uploads\/2020\/10\/7-1-300x79.png 300w\" sizes=\"auto, (max-width: 602px) 100vw, 602px\" \/><figcaption class=\"coblocks-gallery--caption\">\u00ab\u00a0Comme je l&rsquo;ai dit plusieurs fois, la transition peut \u00eatre la solution pour certain-es. Pour d&rsquo;autres, ce ne sera pas le cas &#8211; regardez les t\u00e9moignages des gens qui d\u00e9transitionnent. &lsquo;Le syst\u00e8me voit les chirurgies comme une r\u00e9paration facile pour les filles qui ne conforment pas&rsquo;. [lien cass\u00e9] 7\/11\u00a0\u00bb<\/figcaption><\/figure><\/li><li class=\"coblocks-gallery--item\"><figure class=\"coblocks-gallery--figure\"><img loading=\"lazy\" decoding=\"async\" width=\"602\" height=\"266\" data-attachment-id=\"1510\" data-permalink=\"https:\/\/radcaen.fr\/8-1-2\/\" data-orig-file=\"https:\/\/radcaen.fr\/wp-content\/uploads\/2020\/10\/8-1.png\" data-orig-size=\"602,266\" data-comments-opened=\"1\" data-image-meta=\"{&quot;aperture&quot;:&quot;0&quot;,&quot;credit&quot;:&quot;&quot;,&quot;camera&quot;:&quot;&quot;,&quot;caption&quot;:&quot;&quot;,&quot;created_timestamp&quot;:&quot;0&quot;,&quot;copyright&quot;:&quot;&quot;,&quot;focal_length&quot;:&quot;0&quot;,&quot;iso&quot;:&quot;0&quot;,&quot;shutter_speed&quot;:&quot;0&quot;,&quot;title&quot;:&quot;&quot;,&quot;orientation&quot;:&quot;0&quot;}\" data-image-title=\"8-1\" data-image-description=\"\" data-image-caption=\"\" data-medium-file=\"https:\/\/radcaen.fr\/wp-content\/uploads\/2020\/10\/8-1-300x133.png\" data-large-file=\"https:\/\/radcaen.fr\/wp-content\/uploads\/2020\/10\/8-1.png\" src=\"https:\/\/radcaen.fr\/wp-content\/uploads\/2020\/10\/8-1.png?w=602\" alt=\"\" data-id=\"1510\" data-imglink=\"\" data-link=\"https:\/\/radcaen.wordpress.com\/8-1-2\/\" class=\"wp-image-1510 has-shadow-none\" srcset=\"https:\/\/radcaen.fr\/wp-content\/uploads\/2020\/10\/8-1.png 602w, https:\/\/radcaen.fr\/wp-content\/uploads\/2020\/10\/8-1-600x265.png 600w, https:\/\/radcaen.fr\/wp-content\/uploads\/2020\/10\/8-1-300x133.png 300w\" sizes=\"auto, (max-width: 602px) 100vw, 602px\" \/><figcaption class=\"coblocks-gallery--caption\">\u00ab\u00a0Sophie est une femme trans et une vraie alli\u00e9e f\u00e9ministe. Elle argumentait que les antid\u00e9presseurs ont d\u00e9j\u00e0 \u00e9t\u00e9 trop prescrits aux adolescents dans le pass\u00e9, avec des cons\u00e9quences s\u00e9rieuses. [lien 2] 8\/11\u00a0\u00bb<\/figcaption><\/figure><\/li><li class=\"coblocks-gallery--item\"><figure class=\"coblocks-gallery--figure\"><img loading=\"lazy\" decoding=\"async\" width=\"593\" height=\"543\" data-attachment-id=\"1512\" data-permalink=\"https:\/\/radcaen.fr\/9-2-2\/\" data-orig-file=\"https:\/\/radcaen.fr\/wp-content\/uploads\/2020\/10\/9-2.jpg\" data-orig-size=\"593,543\" data-comments-opened=\"1\" data-image-meta=\"{&quot;aperture&quot;:&quot;0&quot;,&quot;credit&quot;:&quot;&quot;,&quot;camera&quot;:&quot;&quot;,&quot;caption&quot;:&quot;&quot;,&quot;created_timestamp&quot;:&quot;0&quot;,&quot;copyright&quot;:&quot;&quot;,&quot;focal_length&quot;:&quot;0&quot;,&quot;iso&quot;:&quot;0&quot;,&quot;shutter_speed&quot;:&quot;0&quot;,&quot;title&quot;:&quot;&quot;,&quot;orientation&quot;:&quot;0&quot;}\" data-image-title=\"9-2\" data-image-description=\"\" data-image-caption=\"\" data-medium-file=\"https:\/\/radcaen.fr\/wp-content\/uploads\/2020\/10\/9-2-300x275.jpg\" data-large-file=\"https:\/\/radcaen.fr\/wp-content\/uploads\/2020\/10\/9-2.jpg\" src=\"https:\/\/radcaen.fr\/wp-content\/uploads\/2020\/10\/9-2.jpg?w=593\" alt=\"\" data-id=\"1512\" data-imglink=\"\" data-link=\"https:\/\/radcaen.wordpress.com\/9-2-2\/\" class=\"wp-image-1512 has-shadow-none\" srcset=\"https:\/\/radcaen.fr\/wp-content\/uploads\/2020\/10\/9-2.jpg 593w, https:\/\/radcaen.fr\/wp-content\/uploads\/2020\/10\/9-2-300x275.jpg 300w\" sizes=\"auto, (max-width: 593px) 100vw, 593px\" \/><figcaption class=\"coblocks-gallery--caption\">\u00ab\u00a0Les risques \u00e0 long terme des hormones sexuelles crois\u00e9es ont d\u00e9sormais \u00e9t\u00e9 suivis sur de longues p\u00e9riodes. Ces effets secondaires sont souvent minimis\u00e9s ou ni\u00e9s par les activistes trans. [lien 3] 9\/11\u00a0\u00bb<\/figcaption><\/figure><\/li><li class=\"coblocks-gallery--item\"><figure class=\"coblocks-gallery--figure\"><img loading=\"lazy\" decoding=\"async\" width=\"376\" height=\"334\" data-attachment-id=\"1514\" data-permalink=\"https:\/\/radcaen.fr\/10-1\/\" data-orig-file=\"https:\/\/radcaen.fr\/wp-content\/uploads\/2020\/10\/10-1.png\" data-orig-size=\"376,334\" data-comments-opened=\"1\" data-image-meta=\"{&quot;aperture&quot;:&quot;0&quot;,&quot;credit&quot;:&quot;&quot;,&quot;camera&quot;:&quot;&quot;,&quot;caption&quot;:&quot;&quot;,&quot;created_timestamp&quot;:&quot;0&quot;,&quot;copyright&quot;:&quot;&quot;,&quot;focal_length&quot;:&quot;0&quot;,&quot;iso&quot;:&quot;0&quot;,&quot;shutter_speed&quot;:&quot;0&quot;,&quot;title&quot;:&quot;&quot;,&quot;orientation&quot;:&quot;0&quot;}\" data-image-title=\"10-1\" data-image-description=\"\" data-image-caption=\"\" data-medium-file=\"https:\/\/radcaen.fr\/wp-content\/uploads\/2020\/10\/10-1-300x266.png\" data-large-file=\"https:\/\/radcaen.fr\/wp-content\/uploads\/2020\/10\/10-1.png\" src=\"https:\/\/radcaen.fr\/wp-content\/uploads\/2020\/10\/10-1.png?w=376\" alt=\"\" data-id=\"1514\" data-imglink=\"\" data-link=\"https:\/\/radcaen.wordpress.com\/10-1\/\" class=\"wp-image-1514 has-shadow-none\" srcset=\"https:\/\/radcaen.fr\/wp-content\/uploads\/2020\/10\/10-1.png 376w, https:\/\/radcaen.fr\/wp-content\/uploads\/2020\/10\/10-1-300x266.png 300w\" sizes=\"auto, (max-width: 376px) 100vw, 376px\" \/><figcaption class=\"coblocks-gallery--caption\">\u00ab\u00a0Carl Heanegan, professeur de m\u00e9decine bas\u00e9e sur les faits \u00e0 l&rsquo;Universit\u00e9 d&rsquo;Oxford, a d\u00e9cris l&rsquo;utilisation hors-label des bloqueurs de pubert\u00e9 sur les moins de 18 ans comme une &lsquo;exp\u00e9rience non r\u00e9guli\u00e8re en direct sur les enfants&rsquo;. [lien 4] 10\/11\u00a0\u00bb<\/figcaption><\/figure><\/li><li class=\"coblocks-gallery--item\"><figure class=\"coblocks-gallery--figure\"><img loading=\"lazy\" decoding=\"async\" width=\"596\" height=\"132\" data-attachment-id=\"1516\" data-permalink=\"https:\/\/radcaen.fr\/11-1\/\" data-orig-file=\"https:\/\/radcaen.fr\/wp-content\/uploads\/2020\/10\/11-1.png\" data-orig-size=\"596,132\" data-comments-opened=\"1\" data-image-meta=\"{&quot;aperture&quot;:&quot;0&quot;,&quot;credit&quot;:&quot;&quot;,&quot;camera&quot;:&quot;&quot;,&quot;caption&quot;:&quot;&quot;,&quot;created_timestamp&quot;:&quot;0&quot;,&quot;copyright&quot;:&quot;&quot;,&quot;focal_length&quot;:&quot;0&quot;,&quot;iso&quot;:&quot;0&quot;,&quot;shutter_speed&quot;:&quot;0&quot;,&quot;title&quot;:&quot;&quot;,&quot;orientation&quot;:&quot;0&quot;}\" data-image-title=\"11-1\" data-image-description=\"\" data-image-caption=\"\" data-medium-file=\"https:\/\/radcaen.fr\/wp-content\/uploads\/2020\/10\/11-1-300x66.png\" data-large-file=\"https:\/\/radcaen.fr\/wp-content\/uploads\/2020\/10\/11-1.png\" src=\"https:\/\/radcaen.fr\/wp-content\/uploads\/2020\/10\/11-1.png?w=596\" alt=\"\" data-id=\"1516\" data-imglink=\"\" data-link=\"https:\/\/radcaen.wordpress.com\/11-1\/\" class=\"wp-image-1516 has-shadow-none\" srcset=\"https:\/\/radcaen.fr\/wp-content\/uploads\/2020\/10\/11-1.png 596w, https:\/\/radcaen.fr\/wp-content\/uploads\/2020\/10\/11-1-300x66.png 300w\" sizes=\"auto, (max-width: 596px) 100vw, 596px\" \/><figcaption class=\"coblocks-gallery--caption\">\u00ab\u00a0Rien de tout cela ne devrais troubler ou d\u00e9ranger votre croyance dans le fait que vous \u00eates dans votre bon droit et que vous avez raison. Mais sinon, je ne peux pas pr\u00e9tendre que je m&rsquo;inqui\u00e8te de vos mauvaises opinions de moi. 11\/11\u00a0\u00bb<\/figcaption><\/figure><\/li><li class=\"coblocks-gallery--item\"><figure class=\"coblocks-gallery--figure\"><img loading=\"lazy\" decoding=\"async\" width=\"591\" height=\"335\" data-attachment-id=\"1518\" data-permalink=\"https:\/\/radcaen.fr\/12-1\/\" data-orig-file=\"https:\/\/radcaen.fr\/wp-content\/uploads\/2020\/10\/12-1.jpg\" data-orig-size=\"591,335\" data-comments-opened=\"1\" data-image-meta=\"{&quot;aperture&quot;:&quot;0&quot;,&quot;credit&quot;:&quot;&quot;,&quot;camera&quot;:&quot;&quot;,&quot;caption&quot;:&quot;&quot;,&quot;created_timestamp&quot;:&quot;0&quot;,&quot;copyright&quot;:&quot;&quot;,&quot;focal_length&quot;:&quot;0&quot;,&quot;iso&quot;:&quot;0&quot;,&quot;shutter_speed&quot;:&quot;0&quot;,&quot;title&quot;:&quot;&quot;,&quot;orientation&quot;:&quot;0&quot;}\" data-image-title=\"12-1\" data-image-description=\"\" data-image-caption=\"\" data-medium-file=\"https:\/\/radcaen.fr\/wp-content\/uploads\/2020\/10\/12-1-300x170.jpg\" data-large-file=\"https:\/\/radcaen.fr\/wp-content\/uploads\/2020\/10\/12-1.jpg\" src=\"https:\/\/radcaen.fr\/wp-content\/uploads\/2020\/10\/12-1.jpg?w=591\" alt=\"\" data-id=\"1518\" data-imglink=\"\" data-link=\"https:\/\/radcaen.wordpress.com\/12-1\/\" class=\"wp-image-1518 has-shadow-none\" srcset=\"https:\/\/radcaen.fr\/wp-content\/uploads\/2020\/10\/12-1.jpg 591w, https:\/\/radcaen.fr\/wp-content\/uploads\/2020\/10\/12-1-300x170.jpg 300w\" sizes=\"auto, (max-width: 591px) 100vw, 591px\" \/><figcaption class=\"coblocks-gallery--caption\">\u00ab\u00a0PS Je viens de r\u00e9aliser que vous ne pouvez pas voir le tweet de Sophie\/@Maxanium dans la capture du premier tweet, donc vous ne pouvez pas voir \u00e0 quel point @TrinerScot a cyniquement d\u00e9form\u00e9 ses propos.\u00a0\u00bb<br>\u00ab\u00a0Les prescriptions d&rsquo;hormones sont les nouveaux antid\u00e9presseurs. Oui ils sont parfois n\u00e9cessaires et peuvent sauver des vies, mais ils devraient \u00eatre un dernier recours &#8211; pas la premi\u00e8re option. De la pure feignantise de ceux qui pr\u00e9f\u00e8rent m\u00e9dicaliser plut\u00f4t que de prendre le temps et l&rsquo;effort de soigner l&rsquo;esprit des gens.\u00a0\u00bb<\/figcaption><\/figure><\/li><li class=\"coblocks-gallery--item\"><figure class=\"coblocks-gallery--figure\"><img loading=\"lazy\" decoding=\"async\" width=\"591\" height=\"475\" data-attachment-id=\"1520\" data-permalink=\"https:\/\/radcaen.fr\/13-1\/\" data-orig-file=\"https:\/\/radcaen.fr\/wp-content\/uploads\/2020\/10\/13-1.jpg\" data-orig-size=\"591,475\" data-comments-opened=\"1\" data-image-meta=\"{&quot;aperture&quot;:&quot;0&quot;,&quot;credit&quot;:&quot;&quot;,&quot;camera&quot;:&quot;&quot;,&quot;caption&quot;:&quot;&quot;,&quot;created_timestamp&quot;:&quot;0&quot;,&quot;copyright&quot;:&quot;&quot;,&quot;focal_length&quot;:&quot;0&quot;,&quot;iso&quot;:&quot;0&quot;,&quot;shutter_speed&quot;:&quot;0&quot;,&quot;title&quot;:&quot;&quot;,&quot;orientation&quot;:&quot;0&quot;}\" data-image-title=\"13-1\" data-image-description=\"\" data-image-caption=\"\" data-medium-file=\"https:\/\/radcaen.fr\/wp-content\/uploads\/2020\/10\/13-1-300x241.jpg\" data-large-file=\"https:\/\/radcaen.fr\/wp-content\/uploads\/2020\/10\/13-1.jpg\" src=\"https:\/\/radcaen.fr\/wp-content\/uploads\/2020\/10\/13-1.jpg?w=591\" alt=\"\" data-id=\"1520\" data-imglink=\"\" data-link=\"https:\/\/radcaen.wordpress.com\/13-1\/\" class=\"wp-image-1520 has-shadow-none\" srcset=\"https:\/\/radcaen.fr\/wp-content\/uploads\/2020\/10\/13-1.jpg 591w, https:\/\/radcaen.fr\/wp-content\/uploads\/2020\/10\/13-1-300x241.jpg 300w\" sizes=\"auto, (max-width: 591px) 100vw, 591px\" \/><figcaption class=\"coblocks-gallery--caption\">\u00ab\u00a0PPS Je viens de r\u00e9aliser que le lien vers l&rsquo;excellent travail de Charlie Evans sur la d\u00e9transition ne fonctionne pas. Le voici : [lien 5]\u00a0\u00bb<\/figcaption><\/figure><\/li><\/ul><\/div>\n\n\n\n<p>La liste de liens est disponible en bas de l&rsquo;article, dans les sources externes, et est num\u00e9rot\u00e9e dans l&rsquo;ordre.<\/p>\n\n\n\n<h2 class=\"wp-block-heading\"><strong>Violence<\/strong><\/h2>\n\n\n\n<p>Il y a eu une myriade de r\u00e9ponses violentes faites aux tweets de JKR. Une compilation traduite sera bient\u00f4t post\u00e9e sur le blog, en attendant je poste une galerie de captures d&rsquo;\u00e9cran non traduites. Attention, propos violents, insultes, injures sexistes et sexuelles, etc.<\/p>\n\n\n\n<div class=\"wp-block-jetpack-tiled-gallery aligncenter is-style-rectangular\"><div class=\"tiled-gallery__gallery\"><div class=\"tiled-gallery__row\"><div class=\"tiled-gallery__col\" style=\"flex-basis:66.77815%\"><figure class=\"tiled-gallery__item\"><img decoding=\"async\" data-attachment-id=\"1459\" data-permalink=\"https:\/\/radcaen.fr\/1-3\/\" data-orig-file=\"https:\/\/radcaen.fr\/wp-content\/uploads\/2020\/10\/1.jpg\" data-orig-size=\"1079,296\" data-comments-opened=\"1\" data-image-meta=\"{&quot;aperture&quot;:&quot;0&quot;,&quot;credit&quot;:&quot;&quot;,&quot;camera&quot;:&quot;&quot;,&quot;caption&quot;:&quot;&quot;,&quot;created_timestamp&quot;:&quot;0&quot;,&quot;copyright&quot;:&quot;&quot;,&quot;focal_length&quot;:&quot;0&quot;,&quot;iso&quot;:&quot;0&quot;,&quot;shutter_speed&quot;:&quot;0&quot;,&quot;title&quot;:&quot;&quot;,&quot;orientation&quot;:&quot;0&quot;}\" data-image-title=\"1\" data-image-description=\"\" data-image-caption=\"\" data-medium-file=\"https:\/\/radcaen.fr\/wp-content\/uploads\/2020\/10\/1-300x82.jpg\" data-large-file=\"https:\/\/radcaen.fr\/wp-content\/uploads\/2020\/10\/1-1024x281.jpg\" data-attachment-id=\"1459\" data-permalink=\"https:\/\/radcaen.fr\/1-3\/\" data-orig-file=\"https:\/\/radcaen.fr\/wp-content\/uploads\/2020\/10\/1.jpg\" data-orig-size=\"1079,296\" data-comments-opened=\"1\" data-image-meta=\"{&quot;aperture&quot;:&quot;0&quot;,&quot;credit&quot;:&quot;&quot;,&quot;camera&quot;:&quot;&quot;,&quot;caption&quot;:&quot;&quot;,&quot;created_timestamp&quot;:&quot;0&quot;,&quot;copyright&quot;:&quot;&quot;,&quot;focal_length&quot;:&quot;0&quot;,&quot;iso&quot;:&quot;0&quot;,&quot;shutter_speed&quot;:&quot;0&quot;,&quot;title&quot;:&quot;&quot;,&quot;orientation&quot;:&quot;0&quot;}\" data-image-title=\"1\" data-image-description=\"\" data-image-caption=\"\" data-medium-file=\"https:\/\/radcaen.fr\/wp-content\/uploads\/2020\/10\/1-300x82.jpg\" data-large-file=\"https:\/\/radcaen.fr\/wp-content\/uploads\/2020\/10\/1-1024x281.jpg\" role=\"button\" tabindex=\"0\" aria-label=\"Ouvrir l\u2019image 1 sur 10 en plein \u00e9cran\"srcset=\"https:\/\/i1.wp.com\/radcaen.fr\/wp-content\/uploads\/2020\/10\/1-1024x281.jpg?strip=info&#038;w=600&#038;ssl=1 600w,https:\/\/i1.wp.com\/radcaen.fr\/wp-content\/uploads\/2020\/10\/1-1024x281.jpg?strip=info&#038;w=900&#038;ssl=1 900w,https:\/\/i1.wp.com\/radcaen.fr\/wp-content\/uploads\/2020\/10\/1-1024x281.jpg?strip=info&#038;w=1079&#038;ssl=1 1079w\" alt=\"\" data-height=\"296\" data-id=\"1459\" data-link=\"https:\/\/radcaen.fr\/1-3\/\" data-url=\"https:\/\/radcaen.fr\/wp-content\/uploads\/2020\/10\/1-1024x281.jpg\" data-width=\"1079\" src=\"https:\/\/i1.wp.com\/radcaen.fr\/wp-content\/uploads\/2020\/10\/1-1024x281.jpg?ssl=1\" data-amp-layout=\"responsive\"\/><\/figure><\/div><\/div><div class=\"tiled-gallery__row\"><div class=\"tiled-gallery__col\" style=\"flex-basis:33.33333%\"><figure class=\"tiled-gallery__item\"><img decoding=\"async\" data-attachment-id=\"1460\" data-permalink=\"https:\/\/radcaen.fr\/2-3\/\" data-orig-file=\"https:\/\/radcaen.fr\/wp-content\/uploads\/2020\/10\/2.jpg\" data-orig-size=\"1079,629\" data-comments-opened=\"1\" data-image-meta=\"{&quot;aperture&quot;:&quot;0&quot;,&quot;credit&quot;:&quot;&quot;,&quot;camera&quot;:&quot;&quot;,&quot;caption&quot;:&quot;&quot;,&quot;created_timestamp&quot;:&quot;0&quot;,&quot;copyright&quot;:&quot;&quot;,&quot;focal_length&quot;:&quot;0&quot;,&quot;iso&quot;:&quot;0&quot;,&quot;shutter_speed&quot;:&quot;0&quot;,&quot;title&quot;:&quot;&quot;,&quot;orientation&quot;:&quot;0&quot;}\" data-image-title=\"2\" data-image-description=\"\" data-image-caption=\"\" data-medium-file=\"https:\/\/radcaen.fr\/wp-content\/uploads\/2020\/10\/2-300x175.jpg\" data-large-file=\"https:\/\/radcaen.fr\/wp-content\/uploads\/2020\/10\/2-1024x597.jpg\" data-attachment-id=\"1460\" data-permalink=\"https:\/\/radcaen.fr\/2-3\/\" data-orig-file=\"https:\/\/radcaen.fr\/wp-content\/uploads\/2020\/10\/2.jpg\" data-orig-size=\"1079,629\" data-comments-opened=\"1\" data-image-meta=\"{&quot;aperture&quot;:&quot;0&quot;,&quot;credit&quot;:&quot;&quot;,&quot;camera&quot;:&quot;&quot;,&quot;caption&quot;:&quot;&quot;,&quot;created_timestamp&quot;:&quot;0&quot;,&quot;copyright&quot;:&quot;&quot;,&quot;focal_length&quot;:&quot;0&quot;,&quot;iso&quot;:&quot;0&quot;,&quot;shutter_speed&quot;:&quot;0&quot;,&quot;title&quot;:&quot;&quot;,&quot;orientation&quot;:&quot;0&quot;}\" data-image-title=\"2\" data-image-description=\"\" data-image-caption=\"\" data-medium-file=\"https:\/\/radcaen.fr\/wp-content\/uploads\/2020\/10\/2-300x175.jpg\" data-large-file=\"https:\/\/radcaen.fr\/wp-content\/uploads\/2020\/10\/2-1024x597.jpg\" role=\"button\" tabindex=\"0\" aria-label=\"Ouvrir l\u2019image 2 sur 10 en plein \u00e9cran\"srcset=\"https:\/\/i1.wp.com\/radcaen.fr\/wp-content\/uploads\/2020\/10\/2-1024x597.jpg?strip=info&#038;w=600&#038;ssl=1 600w,https:\/\/i1.wp.com\/radcaen.fr\/wp-content\/uploads\/2020\/10\/2-1024x597.jpg?strip=info&#038;w=900&#038;ssl=1 900w,https:\/\/i1.wp.com\/radcaen.fr\/wp-content\/uploads\/2020\/10\/2-1024x597.jpg?strip=info&#038;w=1079&#038;ssl=1 1079w\" alt=\"\" data-height=\"629\" data-id=\"1460\" data-link=\"https:\/\/radcaen.fr\/2-3\/\" data-url=\"https:\/\/radcaen.fr\/wp-content\/uploads\/2020\/10\/2-1024x597.jpg\" data-width=\"1079\" src=\"https:\/\/i1.wp.com\/radcaen.fr\/wp-content\/uploads\/2020\/10\/2-1024x597.jpg?ssl=1\" data-amp-layout=\"responsive\"\/><\/figure><\/div><div class=\"tiled-gallery__col\" style=\"flex-basis:33.33333%\"><figure class=\"tiled-gallery__item\"><img decoding=\"async\" data-attachment-id=\"1461\" data-permalink=\"https:\/\/radcaen.fr\/3-3\/\" data-orig-file=\"https:\/\/radcaen.fr\/wp-content\/uploads\/2020\/10\/3.jpg\" data-orig-size=\"592,127\" data-comments-opened=\"1\" data-image-meta=\"{&quot;aperture&quot;:&quot;0&quot;,&quot;credit&quot;:&quot;&quot;,&quot;camera&quot;:&quot;&quot;,&quot;caption&quot;:&quot;&quot;,&quot;created_timestamp&quot;:&quot;0&quot;,&quot;copyright&quot;:&quot;&quot;,&quot;focal_length&quot;:&quot;0&quot;,&quot;iso&quot;:&quot;0&quot;,&quot;shutter_speed&quot;:&quot;0&quot;,&quot;title&quot;:&quot;&quot;,&quot;orientation&quot;:&quot;0&quot;}\" data-image-title=\"3\" data-image-description=\"\" data-image-caption=\"\" data-medium-file=\"https:\/\/radcaen.fr\/wp-content\/uploads\/2020\/10\/3-300x64.jpg\" data-large-file=\"https:\/\/radcaen.fr\/wp-content\/uploads\/2020\/10\/3.jpg\" data-attachment-id=\"1461\" data-permalink=\"https:\/\/radcaen.fr\/3-3\/\" data-orig-file=\"https:\/\/radcaen.fr\/wp-content\/uploads\/2020\/10\/3.jpg\" data-orig-size=\"592,127\" data-comments-opened=\"1\" data-image-meta=\"{&quot;aperture&quot;:&quot;0&quot;,&quot;credit&quot;:&quot;&quot;,&quot;camera&quot;:&quot;&quot;,&quot;caption&quot;:&quot;&quot;,&quot;created_timestamp&quot;:&quot;0&quot;,&quot;copyright&quot;:&quot;&quot;,&quot;focal_length&quot;:&quot;0&quot;,&quot;iso&quot;:&quot;0&quot;,&quot;shutter_speed&quot;:&quot;0&quot;,&quot;title&quot;:&quot;&quot;,&quot;orientation&quot;:&quot;0&quot;}\" data-image-title=\"3\" data-image-description=\"\" data-image-caption=\"\" data-medium-file=\"https:\/\/radcaen.fr\/wp-content\/uploads\/2020\/10\/3-300x64.jpg\" data-large-file=\"https:\/\/radcaen.fr\/wp-content\/uploads\/2020\/10\/3.jpg\" role=\"button\" tabindex=\"0\" aria-label=\"Ouvrir l\u2019image 3 sur 10 en plein \u00e9cran\"srcset=\"https:\/\/i1.wp.com\/radcaen.fr\/wp-content\/uploads\/2020\/10\/3.jpg?strip=info&#038;w=592&#038;ssl=1 592w\" alt=\"\" data-height=\"127\" data-id=\"1461\" data-link=\"https:\/\/radcaen.fr\/3-3\/\" data-url=\"https:\/\/radcaen.fr\/wp-content\/uploads\/2020\/10\/3.jpg\" data-width=\"592\" src=\"https:\/\/i1.wp.com\/radcaen.fr\/wp-content\/uploads\/2020\/10\/3.jpg?ssl=1\" data-amp-layout=\"responsive\"\/><\/figure><\/div><\/div><div class=\"tiled-gallery__row\"><div class=\"tiled-gallery__col\" style=\"flex-basis:25.00000%\"><figure class=\"tiled-gallery__item\"><img decoding=\"async\" data-attachment-id=\"1462\" data-permalink=\"https:\/\/radcaen.fr\/4-3\/\" data-orig-file=\"https:\/\/radcaen.fr\/wp-content\/uploads\/2020\/10\/4.jpg\" data-orig-size=\"592,129\" data-comments-opened=\"1\" data-image-meta=\"{&quot;aperture&quot;:&quot;0&quot;,&quot;credit&quot;:&quot;&quot;,&quot;camera&quot;:&quot;&quot;,&quot;caption&quot;:&quot;&quot;,&quot;created_timestamp&quot;:&quot;0&quot;,&quot;copyright&quot;:&quot;&quot;,&quot;focal_length&quot;:&quot;0&quot;,&quot;iso&quot;:&quot;0&quot;,&quot;shutter_speed&quot;:&quot;0&quot;,&quot;title&quot;:&quot;&quot;,&quot;orientation&quot;:&quot;0&quot;}\" data-image-title=\"4\" data-image-description=\"\" data-image-caption=\"\" data-medium-file=\"https:\/\/radcaen.fr\/wp-content\/uploads\/2020\/10\/4-300x65.jpg\" data-large-file=\"https:\/\/radcaen.fr\/wp-content\/uploads\/2020\/10\/4.jpg\" data-attachment-id=\"1462\" data-permalink=\"https:\/\/radcaen.fr\/4-3\/\" data-orig-file=\"https:\/\/radcaen.fr\/wp-content\/uploads\/2020\/10\/4.jpg\" data-orig-size=\"592,129\" data-comments-opened=\"1\" data-image-meta=\"{&quot;aperture&quot;:&quot;0&quot;,&quot;credit&quot;:&quot;&quot;,&quot;camera&quot;:&quot;&quot;,&quot;caption&quot;:&quot;&quot;,&quot;created_timestamp&quot;:&quot;0&quot;,&quot;copyright&quot;:&quot;&quot;,&quot;focal_length&quot;:&quot;0&quot;,&quot;iso&quot;:&quot;0&quot;,&quot;shutter_speed&quot;:&quot;0&quot;,&quot;title&quot;:&quot;&quot;,&quot;orientation&quot;:&quot;0&quot;}\" data-image-title=\"4\" data-image-description=\"\" data-image-caption=\"\" data-medium-file=\"https:\/\/radcaen.fr\/wp-content\/uploads\/2020\/10\/4-300x65.jpg\" data-large-file=\"https:\/\/radcaen.fr\/wp-content\/uploads\/2020\/10\/4.jpg\" role=\"button\" tabindex=\"0\" aria-label=\"Ouvrir l\u2019image 4 sur 10 en plein \u00e9cran\"srcset=\"https:\/\/i0.wp.com\/radcaen.fr\/wp-content\/uploads\/2020\/10\/4.jpg?strip=info&#038;w=592&#038;ssl=1 592w\" alt=\"\" data-height=\"129\" data-id=\"1462\" data-link=\"https:\/\/radcaen.fr\/4-3\/\" data-url=\"https:\/\/radcaen.fr\/wp-content\/uploads\/2020\/10\/4.jpg\" data-width=\"592\" src=\"https:\/\/i0.wp.com\/radcaen.fr\/wp-content\/uploads\/2020\/10\/4.jpg?ssl=1\" data-amp-layout=\"responsive\"\/><\/figure><\/div><\/div><div class=\"tiled-gallery__row\"><div class=\"tiled-gallery__col\"><figure class=\"tiled-gallery__item\"><img decoding=\"async\" data-attachment-id=\"1463\" data-permalink=\"https:\/\/radcaen.fr\/5-2\/\" data-orig-file=\"https:\/\/radcaen.fr\/wp-content\/uploads\/2020\/10\/5.jpg\" data-orig-size=\"596,106\" data-comments-opened=\"1\" data-image-meta=\"{&quot;aperture&quot;:&quot;0&quot;,&quot;credit&quot;:&quot;&quot;,&quot;camera&quot;:&quot;&quot;,&quot;caption&quot;:&quot;&quot;,&quot;created_timestamp&quot;:&quot;0&quot;,&quot;copyright&quot;:&quot;&quot;,&quot;focal_length&quot;:&quot;0&quot;,&quot;iso&quot;:&quot;0&quot;,&quot;shutter_speed&quot;:&quot;0&quot;,&quot;title&quot;:&quot;&quot;,&quot;orientation&quot;:&quot;0&quot;}\" data-image-title=\"5\" data-image-description=\"\" data-image-caption=\"\" data-medium-file=\"https:\/\/radcaen.fr\/wp-content\/uploads\/2020\/10\/5-300x53.jpg\" data-large-file=\"https:\/\/radcaen.fr\/wp-content\/uploads\/2020\/10\/5.jpg\" data-attachment-id=\"1463\" data-permalink=\"https:\/\/radcaen.fr\/5-2\/\" data-orig-file=\"https:\/\/radcaen.fr\/wp-content\/uploads\/2020\/10\/5.jpg\" data-orig-size=\"596,106\" data-comments-opened=\"1\" data-image-meta=\"{&quot;aperture&quot;:&quot;0&quot;,&quot;credit&quot;:&quot;&quot;,&quot;camera&quot;:&quot;&quot;,&quot;caption&quot;:&quot;&quot;,&quot;created_timestamp&quot;:&quot;0&quot;,&quot;copyright&quot;:&quot;&quot;,&quot;focal_length&quot;:&quot;0&quot;,&quot;iso&quot;:&quot;0&quot;,&quot;shutter_speed&quot;:&quot;0&quot;,&quot;title&quot;:&quot;&quot;,&quot;orientation&quot;:&quot;0&quot;}\" data-image-title=\"5\" data-image-description=\"\" data-image-caption=\"\" data-medium-file=\"https:\/\/radcaen.fr\/wp-content\/uploads\/2020\/10\/5-300x53.jpg\" data-large-file=\"https:\/\/radcaen.fr\/wp-content\/uploads\/2020\/10\/5.jpg\" role=\"button\" tabindex=\"0\" aria-label=\"Ouvrir l\u2019image 5 sur 10 en plein \u00e9cran\"srcset=\"https:\/\/i1.wp.com\/radcaen.fr\/wp-content\/uploads\/2020\/10\/5.jpg?strip=info&#038;w=596&#038;ssl=1 596w\" alt=\"\" data-height=\"106\" data-id=\"1463\" data-link=\"https:\/\/radcaen.fr\/5-2\/\" data-url=\"https:\/\/radcaen.fr\/wp-content\/uploads\/2020\/10\/5.jpg\" data-width=\"596\" src=\"https:\/\/i1.wp.com\/radcaen.fr\/wp-content\/uploads\/2020\/10\/5.jpg?ssl=1\" data-amp-layout=\"responsive\"\/><\/figure><\/div><\/div><div class=\"tiled-gallery__row\"><div class=\"tiled-gallery__col\"><figure class=\"tiled-gallery__item\"><img decoding=\"async\" data-attachment-id=\"1468\" data-permalink=\"https:\/\/radcaen.fr\/10-2\/\" data-orig-file=\"https:\/\/radcaen.fr\/wp-content\/uploads\/2020\/10\/10.jpg\" data-orig-size=\"593,134\" data-comments-opened=\"1\" data-image-meta=\"{&quot;aperture&quot;:&quot;0&quot;,&quot;credit&quot;:&quot;&quot;,&quot;camera&quot;:&quot;&quot;,&quot;caption&quot;:&quot;&quot;,&quot;created_timestamp&quot;:&quot;0&quot;,&quot;copyright&quot;:&quot;&quot;,&quot;focal_length&quot;:&quot;0&quot;,&quot;iso&quot;:&quot;0&quot;,&quot;shutter_speed&quot;:&quot;0&quot;,&quot;title&quot;:&quot;&quot;,&quot;orientation&quot;:&quot;0&quot;}\" data-image-title=\"10\" data-image-description=\"\" data-image-caption=\"\" data-medium-file=\"https:\/\/radcaen.fr\/wp-content\/uploads\/2020\/10\/10-300x68.jpg\" data-large-file=\"https:\/\/radcaen.fr\/wp-content\/uploads\/2020\/10\/10.jpg\" data-attachment-id=\"1468\" data-permalink=\"https:\/\/radcaen.fr\/10-2\/\" data-orig-file=\"https:\/\/radcaen.fr\/wp-content\/uploads\/2020\/10\/10.jpg\" data-orig-size=\"593,134\" data-comments-opened=\"1\" data-image-meta=\"{&quot;aperture&quot;:&quot;0&quot;,&quot;credit&quot;:&quot;&quot;,&quot;camera&quot;:&quot;&quot;,&quot;caption&quot;:&quot;&quot;,&quot;created_timestamp&quot;:&quot;0&quot;,&quot;copyright&quot;:&quot;&quot;,&quot;focal_length&quot;:&quot;0&quot;,&quot;iso&quot;:&quot;0&quot;,&quot;shutter_speed&quot;:&quot;0&quot;,&quot;title&quot;:&quot;&quot;,&quot;orientation&quot;:&quot;0&quot;}\" data-image-title=\"10\" data-image-description=\"\" data-image-caption=\"\" data-medium-file=\"https:\/\/radcaen.fr\/wp-content\/uploads\/2020\/10\/10-300x68.jpg\" data-large-file=\"https:\/\/radcaen.fr\/wp-content\/uploads\/2020\/10\/10.jpg\" role=\"button\" tabindex=\"0\" aria-label=\"Ouvrir l\u2019image 6 sur 10 en plein \u00e9cran\"srcset=\"https:\/\/i2.wp.com\/radcaen.fr\/wp-content\/uploads\/2020\/10\/10.jpg?strip=info&#038;w=593&#038;ssl=1 593w\" alt=\"\" data-height=\"134\" data-id=\"1468\" data-link=\"https:\/\/radcaen.fr\/10-2\/\" data-url=\"https:\/\/radcaen.fr\/wp-content\/uploads\/2020\/10\/10.jpg\" data-width=\"593\" src=\"https:\/\/i2.wp.com\/radcaen.fr\/wp-content\/uploads\/2020\/10\/10.jpg?ssl=1\" data-amp-layout=\"responsive\"\/><\/figure><\/div><\/div><div class=\"tiled-gallery__row\"><div class=\"tiled-gallery__col\"><figure class=\"tiled-gallery__item\"><img decoding=\"async\" data-attachment-id=\"1467\" data-permalink=\"https:\/\/radcaen.fr\/9-2\/\" data-orig-file=\"https:\/\/radcaen.fr\/wp-content\/uploads\/2020\/10\/9.jpg\" data-orig-size=\"598,664\" data-comments-opened=\"1\" data-image-meta=\"{&quot;aperture&quot;:&quot;0&quot;,&quot;credit&quot;:&quot;&quot;,&quot;camera&quot;:&quot;&quot;,&quot;caption&quot;:&quot;&quot;,&quot;created_timestamp&quot;:&quot;0&quot;,&quot;copyright&quot;:&quot;&quot;,&quot;focal_length&quot;:&quot;0&quot;,&quot;iso&quot;:&quot;0&quot;,&quot;shutter_speed&quot;:&quot;0&quot;,&quot;title&quot;:&quot;&quot;,&quot;orientation&quot;:&quot;0&quot;}\" data-image-title=\"9\" data-image-description=\"\" data-image-caption=\"\" data-medium-file=\"https:\/\/radcaen.fr\/wp-content\/uploads\/2020\/10\/9-270x300.jpg\" data-large-file=\"https:\/\/radcaen.fr\/wp-content\/uploads\/2020\/10\/9.jpg\" data-attachment-id=\"1467\" data-permalink=\"https:\/\/radcaen.fr\/9-2\/\" data-orig-file=\"https:\/\/radcaen.fr\/wp-content\/uploads\/2020\/10\/9.jpg\" data-orig-size=\"598,664\" data-comments-opened=\"1\" data-image-meta=\"{&quot;aperture&quot;:&quot;0&quot;,&quot;credit&quot;:&quot;&quot;,&quot;camera&quot;:&quot;&quot;,&quot;caption&quot;:&quot;&quot;,&quot;created_timestamp&quot;:&quot;0&quot;,&quot;copyright&quot;:&quot;&quot;,&quot;focal_length&quot;:&quot;0&quot;,&quot;iso&quot;:&quot;0&quot;,&quot;shutter_speed&quot;:&quot;0&quot;,&quot;title&quot;:&quot;&quot;,&quot;orientation&quot;:&quot;0&quot;}\" data-image-title=\"9\" data-image-description=\"\" data-image-caption=\"\" data-medium-file=\"https:\/\/radcaen.fr\/wp-content\/uploads\/2020\/10\/9-270x300.jpg\" data-large-file=\"https:\/\/radcaen.fr\/wp-content\/uploads\/2020\/10\/9.jpg\" role=\"button\" tabindex=\"0\" aria-label=\"Ouvrir l\u2019image 7 sur 10 en plein \u00e9cran\"srcset=\"https:\/\/i1.wp.com\/radcaen.fr\/wp-content\/uploads\/2020\/10\/9.jpg?strip=info&#038;w=598&#038;ssl=1 598w\" alt=\"\" data-height=\"664\" data-id=\"1467\" data-link=\"https:\/\/radcaen.fr\/9-2\/\" data-url=\"https:\/\/radcaen.fr\/wp-content\/uploads\/2020\/10\/9.jpg\" data-width=\"598\" src=\"https:\/\/i1.wp.com\/radcaen.fr\/wp-content\/uploads\/2020\/10\/9.jpg?ssl=1\" data-amp-layout=\"responsive\"\/><\/figure><\/div><div class=\"tiled-gallery__col\"><figure class=\"tiled-gallery__item\"><img decoding=\"async\" data-attachment-id=\"1466\" data-permalink=\"https:\/\/radcaen.fr\/8-3\/\" data-orig-file=\"https:\/\/radcaen.fr\/wp-content\/uploads\/2020\/10\/8.jpg\" data-orig-size=\"591,310\" data-comments-opened=\"1\" data-image-meta=\"{&quot;aperture&quot;:&quot;0&quot;,&quot;credit&quot;:&quot;&quot;,&quot;camera&quot;:&quot;&quot;,&quot;caption&quot;:&quot;&quot;,&quot;created_timestamp&quot;:&quot;0&quot;,&quot;copyright&quot;:&quot;&quot;,&quot;focal_length&quot;:&quot;0&quot;,&quot;iso&quot;:&quot;0&quot;,&quot;shutter_speed&quot;:&quot;0&quot;,&quot;title&quot;:&quot;&quot;,&quot;orientation&quot;:&quot;0&quot;}\" data-image-title=\"8\" data-image-description=\"\" data-image-caption=\"\" data-medium-file=\"https:\/\/radcaen.fr\/wp-content\/uploads\/2020\/10\/8-300x157.jpg\" data-large-file=\"https:\/\/radcaen.fr\/wp-content\/uploads\/2020\/10\/8.jpg\" data-attachment-id=\"1466\" data-permalink=\"https:\/\/radcaen.fr\/8-3\/\" data-orig-file=\"https:\/\/radcaen.fr\/wp-content\/uploads\/2020\/10\/8.jpg\" data-orig-size=\"591,310\" data-comments-opened=\"1\" data-image-meta=\"{&quot;aperture&quot;:&quot;0&quot;,&quot;credit&quot;:&quot;&quot;,&quot;camera&quot;:&quot;&quot;,&quot;caption&quot;:&quot;&quot;,&quot;created_timestamp&quot;:&quot;0&quot;,&quot;copyright&quot;:&quot;&quot;,&quot;focal_length&quot;:&quot;0&quot;,&quot;iso&quot;:&quot;0&quot;,&quot;shutter_speed&quot;:&quot;0&quot;,&quot;title&quot;:&quot;&quot;,&quot;orientation&quot;:&quot;0&quot;}\" data-image-title=\"8\" data-image-description=\"\" data-image-caption=\"\" data-medium-file=\"https:\/\/radcaen.fr\/wp-content\/uploads\/2020\/10\/8-300x157.jpg\" data-large-file=\"https:\/\/radcaen.fr\/wp-content\/uploads\/2020\/10\/8.jpg\" role=\"button\" tabindex=\"0\" aria-label=\"Ouvrir l\u2019image 8 sur 10 en plein \u00e9cran\"srcset=\"https:\/\/i2.wp.com\/radcaen.fr\/wp-content\/uploads\/2020\/10\/8.jpg?strip=info&#038;w=591&#038;ssl=1 591w\" alt=\"\" data-height=\"310\" data-id=\"1466\" data-link=\"https:\/\/radcaen.fr\/8-3\/\" data-url=\"https:\/\/radcaen.fr\/wp-content\/uploads\/2020\/10\/8.jpg\" data-width=\"591\" src=\"https:\/\/i2.wp.com\/radcaen.fr\/wp-content\/uploads\/2020\/10\/8.jpg?ssl=1\" data-amp-layout=\"responsive\"\/><\/figure><\/div><\/div><div class=\"tiled-gallery__row\"><div class=\"tiled-gallery__col\"><figure class=\"tiled-gallery__item\"><img decoding=\"async\" data-attachment-id=\"1465\" data-permalink=\"https:\/\/radcaen.fr\/7-3\/\" data-orig-file=\"https:\/\/radcaen.fr\/wp-content\/uploads\/2020\/10\/7.jpg\" data-orig-size=\"595,149\" data-comments-opened=\"1\" data-image-meta=\"{&quot;aperture&quot;:&quot;0&quot;,&quot;credit&quot;:&quot;&quot;,&quot;camera&quot;:&quot;&quot;,&quot;caption&quot;:&quot;&quot;,&quot;created_timestamp&quot;:&quot;0&quot;,&quot;copyright&quot;:&quot;&quot;,&quot;focal_length&quot;:&quot;0&quot;,&quot;iso&quot;:&quot;0&quot;,&quot;shutter_speed&quot;:&quot;0&quot;,&quot;title&quot;:&quot;&quot;,&quot;orientation&quot;:&quot;0&quot;}\" data-image-title=\"7\" data-image-description=\"\" data-image-caption=\"\" data-medium-file=\"https:\/\/radcaen.fr\/wp-content\/uploads\/2020\/10\/7-300x75.jpg\" data-large-file=\"https:\/\/radcaen.fr\/wp-content\/uploads\/2020\/10\/7.jpg\" data-attachment-id=\"1465\" data-permalink=\"https:\/\/radcaen.fr\/7-3\/\" data-orig-file=\"https:\/\/radcaen.fr\/wp-content\/uploads\/2020\/10\/7.jpg\" data-orig-size=\"595,149\" data-comments-opened=\"1\" data-image-meta=\"{&quot;aperture&quot;:&quot;0&quot;,&quot;credit&quot;:&quot;&quot;,&quot;camera&quot;:&quot;&quot;,&quot;caption&quot;:&quot;&quot;,&quot;created_timestamp&quot;:&quot;0&quot;,&quot;copyright&quot;:&quot;&quot;,&quot;focal_length&quot;:&quot;0&quot;,&quot;iso&quot;:&quot;0&quot;,&quot;shutter_speed&quot;:&quot;0&quot;,&quot;title&quot;:&quot;&quot;,&quot;orientation&quot;:&quot;0&quot;}\" data-image-title=\"7\" data-image-description=\"\" data-image-caption=\"\" data-medium-file=\"https:\/\/radcaen.fr\/wp-content\/uploads\/2020\/10\/7-300x75.jpg\" data-large-file=\"https:\/\/radcaen.fr\/wp-content\/uploads\/2020\/10\/7.jpg\" role=\"button\" tabindex=\"0\" aria-label=\"Ouvrir l\u2019image 9 sur 10 en plein \u00e9cran\"srcset=\"https:\/\/i2.wp.com\/radcaen.fr\/wp-content\/uploads\/2020\/10\/7.jpg?strip=info&#038;w=595&#038;ssl=1 595w\" alt=\"\" data-height=\"149\" data-id=\"1465\" data-link=\"https:\/\/radcaen.fr\/7-3\/\" data-url=\"https:\/\/radcaen.fr\/wp-content\/uploads\/2020\/10\/7.jpg\" data-width=\"595\" src=\"https:\/\/i2.wp.com\/radcaen.fr\/wp-content\/uploads\/2020\/10\/7.jpg?ssl=1\" data-amp-layout=\"responsive\"\/><\/figure><\/div><\/div><div class=\"tiled-gallery__row\"><div class=\"tiled-gallery__col\"><figure class=\"tiled-gallery__item\"><img decoding=\"async\" data-attachment-id=\"1464\" data-permalink=\"https:\/\/radcaen.fr\/6-3\/\" data-orig-file=\"https:\/\/radcaen.fr\/wp-content\/uploads\/2020\/10\/6.jpg\" data-orig-size=\"591,106\" data-comments-opened=\"1\" data-image-meta=\"{&quot;aperture&quot;:&quot;0&quot;,&quot;credit&quot;:&quot;&quot;,&quot;camera&quot;:&quot;&quot;,&quot;caption&quot;:&quot;&quot;,&quot;created_timestamp&quot;:&quot;0&quot;,&quot;copyright&quot;:&quot;&quot;,&quot;focal_length&quot;:&quot;0&quot;,&quot;iso&quot;:&quot;0&quot;,&quot;shutter_speed&quot;:&quot;0&quot;,&quot;title&quot;:&quot;&quot;,&quot;orientation&quot;:&quot;0&quot;}\" data-image-title=\"6\" data-image-description=\"\" data-image-caption=\"\" data-medium-file=\"https:\/\/radcaen.fr\/wp-content\/uploads\/2020\/10\/6-300x54.jpg\" data-large-file=\"https:\/\/radcaen.fr\/wp-content\/uploads\/2020\/10\/6.jpg\" data-attachment-id=\"1464\" data-permalink=\"https:\/\/radcaen.fr\/6-3\/\" data-orig-file=\"https:\/\/radcaen.fr\/wp-content\/uploads\/2020\/10\/6.jpg\" data-orig-size=\"591,106\" data-comments-opened=\"1\" data-image-meta=\"{&quot;aperture&quot;:&quot;0&quot;,&quot;credit&quot;:&quot;&quot;,&quot;camera&quot;:&quot;&quot;,&quot;caption&quot;:&quot;&quot;,&quot;created_timestamp&quot;:&quot;0&quot;,&quot;copyright&quot;:&quot;&quot;,&quot;focal_length&quot;:&quot;0&quot;,&quot;iso&quot;:&quot;0&quot;,&quot;shutter_speed&quot;:&quot;0&quot;,&quot;title&quot;:&quot;&quot;,&quot;orientation&quot;:&quot;0&quot;}\" data-image-title=\"6\" data-image-description=\"\" data-image-caption=\"\" data-medium-file=\"https:\/\/radcaen.fr\/wp-content\/uploads\/2020\/10\/6-300x54.jpg\" data-large-file=\"https:\/\/radcaen.fr\/wp-content\/uploads\/2020\/10\/6.jpg\" role=\"button\" tabindex=\"0\" aria-label=\"Ouvrir l\u2019image 10 sur 10 en plein \u00e9cran\"srcset=\"https:\/\/i1.wp.com\/radcaen.fr\/wp-content\/uploads\/2020\/10\/6.jpg?strip=info&#038;w=591&#038;ssl=1 591w\" alt=\"\" data-height=\"106\" data-id=\"1464\" data-link=\"https:\/\/radcaen.fr\/6-3\/\" data-url=\"https:\/\/radcaen.fr\/wp-content\/uploads\/2020\/10\/6.jpg\" data-width=\"591\" src=\"https:\/\/i1.wp.com\/radcaen.fr\/wp-content\/uploads\/2020\/10\/6.jpg?ssl=1\" data-amp-layout=\"responsive\"\/><\/figure><\/div><\/div><\/div><\/div>\n\n\n\n<h1 class=\"wp-block-heading\"><strong>R\u00e9ponse et texte de JK Rowling<\/strong><\/h1>\n\n\n\n<p>Face aux nombreuses accusations, JK Rowling a r\u00e9pondu publiquement sur son site internet par un long texte, qui a \u00e9t\u00e9 traduit en fran\u00e7ais par quelques activistes. Une des traductions est disponible <a href=\"https:\/\/radcaen.fr\/index.php\/2020\/10\/07\/texte-complet-de-jk-rowling\/\" target=\"_blank\" rel=\"noreferrer noopener\">ici<\/a>.<\/p>\n\n\n\n<p>Pour r\u00e9sumer, elle exprime un soutien aux personnes trans et dysphoriques mais \u00e9met des r\u00e9serves quand \u00e0 la contagion sociale qu\u2019il semble y avoir parmi les jeunes trans. Elle souligne aussi l\u2019absence de remise en question et l\u2019approche m\u00e9dicale qui ne respecte pas les standards habituels de la m\u00e9decine.<\/p>\n\n\n\n<p>Son passage sur les personnes autistes a fait couler beaucoup d\u2019encre. Je vous joint le texte d&rsquo;une personne autiste (aussi disponible dans les liens externes en bas de l&rsquo;article) : <a href=\"https:\/\/destroyyourbinder.tumblr.com\/post\/620860243262488576\/unriddling-the-sphinx-autism-the-magnetism-of\">Unriddling the Sphinx: Autism &amp; the Magnetism of Gender Transition<\/a><sup>[2]<\/sup>. La personne qui a \u00e9crit cette r\u00e9ponse est une femme, autiste et d\u00e9transitionn\u00e9e.<\/p>\n\n\n\n<h1 class=\"wp-block-heading\"><strong>Boutique transphobe<\/strong><\/h1>\n\n\n\n<figure class=\"wp-block-image size-large\"><img loading=\"lazy\" decoding=\"async\" width=\"1080\" height=\"1745\" data-attachment-id=\"1480\" data-permalink=\"https:\/\/radcaen.fr\/boutique-terf\/\" data-orig-file=\"https:\/\/radcaen.fr\/wp-content\/uploads\/2020\/10\/boutique-terf.jpg\" data-orig-size=\"1080,1745\" data-comments-opened=\"1\" data-image-meta=\"{&quot;aperture&quot;:&quot;0&quot;,&quot;credit&quot;:&quot;&quot;,&quot;camera&quot;:&quot;&quot;,&quot;caption&quot;:&quot;&quot;,&quot;created_timestamp&quot;:&quot;0&quot;,&quot;copyright&quot;:&quot;&quot;,&quot;focal_length&quot;:&quot;0&quot;,&quot;iso&quot;:&quot;0&quot;,&quot;shutter_speed&quot;:&quot;0&quot;,&quot;title&quot;:&quot;&quot;,&quot;orientation&quot;:&quot;0&quot;}\" data-image-title=\"boutique-terf\" data-image-description=\"\" data-image-caption=\"\" data-medium-file=\"https:\/\/radcaen.fr\/wp-content\/uploads\/2020\/10\/boutique-terf-186x300.jpg\" data-large-file=\"https:\/\/radcaen.fr\/wp-content\/uploads\/2020\/10\/boutique-terf-634x1024.jpg\" src=\"https:\/\/radcaen.fr\/wp-content\/uploads\/2020\/10\/boutique-terf.jpg?w=634\" alt=\"\" class=\"wp-image-1480\" srcset=\"https:\/\/radcaen.fr\/wp-content\/uploads\/2020\/10\/boutique-terf.jpg 1080w, https:\/\/radcaen.fr\/wp-content\/uploads\/2020\/10\/boutique-terf-600x969.jpg 600w, https:\/\/radcaen.fr\/wp-content\/uploads\/2020\/10\/boutique-terf-186x300.jpg 186w, https:\/\/radcaen.fr\/wp-content\/uploads\/2020\/10\/boutique-terf-634x1024.jpg 634w, https:\/\/radcaen.fr\/wp-content\/uploads\/2020\/10\/boutique-terf-768x1241.jpg 768w, https:\/\/radcaen.fr\/wp-content\/uploads\/2020\/10\/boutique-terf-951x1536.jpg 951w\" sizes=\"auto, (max-width: 1080px) 100vw, 1080px\" \/><figcaption class=\"wp-element-caption\">\u201cParfois, un t-shirt vous parle\u2026 (de wildwomynworkshop.com, au cas o\u00f9 vous conna\u00eetriez une sorci\u00e8re qui en veut un)\u201d<\/figcaption><\/figure>\n\n\n\n<p>La boutique en question, <a rel=\"noreferrer noopener\" href=\"https:\/\/wildwomynworkshop.com\/\" target=\"_blank\">wildwomynworkshop.com<\/a><sup>[3]<\/sup>, a \u00e9t\u00e9 qualifi\u00e9e de transphobe pour vendre des produits ayant des textes comme \u201cles lesbiennes n\u2019ont pas de p\u00e9nis\u201d ou \u201cne me demande pas mes pronoms\u201d. M\u00eame si le t-shirt en soi ne pose pas probl\u00e8me, \u00e7a a rajout\u00e9 \u00e0 la pol\u00e9mique.<\/p>\n\n\n\n<h1 class=\"wp-block-heading\"><strong>Autre<\/strong><\/h1>\n\n\n\n<p>JK Rowling s\u2019est d\u00e9fendue en expliquant :<\/p>\n\n\n\n<p>\u201cL\u2019id\u00e9e que les femmes comme moi, qui font preuve d\u2019empathie avec les personnes trans depuis des d\u00e9cennies, qui ont reconnu avec elles des similitudes, car elles sont \u00e9galement vuln\u00e9rables \u2013 c.-\u00e0-d. \u00e0 la violence masculine \u2013 \u2018ha\u00efssent\u2019 les personnes trans parce qu\u2019elles pensent que le sexe est r\u00e9el et a des cons\u00e9quences r\u00e9elles, est un non-sens\u201d<\/p>\n\n\n\n<p>Elle a ajout\u00e9 :<\/p>\n\n\n\n<p>\u201cSi le sexe n\u2019est pas r\u00e9el, l\u2019homosexualit\u00e9 n\u2019existe plus. Si le sexe n\u2019est pas r\u00e9el, la r\u00e9alit\u00e9 des vies des femmes \u00e0 travers le monde est gomm\u00e9e. Je connais et j\u2019aime des personnes trans, mais effacer la notion de sexe supprime la possibilit\u00e9 pour beaucoup de d\u00e9crire leur vie. Il n\u2019y a rien de haineux \u00e0 dire la v\u00e9rit\u00e9.\u201d<\/p>\n\n\n\n<p><span style=\"text-decoration:underline;\">Sources externes :<\/span><br>(1) <a href=\"https:\/\/floraisons.blog\/proces-de-maya-forstater\/\" data-type=\"URL\" data-id=\"https:\/\/floraisons.blog\/proces-de-maya-forstater\/\" target=\"_blank\" rel=\"noreferrer noopener\">Traduction du proc\u00e8s de Maya Forstater<\/a> par Floraisons Blog<br>(2) <a href=\"https:\/\/destroyyourbinder.tumblr.com\/post\/620860243262488576\/unriddling-the-sphinx-autism-the-magnetism-of\">Unriddling the Sphinx: Autism &amp; the Magnetism of Gender Transition<\/a><br>[Lien 1] <a rel=\"noreferrer noopener\" href=\"https:\/\/www.youtube.com\/watch?v=zTRnrp9pXHY\" target=\"_blank\">NHS child gender clinic: Staff welfare concerns \u2018shut down\u2019 &#8211; BBC Newsnight<\/a><br>[Lien 2] <a rel=\"noreferrer noopener\" href=\"https:\/\/www.newportacademy.com\/resources\/treatment\/teens-and-antidepressants\/\" target=\"_blank\">Teens and Antidepressants: The Case for Holistic Treatment<\/a><br>[Lien 3] <a rel=\"noreferrer noopener\" href=\"https:\/\/www.news-medical.net\/news\/20190218\/Hormone-therapy-during-gender-transition-may-increase-risk-for-cardiovascular-events.aspx\" target=\"_blank\">Hormone therapy during gender transition may increase risk for cardiovascular events<\/a><br>[Lien 4] <a rel=\"noreferrer noopener\" href=\"https:\/\/www.thetimes.co.uk\/article\/calls-to-end-transgender-experiment-on-children-k792rfj7d\" target=\"_blank\">Calls to end transgender \u2018experiment on children\u2019<\/a><br>[Lien 5] <a rel=\"noreferrer noopener\" href=\"https:\/\/medium.com\/@charlie.evans\/charlie-evans-on-inventing-transgender-children-and-young-people-book-launch-27-10-19-11cc5c1343ce\" target=\"_blank\">Charlie Evans on \u2018Inventing Transgender Children and Young People\u2019<\/a><br>(3) <a rel=\"noreferrer noopener\" href=\"https:\/\/wildwomynworkshop.com\/\" target=\"_blank\">wildwomynworkshop.com<\/a><\/p>\n\n\n\n<div style=\"height:100px\" aria-hidden=\"true\" class=\"wp-block-spacer\"><\/div>\n\n\n\n<p>[kofi]<\/p>\n\n\n\n<p>CC BY-NC-SA 4.0<\/p>\n","protected":false},"excerpt":{"rendered":"<p>Ce document a pour but de r\u00e9sumer les \u00e9v\u00e8nements autour des pol\u00e9miques sur JK Rowling. Soutien \u00e0 Maya Forstater Twitter, 19 D\u00e9cembre 2019 Maya Forstater a \u00e9t\u00e9 jug\u00e9e en Novembre 2019. La retranscription du proc\u00e8s, traduit par Floraison Blog, peut \u00eatre trouv\u00e9e ici[1]. Note : Floraison est un m\u00e9dia f\u00e9ministe, qui a traduit le proc\u00e8s [&hellip;]<\/p>\n","protected":false},"author":2,"featured_media":1546,"comment_status":"open","ping_status":"open","sticky":false,"template":"","format":"standard","meta":{"_monsterinsights_skip_tracking":false,"_monsterinsights_sitenote_active":false,"_monsterinsights_sitenote_note":"","_monsterinsights_sitenote_category":0,"_jetpack_memberships_contains_paid_content":false,"footnotes":""},"categories":[38],"tags":[7],"class_list":["post-1446","post","type-post","status-publish","format-standard","has-post-thumbnail","hentry","category-articles","tag-transactivisme"],"yoast_head":"<!-- This site is optimized with the Yoast SEO plugin v26.8 - https:\/\/yoast.com\/product\/yoast-seo-wordpress\/ -->\n<title>Le proc\u00e8s de JK Rowling - RadCaen<\/title>\n<meta name=\"robots\" content=\"index, follow, max-snippet:-1, max-image-preview:large, max-video-preview:-1\" \/>\n<link rel=\"canonical\" href=\"https:\/\/radcaen.fr\/index.php\/2020\/10\/07\/le-proces-de-jk-rowling\/\" \/>\n<meta property=\"og:locale\" content=\"fr_FR\" \/>\n<meta property=\"og:type\" content=\"article\" \/>\n<meta property=\"og:title\" content=\"Le proc\u00e8s de JK Rowling - RadCaen\" \/>\n<meta property=\"og:description\" content=\"Ce document a pour but de r\u00e9sumer les \u00e9v\u00e8nements autour des pol\u00e9miques sur JK Rowling. Soutien \u00e0 Maya Forstater Twitter, 19 D\u00e9cembre 2019 Maya Forstater a \u00e9t\u00e9 jug\u00e9e en Novembre 2019. La retranscription du proc\u00e8s, traduit par Floraison Blog, peut \u00eatre trouv\u00e9e ici[1]. Note : Floraison est un m\u00e9dia f\u00e9ministe, qui a traduit le proc\u00e8s [&hellip;]\" \/>\n<meta property=\"og:url\" content=\"https:\/\/radcaen.fr\/index.php\/2020\/10\/07\/le-proces-de-jk-rowling\/\" \/>\n<meta property=\"og:site_name\" content=\"RadCaen\" \/>\n<meta property=\"article:published_time\" content=\"2020-10-07T11:00:00+00:00\" \/>\n<meta property=\"article:modified_time\" content=\"2024-05-27T14:49:24+00:00\" \/>\n<meta property=\"og:image\" content=\"https:\/\/radcaen.fr\/wp-content\/uploads\/2020\/10\/troubledblood.jpg\" \/>\n\t<meta property=\"og:image:width\" content=\"700\" \/>\n\t<meta property=\"og:image:height\" content=\"500\" \/>\n\t<meta property=\"og:image:type\" content=\"image\/jpeg\" \/>\n<meta name=\"author\" content=\"RadCaen\" \/>\n<meta name=\"twitter:card\" content=\"summary_large_image\" \/>\n<meta name=\"twitter:label1\" content=\"\u00c9crit par\" \/>\n\t<meta name=\"twitter:data1\" content=\"RadCaen\" \/>\n\t<meta name=\"twitter:label2\" content=\"Dur\u00e9e de lecture estim\u00e9e\" \/>\n\t<meta name=\"twitter:data2\" content=\"17 minutes\" \/>\n<script type=\"application\/ld+json\" class=\"yoast-schema-graph\">{\"@context\":\"https:\/\/schema.org\",\"@graph\":[{\"@type\":\"Article\",\"@id\":\"https:\/\/radcaen.fr\/index.php\/2020\/10\/07\/le-proces-de-jk-rowling\/#article\",\"isPartOf\":{\"@id\":\"https:\/\/radcaen.fr\/index.php\/2020\/10\/07\/le-proces-de-jk-rowling\/\"},\"author\":{\"name\":\"RadCaen\",\"@id\":\"https:\/\/radcaen.fr\/#\/schema\/person\/a9aba7c1961f02b55b6b76bbcc72ffbb\"},\"headline\":\"Le proc\u00e8s de JK Rowling\",\"datePublished\":\"2020-10-07T11:00:00+00:00\",\"dateModified\":\"2024-05-27T14:49:24+00:00\",\"mainEntityOfPage\":{\"@id\":\"https:\/\/radcaen.fr\/index.php\/2020\/10\/07\/le-proces-de-jk-rowling\/\"},\"wordCount\":2234,\"commentCount\":0,\"publisher\":{\"@id\":\"https:\/\/radcaen.fr\/#\/schema\/person\/a9aba7c1961f02b55b6b76bbcc72ffbb\"},\"image\":{\"@id\":\"https:\/\/radcaen.fr\/index.php\/2020\/10\/07\/le-proces-de-jk-rowling\/#primaryimage\"},\"thumbnailUrl\":\"https:\/\/radcaen.fr\/wp-content\/uploads\/2020\/10\/troubledblood.jpg\",\"keywords\":[\"Transactivisme\"],\"articleSection\":[\"Articles\"],\"inLanguage\":\"fr-FR\",\"potentialAction\":[{\"@type\":\"CommentAction\",\"name\":\"Comment\",\"target\":[\"https:\/\/radcaen.fr\/index.php\/2020\/10\/07\/le-proces-de-jk-rowling\/#respond\"]}]},{\"@type\":\"WebPage\",\"@id\":\"https:\/\/radcaen.fr\/index.php\/2020\/10\/07\/le-proces-de-jk-rowling\/\",\"url\":\"https:\/\/radcaen.fr\/index.php\/2020\/10\/07\/le-proces-de-jk-rowling\/\",\"name\":\"Le proc\u00e8s de JK Rowling - RadCaen\",\"isPartOf\":{\"@id\":\"https:\/\/radcaen.fr\/#website\"},\"primaryImageOfPage\":{\"@id\":\"https:\/\/radcaen.fr\/index.php\/2020\/10\/07\/le-proces-de-jk-rowling\/#primaryimage\"},\"image\":{\"@id\":\"https:\/\/radcaen.fr\/index.php\/2020\/10\/07\/le-proces-de-jk-rowling\/#primaryimage\"},\"thumbnailUrl\":\"https:\/\/radcaen.fr\/wp-content\/uploads\/2020\/10\/troubledblood.jpg\",\"datePublished\":\"2020-10-07T11:00:00+00:00\",\"dateModified\":\"2024-05-27T14:49:24+00:00\",\"breadcrumb\":{\"@id\":\"https:\/\/radcaen.fr\/index.php\/2020\/10\/07\/le-proces-de-jk-rowling\/#breadcrumb\"},\"inLanguage\":\"fr-FR\",\"potentialAction\":[{\"@type\":\"ReadAction\",\"target\":[\"https:\/\/radcaen.fr\/index.php\/2020\/10\/07\/le-proces-de-jk-rowling\/\"]}]},{\"@type\":\"ImageObject\",\"inLanguage\":\"fr-FR\",\"@id\":\"https:\/\/radcaen.fr\/index.php\/2020\/10\/07\/le-proces-de-jk-rowling\/#primaryimage\",\"url\":\"https:\/\/radcaen.fr\/wp-content\/uploads\/2020\/10\/troubledblood.jpg\",\"contentUrl\":\"https:\/\/radcaen.fr\/wp-content\/uploads\/2020\/10\/troubledblood.jpg\",\"width\":700,\"height\":500},{\"@type\":\"BreadcrumbList\",\"@id\":\"https:\/\/radcaen.fr\/index.php\/2020\/10\/07\/le-proces-de-jk-rowling\/#breadcrumb\",\"itemListElement\":[{\"@type\":\"ListItem\",\"position\":1,\"name\":\"Accueil\",\"item\":\"https:\/\/radcaen.fr\/\"},{\"@type\":\"ListItem\",\"position\":2,\"name\":\"Articles\",\"item\":\"https:\/\/radcaen.fr\/index.php\/category\/articles\/\"},{\"@type\":\"ListItem\",\"position\":3,\"name\":\"Le proc\u00e8s de JK Rowling\"}]},{\"@type\":\"WebSite\",\"@id\":\"https:\/\/radcaen.fr\/#website\",\"url\":\"https:\/\/radcaen.fr\/\",\"name\":\"RadCaen\",\"description\":\"F\u00e9minisme radical\",\"publisher\":{\"@id\":\"https:\/\/radcaen.fr\/#\/schema\/person\/a9aba7c1961f02b55b6b76bbcc72ffbb\"},\"potentialAction\":[{\"@type\":\"SearchAction\",\"target\":{\"@type\":\"EntryPoint\",\"urlTemplate\":\"https:\/\/radcaen.fr\/?s={search_term_string}\"},\"query-input\":{\"@type\":\"PropertyValueSpecification\",\"valueRequired\":true,\"valueName\":\"search_term_string\"}}],\"inLanguage\":\"fr-FR\"},{\"@type\":[\"Person\",\"Organization\"],\"@id\":\"https:\/\/radcaen.fr\/#\/schema\/person\/a9aba7c1961f02b55b6b76bbcc72ffbb\",\"name\":\"RadCaen\",\"image\":{\"@type\":\"ImageObject\",\"inLanguage\":\"fr-FR\",\"@id\":\"https:\/\/radcaen.fr\/#\/schema\/person\/image\/\",\"url\":\"https:\/\/radcaen.fr\/wp-content\/uploads\/2020\/11\/cropped-radcaen.png\",\"contentUrl\":\"https:\/\/radcaen.fr\/wp-content\/uploads\/2020\/11\/cropped-radcaen.png\",\"width\":591,\"height\":591,\"caption\":\"RadCaen\"},\"logo\":{\"@id\":\"https:\/\/radcaen.fr\/#\/schema\/person\/image\/\"},\"url\":\"https:\/\/radcaen.fr\/index.php\/author\/mandarine\/\"}]}<\/script>\n<!-- \/ Yoast SEO plugin. -->","yoast_head_json":{"title":"Le proc\u00e8s de JK Rowling - RadCaen","robots":{"index":"index","follow":"follow","max-snippet":"max-snippet:-1","max-image-preview":"max-image-preview:large","max-video-preview":"max-video-preview:-1"},"canonical":"https:\/\/radcaen.fr\/index.php\/2020\/10\/07\/le-proces-de-jk-rowling\/","og_locale":"fr_FR","og_type":"article","og_title":"Le proc\u00e8s de JK Rowling - RadCaen","og_description":"Ce document a pour but de r\u00e9sumer les \u00e9v\u00e8nements autour des pol\u00e9miques sur JK Rowling. Soutien \u00e0 Maya Forstater Twitter, 19 D\u00e9cembre 2019 Maya Forstater a \u00e9t\u00e9 jug\u00e9e en Novembre 2019. La retranscription du proc\u00e8s, traduit par Floraison Blog, peut \u00eatre trouv\u00e9e ici[1]. Note : Floraison est un m\u00e9dia f\u00e9ministe, qui a traduit le proc\u00e8s [&hellip;]","og_url":"https:\/\/radcaen.fr\/index.php\/2020\/10\/07\/le-proces-de-jk-rowling\/","og_site_name":"RadCaen","article_published_time":"2020-10-07T11:00:00+00:00","article_modified_time":"2024-05-27T14:49:24+00:00","og_image":[{"width":700,"height":500,"url":"https:\/\/radcaen.fr\/wp-content\/uploads\/2020\/10\/troubledblood.jpg","type":"image\/jpeg"}],"author":"RadCaen","twitter_card":"summary_large_image","twitter_misc":{"\u00c9crit par":"RadCaen","Dur\u00e9e de lecture estim\u00e9e":"17 minutes"},"schema":{"@context":"https:\/\/schema.org","@graph":[{"@type":"Article","@id":"https:\/\/radcaen.fr\/index.php\/2020\/10\/07\/le-proces-de-jk-rowling\/#article","isPartOf":{"@id":"https:\/\/radcaen.fr\/index.php\/2020\/10\/07\/le-proces-de-jk-rowling\/"},"author":{"name":"RadCaen","@id":"https:\/\/radcaen.fr\/#\/schema\/person\/a9aba7c1961f02b55b6b76bbcc72ffbb"},"headline":"Le proc\u00e8s de JK Rowling","datePublished":"2020-10-07T11:00:00+00:00","dateModified":"2024-05-27T14:49:24+00:00","mainEntityOfPage":{"@id":"https:\/\/radcaen.fr\/index.php\/2020\/10\/07\/le-proces-de-jk-rowling\/"},"wordCount":2234,"commentCount":0,"publisher":{"@id":"https:\/\/radcaen.fr\/#\/schema\/person\/a9aba7c1961f02b55b6b76bbcc72ffbb"},"image":{"@id":"https:\/\/radcaen.fr\/index.php\/2020\/10\/07\/le-proces-de-jk-rowling\/#primaryimage"},"thumbnailUrl":"https:\/\/radcaen.fr\/wp-content\/uploads\/2020\/10\/troubledblood.jpg","keywords":["Transactivisme"],"articleSection":["Articles"],"inLanguage":"fr-FR","potentialAction":[{"@type":"CommentAction","name":"Comment","target":["https:\/\/radcaen.fr\/index.php\/2020\/10\/07\/le-proces-de-jk-rowling\/#respond"]}]},{"@type":"WebPage","@id":"https:\/\/radcaen.fr\/index.php\/2020\/10\/07\/le-proces-de-jk-rowling\/","url":"https:\/\/radcaen.fr\/index.php\/2020\/10\/07\/le-proces-de-jk-rowling\/","name":"Le proc\u00e8s de JK Rowling - RadCaen","isPartOf":{"@id":"https:\/\/radcaen.fr\/#website"},"primaryImageOfPage":{"@id":"https:\/\/radcaen.fr\/index.php\/2020\/10\/07\/le-proces-de-jk-rowling\/#primaryimage"},"image":{"@id":"https:\/\/radcaen.fr\/index.php\/2020\/10\/07\/le-proces-de-jk-rowling\/#primaryimage"},"thumbnailUrl":"https:\/\/radcaen.fr\/wp-content\/uploads\/2020\/10\/troubledblood.jpg","datePublished":"2020-10-07T11:00:00+00:00","dateModified":"2024-05-27T14:49:24+00:00","breadcrumb":{"@id":"https:\/\/radcaen.fr\/index.php\/2020\/10\/07\/le-proces-de-jk-rowling\/#breadcrumb"},"inLanguage":"fr-FR","potentialAction":[{"@type":"ReadAction","target":["https:\/\/radcaen.fr\/index.php\/2020\/10\/07\/le-proces-de-jk-rowling\/"]}]},{"@type":"ImageObject","inLanguage":"fr-FR","@id":"https:\/\/radcaen.fr\/index.php\/2020\/10\/07\/le-proces-de-jk-rowling\/#primaryimage","url":"https:\/\/radcaen.fr\/wp-content\/uploads\/2020\/10\/troubledblood.jpg","contentUrl":"https:\/\/radcaen.fr\/wp-content\/uploads\/2020\/10\/troubledblood.jpg","width":700,"height":500},{"@type":"BreadcrumbList","@id":"https:\/\/radcaen.fr\/index.php\/2020\/10\/07\/le-proces-de-jk-rowling\/#breadcrumb","itemListElement":[{"@type":"ListItem","position":1,"name":"Accueil","item":"https:\/\/radcaen.fr\/"},{"@type":"ListItem","position":2,"name":"Articles","item":"https:\/\/radcaen.fr\/index.php\/category\/articles\/"},{"@type":"ListItem","position":3,"name":"Le proc\u00e8s de JK Rowling"}]},{"@type":"WebSite","@id":"https:\/\/radcaen.fr\/#website","url":"https:\/\/radcaen.fr\/","name":"RadCaen","description":"F\u00e9minisme radical","publisher":{"@id":"https:\/\/radcaen.fr\/#\/schema\/person\/a9aba7c1961f02b55b6b76bbcc72ffbb"},"potentialAction":[{"@type":"SearchAction","target":{"@type":"EntryPoint","urlTemplate":"https:\/\/radcaen.fr\/?s={search_term_string}"},"query-input":{"@type":"PropertyValueSpecification","valueRequired":true,"valueName":"search_term_string"}}],"inLanguage":"fr-FR"},{"@type":["Person","Organization"],"@id":"https:\/\/radcaen.fr\/#\/schema\/person\/a9aba7c1961f02b55b6b76bbcc72ffbb","name":"RadCaen","image":{"@type":"ImageObject","inLanguage":"fr-FR","@id":"https:\/\/radcaen.fr\/#\/schema\/person\/image\/","url":"https:\/\/radcaen.fr\/wp-content\/uploads\/2020\/11\/cropped-radcaen.png","contentUrl":"https:\/\/radcaen.fr\/wp-content\/uploads\/2020\/11\/cropped-radcaen.png","width":591,"height":591,"caption":"RadCaen"},"logo":{"@id":"https:\/\/radcaen.fr\/#\/schema\/person\/image\/"},"url":"https:\/\/radcaen.fr\/index.php\/author\/mandarine\/"}]}},"jetpack_featured_media_url":"https:\/\/radcaen.fr\/wp-content\/uploads\/2020\/10\/troubledblood.jpg","jetpack_sharing_enabled":true,"_links":{"self":[{"href":"https:\/\/radcaen.fr\/index.php\/wp-json\/wp\/v2\/posts\/1446","targetHints":{"allow":["GET"]}}],"collection":[{"href":"https:\/\/radcaen.fr\/index.php\/wp-json\/wp\/v2\/posts"}],"about":[{"href":"https:\/\/radcaen.fr\/index.php\/wp-json\/wp\/v2\/types\/post"}],"author":[{"embeddable":true,"href":"https:\/\/radcaen.fr\/index.php\/wp-json\/wp\/v2\/users\/2"}],"replies":[{"embeddable":true,"href":"https:\/\/radcaen.fr\/index.php\/wp-json\/wp\/v2\/comments?post=1446"}],"version-history":[{"count":3,"href":"https:\/\/radcaen.fr\/index.php\/wp-json\/wp\/v2\/posts\/1446\/revisions"}],"predecessor-version":[{"id":3236,"href":"https:\/\/radcaen.fr\/index.php\/wp-json\/wp\/v2\/posts\/1446\/revisions\/3236"}],"wp:featuredmedia":[{"embeddable":true,"href":"https:\/\/radcaen.fr\/index.php\/wp-json\/wp\/v2\/media\/1546"}],"wp:attachment":[{"href":"https:\/\/radcaen.fr\/index.php\/wp-json\/wp\/v2\/media?parent=1446"}],"wp:term":[{"taxonomy":"category","embeddable":true,"href":"https:\/\/radcaen.fr\/index.php\/wp-json\/wp\/v2\/categories?post=1446"},{"taxonomy":"post_tag","embeddable":true,"href":"https:\/\/radcaen.fr\/index.php\/wp-json\/wp\/v2\/tags?post=1446"}],"curies":[{"name":"wp","href":"https:\/\/api.w.org\/{rel}","templated":true}]}}