{"id":1171,"date":"2020-08-26T14:44:32","date_gmt":"2020-08-26T12:44:32","guid":{"rendered":"https:\/\/radcaen.wordpress.com\/?p=1171"},"modified":"2022-02-03T13:42:22","modified_gmt":"2022-02-03T12:42:22","slug":"un-monde-sans-genre","status":"publish","type":"post","link":"https:\/\/radcaen.fr\/index.php\/2020\/08\/26\/un-monde-sans-genre\/","title":{"rendered":"Un monde sans genre"},"content":{"rendered":"\n<hr class=\"wp-block-separator is-style-wide\"\/>\n\n\n\n<p>Que serait un monde sans genre, et pourquoi les f\u00e9ministes radicales et les abolitionnistes du genre y tiennent tant ? Pour quelqu&rsquo;un qui n&rsquo;a pas fait de recherches approfondies sur l&rsquo;impact du genre dans nos vies, cette question est loin d&rsquo;avoir une r\u00e9ponse \u00e9vidente. Laissez-moi essayer de d\u00e9crire un monde, sans la notion du genre, puis d&rsquo;approfondir sur les raisons pour lesquelles le genre est toxique.<\/p>\n\n\n\n<h2 class=\"wp-block-heading\">Le genre dans l&rsquo;\u00e9ducation<\/h2>\n\n\n\n<p>La socialisation li\u00e9e au genre commence t\u00f4t, tr\u00e8s t\u00f4t m\u00eame, avant qu&rsquo;un enfant ne soit n\u00e9 ses parents ont d\u00e9j\u00e0 des attentes qui sont li\u00e9es au sexe. Vous avez peut-\u00eatre d\u00e9j\u00e0 entendu dire qu&rsquo;un gar\u00e7on est plus facile \u00e0 \u00e9duquer, qu&rsquo;une fille est plus \u00e9motionnelle ou co\u00fbte plus cher, ce genre de choses.<\/p>\n\n\n\n<p>Dans un monde sans genre, il n&rsquo;y aurait aucune attente bas\u00e9e sur le sexe en terme de socialisation des enfants. Bien s\u00fbr les courbes de poids, les examens m\u00e9dicaux, etc seraient toujours faits en prenant en compte le sexe, mais on n&rsquo;entendrait plus les m\u00e9decins ou les parents faire de remarques sur un b\u00e9b\u00e9 en disant qu&rsquo;elle devrait maigrir, ou disant d&rsquo;un b\u00e9b\u00e9 qu&rsquo;il est un s\u00e9ducteur car il attrape le sein de sa m\u00e8re.<\/p>\n\n\n\n<p>Les jeunes enfants ne seraient pas non plus cod\u00e9s par couleur avec une gamme de v\u00eatements, de jouets et d&rsquo;accessoires bleus ou rose, sans autre choix. Il y aurait des gammes de vert, de jaune, de violet, de blanc, de beige, et un gar\u00e7on pourrait porter tout en rose que personne n&rsquo;assumerait qu&rsquo;il s&rsquo;agit d&rsquo;une fille juste sur cette base.<\/p>\n\n\n\n<p>En grandissant, les enfants auraient le choix de jouer avec ce qu&rsquo;ils veulent, et de s&rsquo;habiller selon leurs go\u00fbts. Il n&rsquo;y aurait pas de rayons de jouets s\u00e9par\u00e9s entre \u00ab\u00a0fille\u00a0\u00bb et \u00ab\u00a0gar\u00e7on\u00a0\u00bb, les robes et les jupes ne seraient pas obligatoires pour les filles en certaines occasions, les gar\u00e7ons auraient le droit de mettre du vernis et d&rsquo;avoir les cheveux longs. Les enfants pourront choisir entre des v\u00eatements confortables et pratiques comme les pantalons ou l\u00e9gers et habill\u00e9s comme les robes, peu importe leur sexe.<\/p>\n\n\n\n<p>D&rsquo;un point de vue plus profond, les filles n&rsquo;entendrait pas tout le temps qu&rsquo;elles doivent \u00eatre prudentes, ne pas se salir, faire attention, alors que les gar\u00e7ons sont encourag\u00e9s \u00e0 prendre des risques m\u00eame lorsque cela les mets mal \u00e0 l&rsquo;aise. On n&rsquo;attendrait pas des gar\u00e7ons qu&rsquo;ils soient violents, jouent \u00e0 se battre et \u00e0 la guerre. On ne balayerai pas les protestations d&rsquo;une fille qui se fait tirer les cheveux ou soulever la jupe d&rsquo;un cynique \u00ab\u00a0il va falloir t&rsquo;y habituer\u00a0\u00bb ou \u00ab\u00a0c&rsquo;est comme \u00e7a que sont les gar\u00e7ons, c&rsquo;est parce qu&rsquo;il t&rsquo;aime bien\u00a0\u00bb.<\/p>\n\n\n\n<p>Les enfants grandiraient dans un monde ou leur sexe ne joue aucun r\u00f4le dans le type de m\u00e9tiers qu&rsquo;ils peuvent faire. On ne dirait pas \u00ab\u00a0infirmi\u00e8re et m\u00e9decin\u00a0\u00bb, mais \u00ab\u00a0infirmi\u00e8re et infirmier\u00a0\u00bb. Les filles ne seront pas destin\u00e9es \u00e0 \u00eatre coiffeuses, m\u00e8res au foyer et stylistes, tout comme les gar\u00e7ons ne seront pas encourag\u00e9s qu&rsquo;\u00e0 des m\u00e9tiers comme m\u00e9decin, pompiers ou soldat.<\/p>\n\n\n\n<p>A l&rsquo;adolescence les choix de fili\u00e8re ne se feront pas non plus selon le sexe, avec des comp\u00e9tences jug\u00e9es plus \u00ab\u00a0f\u00e9minines\u00a0\u00bb comme la cr\u00e9ativit\u00e9 et le soin, et d&rsquo;autres plus \u00ab\u00a0masculines\u00a0\u00bb comme l&rsquo;informatique et le travail manuel. Les jeunes auront l&rsquo;occasion d&rsquo;apprendre tout un panel de comp\u00e9tences pour choisir leur voie sans \u00eatre jug\u00e9s en fonction de leur sexe.<\/p>\n\n\n\n<p>A l&rsquo;\u00e2ge adulte, on pourra observer les m\u00eames ph\u00e9nom\u00e8nes que dans l&rsquo;enfance : les v\u00eatements ne seront pas tri\u00e9s entre femmes et hommes pour des raisons de style, mais pour des raisons de morphologie, et seulement si n\u00e9cessaire (comme les chemises, ou les sous-v\u00eatements). Il n&rsquo;y aura plus de rayon femmes et hommes pour les savons, les shampooings, les rasoirs, les cr\u00e8mes hydratantes, les brosses \u00e0 dents et les coupes-ongles. Le genre ne sera plus un objet de marketing, chacun-e sera libre de porter et mettre ce qu&rsquo;iel veut.<\/p>\n\n\n\n<p>Puisque le genre ne sera plus un outil marketing, on pourra observer la disparition de la fameuse \u00ab\u00a0taxe rose\u00a0\u00bb destin\u00e9e au produits pour filles et femmes. Il n&rsquo;y aura plus de diff\u00e9rence de prix entre les coupes hommes et femmes chez le coiffeur, juste une diff\u00e9rence entre les coupes longues ou courtes.<\/p>\n\n\n\n<p>On attendra plus des hommes qu&rsquo;ils travaillent tard alors m\u00eame qu&rsquo;ils ont des enfants \u00e0 la maison, et des femmes qu&rsquo;elles arr\u00eatent de travailler pour s&rsquo;occuper des enfants. On attendra pas des femmes qu&rsquo;elles priorisent leur mari et leur famille par rapport \u00e0 leur carri\u00e8re professionnelle, tout en attendant le contraire de la part des hommes. Les deux parents auront droit \u00e0 un cong\u00e9 parentalit\u00e9 \u00e9gal, avec des aides qui prennent le sexe en compte (car ce n&rsquo;est pas le p\u00e8re qui aura accouch\u00e9, bien s\u00fbr).<\/p>\n\n\n\n<p>Les notions comme la charge mentale seront mieux r\u00e9parties car il ne sera pas acceptable socialement pour un p\u00e8re de laisser sa femme tout faire juste parce que \u00ab\u00a0c&rsquo;est comme \u00e7a\u00a0\u00bb. Les hommes apprendrons \u00e0 faire la cuisine, le m\u00e9nage, \u00e0 s&rsquo;occuper des enfants, et feront toutes les t\u00e2ches quotidiennes au m\u00eame titre que les femmes. Il ne sera pas vu comme bizarre qu&rsquo;une femme r\u00e9pare la voiture ou s&rsquo;occupe du jardin.<\/p>\n\n\n\n<p>On attendra pas plus des femmes qu&rsquo;elles aient des enfants que des hommes, car la maternit\u00e9 ne sera consid\u00e9r\u00e9e que comme une option possible en raison de leur sexe, et pas un r\u00f4le dans la soci\u00e9t\u00e9.<\/p>\n\n\n\n<p>Les homosexuel-les ne seront pas jug\u00e9-es sur leur apparence trop f\u00e9minine ou masculine. On ne leur dira plus qu&rsquo;iels \u00ab\u00a0imitent\u00a0\u00bb l&rsquo;autre sexe et on ne les discriminera pas sur le fait qu&rsquo;iels ne peuvent pas avoir d&rsquo;enfants biologiques. Comme la sexualit\u00e9 ne sera plus genr\u00e9e, il y a des chances qu&rsquo;iels exp\u00e9rimentent moins de discriminations bas\u00e9e sur leur attirance exclusive pour le m\u00eame sexe.<\/p>\n\n\n\n<h2 class=\"wp-block-heading\">Genre et discriminations<\/h2>\n\n\n\n<p>Le genre n&rsquo;est pas la source des discriminations d&rsquo;un groupe (i.e. les femmes ne sont pas opprim\u00e9es parce qu&rsquo;elles sont f\u00e9minines), mais le moyen d&rsquo;oppression. Cela signifie que le genre est un outil au service d&rsquo;une classe dominante, ici les hommes. C&rsquo;est \u00e9galement une hi\u00e9rarchie.<\/p>\n\n\n\n<p>Dans un monde sans genre, donc sans r\u00f4les sociaux cr\u00e9\u00e9s pour b\u00e9n\u00e9ficier \u00e0 une cat\u00e9gorie de personnes, une grande partie des discriminations que subissent les femmes va dispara\u00eet. Je parlais plus haut du fait que les femmes et les hommes pourrons choisir librement un m\u00e9tier, mais pourquoi donc ne peut-on pas d\u00e9j\u00e0 faire \u00e7a \u00e0 l&rsquo;heure actuelle ?<\/p>\n\n\n\n<p>C&rsquo;est parce qu&rsquo;une femme qui veut devenir ing\u00e9nieure, m\u00e9decin ou astronaute va faire face \u00e0 ce que les gens per\u00e7oivent de son genre : les femmes sont moins dou\u00e9es en science, plus \u00e9motionnelles, plus fragiles, pas adapt\u00e9es \u00e0 ce genre de m\u00e9tier. En face, un homme qui veut devenir infirmier ou coiffeur sera per\u00e7u comme \u00ab\u00a0trop bien\u00a0\u00bb pour ce genre de m\u00e9tiers, ou homosexuel (car eff\u00e9min\u00e9), et b\u00e9n\u00e9ficiera de ce qu&rsquo;on appelle l&rsquo;ascenseur de verre.<\/p>\n\n\n\n<p>Il y aura \u00e9galement moins d&rsquo;excuses faites pour les hommes violents, car sans naturalisation du genre (voir : <a href=\"https:\/\/radcaen.wordpress.com\/2020\/07\/01\/essentialisme-biologique-definition\/\" target=\"_blank\" rel=\"noreferrer noopener\">essentialisme<\/a>) la violence ne sera pas consid\u00e9r\u00e9e comme naturelle ou faisant partie de la nature masculine. On n&rsquo;entendra plus de phrases comme \u00ab\u00a0Il ne pouvait pas se contr\u00f4ler\u00a0\u00bb quand on parle d&rsquo;un homme qui battait sa femme ou qui a commis un viol.<\/p>\n\n\n\n<p>De la m\u00eame mani\u00e8re, une femme qui a tu\u00e9 son mari en se d\u00e9fendant de violence ne sera pas jug\u00e9e plus durement, car on ne consid\u00e9rera pas que c&rsquo;est son r\u00f4le de rester malgr\u00e9 tout, ou qu&rsquo;elle doit donner un nombre de chances infini \u00e0 un homme violent.<\/p>\n\n\n\n<p>L&rsquo;abolition du genre d\u00e9truirait l&rsquo;id\u00e9e que les femmes sont naturellement soumises aux hommes, que leur fonction est de procr\u00e9er et de donner du plaisir sexuel aux hommes, qu&rsquo;elles sont l\u00e0 pour les servir. Ces id\u00e9es sont encore tr\u00e8s pr\u00e9sentes en France actuellement, mais elles sont plus dilu\u00e9es, camoufl\u00e9es.<\/p>\n\n\n\n<p>Des ph\u00e9nom\u00e8nes comme la prostitution (l&rsquo;id\u00e9e qu&rsquo;il est normal qu&rsquo;un homme puisse acheter une femme) ou les f\u00e9minicides d\u00e9coulent directement de ces croyances, et ne sont que la partie la plus visible et violente de l&rsquo;iceberg de la misogynie. Sans le genre, il ne serait pas acceptable d&rsquo;acheter un humain pour son plaisir sexuel simplement en raison de son sexe.<\/p>\n\n\n\n<p>Le genre est in\u00e9gal en terme de limitations soci\u00e9tales. Il ne touche pas les hommes et les femmes de la m\u00eame mani\u00e8re. C&rsquo;est pour cette raison que, m\u00eame si l&rsquo;abolition du genre pourrait \u00eatre b\u00e9n\u00e9fique pour les hommes, comme actuellement il leur sert, les hommes vont y r\u00e9sister, car les pertes seront plus grandes que les b\u00e9n\u00e9fices. C&rsquo;est aussi pour \u00e7a que le f\u00e9minisme n&rsquo;est pas pour tout le monde, et surtout pas pour les hommes.<\/p>\n\n\n\n<p>Quand un homme subit des violences li\u00e9es au genre, ce n&rsquo;est pas une fonction mais un bug du syst\u00e8me. C&rsquo;est parce qu&rsquo;il ne conforme pas \u00e0 la masculinit\u00e9 qu&rsquo;on attends de lui. C&rsquo;est le patriarcat qui, au lieu de l&rsquo;aider, lui tire une balle dans le pieds. Lorsque \u00e7a arrive, les hommes bl\u00e2ment les f\u00e9ministes et utilisent cet exemple pour argumenter que les f\u00e9ministes devraient s&rsquo;occuper des probl\u00e8mes des hommes. Mais rien ne les emp\u00eache de cr\u00e9er leur propre mouvement de lib\u00e9ration. Ils n&rsquo;en ont juste pas envie.<\/p>\n\n\n\n<h2 class=\"wp-block-heading\">Conclusion<\/h2>\n\n\n\n<p>Le but de d\u00e9truire le genre, au-del\u00e0 des raisons exprim\u00e9es dans la premi\u00e8re partie, serait de r\u00e9duire les violence et l&rsquo;impunit\u00e9 des hommes dans tout les domaines. Cela ne peut pas r\u00e9soudre tout les probl\u00e8mes, car pour lib\u00e9rer toutes les femmes il faudrait d\u00e9truire tout les syst\u00e8mes d&rsquo;oppression qui peuvent nous limiter (racisme, capitalisme, homophobie&#8230;), mais puisque le genre est le premier outil pour nous opprimer dans toutes les soci\u00e9t\u00e9s de la plan\u00e8te, ce serait un bon d\u00e9but.<\/p>\n\n\n\n<p>Un monde sans genre sera tr\u00e8s difficile \u00e0 atteindre, mais les b\u00e9n\u00e9fices pour les femmes seront immenses en terme de libert\u00e9. C&rsquo;est pour cette raison que les f\u00e9ministes radicales sont abolitionnistes du genre. Ne croyez pas les gens qui vous disent que supprimer le genre restreindra les membres d&rsquo;une soci\u00e9t\u00e9 : en se d\u00e9barrassant d&rsquo;un syst\u00e8me de r\u00f4les restrictifs, on ne peut qu&rsquo;augmenter la libert\u00e9.<\/p>\n\n\n\n<div style=\"height:100px\" aria-hidden=\"true\" class=\"wp-block-spacer\"><\/div>\n\n\n\n<p>[kofi]<\/p>\n\n\n\n<p>CC BY-NC-SA 4.0<\/p>\n","protected":false},"excerpt":{"rendered":"<p>Que serait un monde sans genre, et pourquoi les f\u00e9ministes radicales et les abolitionnistes du genre y tiennent tant ? Pour quelqu&rsquo;un qui n&rsquo;a pas fait de recherches approfondies sur l&rsquo;impact du genre dans nos vies, cette question est loin d&rsquo;avoir une r\u00e9ponse \u00e9vidente. Laissez-moi essayer de d\u00e9crire un monde, sans la notion du genre, [&hellip;]<\/p>\n","protected":false},"author":2,"featured_media":0,"comment_status":"open","ping_status":"open","sticky":false,"template":"","format":"standard","meta":{"_monsterinsights_skip_tracking":false,"_monsterinsights_sitenote_active":false,"_monsterinsights_sitenote_note":"","_monsterinsights_sitenote_category":0,"_jetpack_memberships_contains_paid_content":false,"footnotes":""},"categories":[38],"tags":[40],"class_list":["post-1171","post","type-post","status-publish","format-standard","hentry","category-articles","tag-feminisme"],"yoast_head":"<!-- This site is optimized with the Yoast SEO plugin v26.8 - https:\/\/yoast.com\/product\/yoast-seo-wordpress\/ -->\n<title>Un monde sans genre - RadCaen<\/title>\n<meta name=\"robots\" content=\"index, follow, max-snippet:-1, max-image-preview:large, max-video-preview:-1\" \/>\n<link rel=\"canonical\" href=\"https:\/\/radcaen.fr\/index.php\/2020\/08\/26\/un-monde-sans-genre\/\" \/>\n<meta property=\"og:locale\" content=\"fr_FR\" \/>\n<meta property=\"og:type\" content=\"article\" \/>\n<meta property=\"og:title\" content=\"Un monde sans genre - RadCaen\" \/>\n<meta property=\"og:description\" content=\"Que serait un monde sans genre, et pourquoi les f\u00e9ministes radicales et les abolitionnistes du genre y tiennent tant ? Pour quelqu&rsquo;un qui n&rsquo;a pas fait de recherches approfondies sur l&rsquo;impact du genre dans nos vies, cette question est loin d&rsquo;avoir une r\u00e9ponse \u00e9vidente. Laissez-moi essayer de d\u00e9crire un monde, sans la notion du genre, [&hellip;]\" \/>\n<meta property=\"og:url\" content=\"https:\/\/radcaen.fr\/index.php\/2020\/08\/26\/un-monde-sans-genre\/\" \/>\n<meta property=\"og:site_name\" content=\"RadCaen\" \/>\n<meta property=\"article:published_time\" content=\"2020-08-26T12:44:32+00:00\" \/>\n<meta property=\"article:modified_time\" content=\"2022-02-03T12:42:22+00:00\" \/>\n<meta name=\"author\" content=\"RadCaen\" \/>\n<meta name=\"twitter:card\" content=\"summary_large_image\" \/>\n<meta name=\"twitter:label1\" content=\"\u00c9crit par\" \/>\n\t<meta name=\"twitter:data1\" content=\"RadCaen\" \/>\n\t<meta name=\"twitter:label2\" content=\"Dur\u00e9e de lecture estim\u00e9e\" \/>\n\t<meta name=\"twitter:data2\" content=\"9 minutes\" \/>\n<script type=\"application\/ld+json\" class=\"yoast-schema-graph\">{\"@context\":\"https:\/\/schema.org\",\"@graph\":[{\"@type\":\"Article\",\"@id\":\"https:\/\/radcaen.fr\/index.php\/2020\/08\/26\/un-monde-sans-genre\/#article\",\"isPartOf\":{\"@id\":\"https:\/\/radcaen.fr\/index.php\/2020\/08\/26\/un-monde-sans-genre\/\"},\"author\":{\"name\":\"RadCaen\",\"@id\":\"https:\/\/radcaen.fr\/#\/schema\/person\/a9aba7c1961f02b55b6b76bbcc72ffbb\"},\"headline\":\"Un monde sans genre\",\"datePublished\":\"2020-08-26T12:44:32+00:00\",\"dateModified\":\"2022-02-03T12:42:22+00:00\",\"mainEntityOfPage\":{\"@id\":\"https:\/\/radcaen.fr\/index.php\/2020\/08\/26\/un-monde-sans-genre\/\"},\"wordCount\":1925,\"commentCount\":0,\"publisher\":{\"@id\":\"https:\/\/radcaen.fr\/#\/schema\/person\/a9aba7c1961f02b55b6b76bbcc72ffbb\"},\"keywords\":[\"F\u00e9minisme\"],\"articleSection\":[\"Articles\"],\"inLanguage\":\"fr-FR\",\"potentialAction\":[{\"@type\":\"CommentAction\",\"name\":\"Comment\",\"target\":[\"https:\/\/radcaen.fr\/index.php\/2020\/08\/26\/un-monde-sans-genre\/#respond\"]}]},{\"@type\":\"WebPage\",\"@id\":\"https:\/\/radcaen.fr\/index.php\/2020\/08\/26\/un-monde-sans-genre\/\",\"url\":\"https:\/\/radcaen.fr\/index.php\/2020\/08\/26\/un-monde-sans-genre\/\",\"name\":\"Un monde sans genre - RadCaen\",\"isPartOf\":{\"@id\":\"https:\/\/radcaen.fr\/#website\"},\"datePublished\":\"2020-08-26T12:44:32+00:00\",\"dateModified\":\"2022-02-03T12:42:22+00:00\",\"breadcrumb\":{\"@id\":\"https:\/\/radcaen.fr\/index.php\/2020\/08\/26\/un-monde-sans-genre\/#breadcrumb\"},\"inLanguage\":\"fr-FR\",\"potentialAction\":[{\"@type\":\"ReadAction\",\"target\":[\"https:\/\/radcaen.fr\/index.php\/2020\/08\/26\/un-monde-sans-genre\/\"]}]},{\"@type\":\"BreadcrumbList\",\"@id\":\"https:\/\/radcaen.fr\/index.php\/2020\/08\/26\/un-monde-sans-genre\/#breadcrumb\",\"itemListElement\":[{\"@type\":\"ListItem\",\"position\":1,\"name\":\"Accueil\",\"item\":\"https:\/\/radcaen.fr\/\"},{\"@type\":\"ListItem\",\"position\":2,\"name\":\"Articles\",\"item\":\"https:\/\/radcaen.fr\/index.php\/category\/articles\/\"},{\"@type\":\"ListItem\",\"position\":3,\"name\":\"Un monde sans genre\"}]},{\"@type\":\"WebSite\",\"@id\":\"https:\/\/radcaen.fr\/#website\",\"url\":\"https:\/\/radcaen.fr\/\",\"name\":\"RadCaen\",\"description\":\"F\u00e9minisme radical\",\"publisher\":{\"@id\":\"https:\/\/radcaen.fr\/#\/schema\/person\/a9aba7c1961f02b55b6b76bbcc72ffbb\"},\"potentialAction\":[{\"@type\":\"SearchAction\",\"target\":{\"@type\":\"EntryPoint\",\"urlTemplate\":\"https:\/\/radcaen.fr\/?s={search_term_string}\"},\"query-input\":{\"@type\":\"PropertyValueSpecification\",\"valueRequired\":true,\"valueName\":\"search_term_string\"}}],\"inLanguage\":\"fr-FR\"},{\"@type\":[\"Person\",\"Organization\"],\"@id\":\"https:\/\/radcaen.fr\/#\/schema\/person\/a9aba7c1961f02b55b6b76bbcc72ffbb\",\"name\":\"RadCaen\",\"image\":{\"@type\":\"ImageObject\",\"inLanguage\":\"fr-FR\",\"@id\":\"https:\/\/radcaen.fr\/#\/schema\/person\/image\/\",\"url\":\"https:\/\/radcaen.fr\/wp-content\/uploads\/2020\/11\/cropped-radcaen.png\",\"contentUrl\":\"https:\/\/radcaen.fr\/wp-content\/uploads\/2020\/11\/cropped-radcaen.png\",\"width\":591,\"height\":591,\"caption\":\"RadCaen\"},\"logo\":{\"@id\":\"https:\/\/radcaen.fr\/#\/schema\/person\/image\/\"},\"url\":\"https:\/\/radcaen.fr\/index.php\/author\/mandarine\/\"}]}<\/script>\n<!-- \/ Yoast SEO plugin. -->","yoast_head_json":{"title":"Un monde sans genre - RadCaen","robots":{"index":"index","follow":"follow","max-snippet":"max-snippet:-1","max-image-preview":"max-image-preview:large","max-video-preview":"max-video-preview:-1"},"canonical":"https:\/\/radcaen.fr\/index.php\/2020\/08\/26\/un-monde-sans-genre\/","og_locale":"fr_FR","og_type":"article","og_title":"Un monde sans genre - RadCaen","og_description":"Que serait un monde sans genre, et pourquoi les f\u00e9ministes radicales et les abolitionnistes du genre y tiennent tant ? Pour quelqu&rsquo;un qui n&rsquo;a pas fait de recherches approfondies sur l&rsquo;impact du genre dans nos vies, cette question est loin d&rsquo;avoir une r\u00e9ponse \u00e9vidente. Laissez-moi essayer de d\u00e9crire un monde, sans la notion du genre, [&hellip;]","og_url":"https:\/\/radcaen.fr\/index.php\/2020\/08\/26\/un-monde-sans-genre\/","og_site_name":"RadCaen","article_published_time":"2020-08-26T12:44:32+00:00","article_modified_time":"2022-02-03T12:42:22+00:00","author":"RadCaen","twitter_card":"summary_large_image","twitter_misc":{"\u00c9crit par":"RadCaen","Dur\u00e9e de lecture estim\u00e9e":"9 minutes"},"schema":{"@context":"https:\/\/schema.org","@graph":[{"@type":"Article","@id":"https:\/\/radcaen.fr\/index.php\/2020\/08\/26\/un-monde-sans-genre\/#article","isPartOf":{"@id":"https:\/\/radcaen.fr\/index.php\/2020\/08\/26\/un-monde-sans-genre\/"},"author":{"name":"RadCaen","@id":"https:\/\/radcaen.fr\/#\/schema\/person\/a9aba7c1961f02b55b6b76bbcc72ffbb"},"headline":"Un monde sans genre","datePublished":"2020-08-26T12:44:32+00:00","dateModified":"2022-02-03T12:42:22+00:00","mainEntityOfPage":{"@id":"https:\/\/radcaen.fr\/index.php\/2020\/08\/26\/un-monde-sans-genre\/"},"wordCount":1925,"commentCount":0,"publisher":{"@id":"https:\/\/radcaen.fr\/#\/schema\/person\/a9aba7c1961f02b55b6b76bbcc72ffbb"},"keywords":["F\u00e9minisme"],"articleSection":["Articles"],"inLanguage":"fr-FR","potentialAction":[{"@type":"CommentAction","name":"Comment","target":["https:\/\/radcaen.fr\/index.php\/2020\/08\/26\/un-monde-sans-genre\/#respond"]}]},{"@type":"WebPage","@id":"https:\/\/radcaen.fr\/index.php\/2020\/08\/26\/un-monde-sans-genre\/","url":"https:\/\/radcaen.fr\/index.php\/2020\/08\/26\/un-monde-sans-genre\/","name":"Un monde sans genre - RadCaen","isPartOf":{"@id":"https:\/\/radcaen.fr\/#website"},"datePublished":"2020-08-26T12:44:32+00:00","dateModified":"2022-02-03T12:42:22+00:00","breadcrumb":{"@id":"https:\/\/radcaen.fr\/index.php\/2020\/08\/26\/un-monde-sans-genre\/#breadcrumb"},"inLanguage":"fr-FR","potentialAction":[{"@type":"ReadAction","target":["https:\/\/radcaen.fr\/index.php\/2020\/08\/26\/un-monde-sans-genre\/"]}]},{"@type":"BreadcrumbList","@id":"https:\/\/radcaen.fr\/index.php\/2020\/08\/26\/un-monde-sans-genre\/#breadcrumb","itemListElement":[{"@type":"ListItem","position":1,"name":"Accueil","item":"https:\/\/radcaen.fr\/"},{"@type":"ListItem","position":2,"name":"Articles","item":"https:\/\/radcaen.fr\/index.php\/category\/articles\/"},{"@type":"ListItem","position":3,"name":"Un monde sans genre"}]},{"@type":"WebSite","@id":"https:\/\/radcaen.fr\/#website","url":"https:\/\/radcaen.fr\/","name":"RadCaen","description":"F\u00e9minisme radical","publisher":{"@id":"https:\/\/radcaen.fr\/#\/schema\/person\/a9aba7c1961f02b55b6b76bbcc72ffbb"},"potentialAction":[{"@type":"SearchAction","target":{"@type":"EntryPoint","urlTemplate":"https:\/\/radcaen.fr\/?s={search_term_string}"},"query-input":{"@type":"PropertyValueSpecification","valueRequired":true,"valueName":"search_term_string"}}],"inLanguage":"fr-FR"},{"@type":["Person","Organization"],"@id":"https:\/\/radcaen.fr\/#\/schema\/person\/a9aba7c1961f02b55b6b76bbcc72ffbb","name":"RadCaen","image":{"@type":"ImageObject","inLanguage":"fr-FR","@id":"https:\/\/radcaen.fr\/#\/schema\/person\/image\/","url":"https:\/\/radcaen.fr\/wp-content\/uploads\/2020\/11\/cropped-radcaen.png","contentUrl":"https:\/\/radcaen.fr\/wp-content\/uploads\/2020\/11\/cropped-radcaen.png","width":591,"height":591,"caption":"RadCaen"},"logo":{"@id":"https:\/\/radcaen.fr\/#\/schema\/person\/image\/"},"url":"https:\/\/radcaen.fr\/index.php\/author\/mandarine\/"}]}},"jetpack_featured_media_url":"","jetpack_sharing_enabled":true,"_links":{"self":[{"href":"https:\/\/radcaen.fr\/index.php\/wp-json\/wp\/v2\/posts\/1171","targetHints":{"allow":["GET"]}}],"collection":[{"href":"https:\/\/radcaen.fr\/index.php\/wp-json\/wp\/v2\/posts"}],"about":[{"href":"https:\/\/radcaen.fr\/index.php\/wp-json\/wp\/v2\/types\/post"}],"author":[{"embeddable":true,"href":"https:\/\/radcaen.fr\/index.php\/wp-json\/wp\/v2\/users\/2"}],"replies":[{"embeddable":true,"href":"https:\/\/radcaen.fr\/index.php\/wp-json\/wp\/v2\/comments?post=1171"}],"version-history":[{"count":2,"href":"https:\/\/radcaen.fr\/index.php\/wp-json\/wp\/v2\/posts\/1171\/revisions"}],"predecessor-version":[{"id":2823,"href":"https:\/\/radcaen.fr\/index.php\/wp-json\/wp\/v2\/posts\/1171\/revisions\/2823"}],"wp:attachment":[{"href":"https:\/\/radcaen.fr\/index.php\/wp-json\/wp\/v2\/media?parent=1171"}],"wp:term":[{"taxonomy":"category","embeddable":true,"href":"https:\/\/radcaen.fr\/index.php\/wp-json\/wp\/v2\/categories?post=1171"},{"taxonomy":"post_tag","embeddable":true,"href":"https:\/\/radcaen.fr\/index.php\/wp-json\/wp\/v2\/tags?post=1171"}],"curies":[{"name":"wp","href":"https:\/\/api.w.org\/{rel}","templated":true}]}}