{"id":1005,"date":"2020-07-29T16:25:57","date_gmt":"2020-07-29T14:25:57","guid":{"rendered":"https:\/\/radcaen.wordpress.com\/?p=1005"},"modified":"2022-02-03T13:36:17","modified_gmt":"2022-02-03T12:36:17","slug":"la-theorie-du-genre-definition","status":"publish","type":"post","link":"https:\/\/radcaen.fr\/index.php\/2020\/07\/29\/la-theorie-du-genre-definition\/","title":{"rendered":"La th\u00e9orie du genre : D\u00e9finition"},"content":{"rendered":"\n<hr class=\"wp-block-separator is-style-wide\"\/>\n\n\n\n<p>La th\u00e9orie du genre est de plus en plus populaire et, malheureusement, elle n&rsquo;est pas trait\u00e9e comme ce qu&rsquo;elle est (une th\u00e9orie) mais comme quelque chose de r\u00e9el et prouv\u00e9 (ce qu&rsquo;elle n&rsquo;est pas). Peu de gens s&rsquo;int\u00e9ressent r\u00e9ellement \u00e0 ce qu&rsquo;elle signifie, et aux cons\u00e9quences qu&rsquo;elle implique si on la prend \u00e0 la lettre et qu&rsquo;on l&rsquo;int\u00e8gre \u00e0 la loi.<\/p>\n\n\n\n<h2 class=\"wp-block-heading\">D\u00e9finition<\/h2>\n\n\n\n<p>La th\u00e9orie du genre, pour l&rsquo;expliquer simplement, postule que chaque personne poss\u00e8de une identit\u00e9 interne, intime et ind\u00e9tectable de l&rsquo;ext\u00e9rieur qui d\u00e9finit sa nature. Un homme est une personne qui, peu importe son sexe ou son origine, se \u00ab\u00a0sent\u00a0\u00bb homme. On peut dire la m\u00eame chose d&rsquo;une femme. Le genre n&rsquo;a rien \u00e0 voir avec le corps. Ce syst\u00e8me implique aussi l&rsquo;existence d&rsquo;autres identit\u00e9s moins connues : les minorit\u00e9s de genre. On parle alors de personnes non-binaires, genderfluides, maverick&#8230;<\/p>\n\n\n\n<p>Toujours selon cette th\u00e9orie, l&rsquo;attirance sexuelle est bas\u00e9e sur le genre, et il existe une diff\u00e9rence entre identit\u00e9 de genre (l&rsquo;identit\u00e9 interne), les st\u00e9r\u00e9otypes de genre (le genre forc\u00e9 par la soci\u00e9t\u00e9) et l&rsquo;expression de genre (la mani\u00e8re dont une personne exprime son genre, et qui n&rsquo;est pas forc\u00e9ment pas li\u00e9e \u00e0 l&rsquo;identit\u00e9 de genre).<\/p>\n\n\n\n<h2 class=\"wp-block-heading\">Analyse f\u00e9ministe<\/h2>\n\n\n\n<p>Le f\u00e9minisme radical est mat\u00e9rialiste. C&rsquo;est \u00e0 dire que nous ne nous int\u00e9ressons pas vraiment aux avis des gens et \u00e0 leurs \u00e9tats d&rsquo;\u00e2me, mais plut\u00f4t aux dynamiques sociales dans lesquelles un individu \u00e9volue, quelles normes d\u00e9finissent son comportement, quels choix lui sont donn\u00e9s, et quelle est sa r\u00e9alit\u00e9 mat\u00e9rielle. En conclusion, nous nous int\u00e9ressons plus au sexe biologique d&rsquo;une personne qu&rsquo;\u00e0 son identit\u00e9.<\/p>\n\n\n\n<p>Le sexe biologique d&rsquo;une personne d\u00e9finit sa hi\u00e9rarchie sociale, car les hommes sont sup\u00e9rieurs aux femmes (patriarcat). L&rsquo;analyse de la th\u00e9orie du genre implique que les femmes sont complices de leur asservissement (cisgenre) et qu&rsquo;un m\u00e2le et une femelle sont oppress\u00e9es de mani\u00e8re \u00e9gale si leur identit\u00e9 est celle d&rsquo;une femme. Le m\u00e2le sera d&rsquo;ailleurs plus oppress\u00e9, car son identit\u00e9 ne correspond pas \u00e0 son corps, et il est donc transgenre.<\/p>\n\n\n\n<p>Bien s\u00fbr, les f\u00e9ministes rejettent cette analyse. Les femmes sont oppress\u00e9es sur la base du sexe, et les diff\u00e9rences entre m\u00e2les et femelles sont fondamentales chez l&rsquo;\u00eatre humain : nous sommes une esp\u00e8ce dimorphique au niveau du sexe. \u00ab\u00a0Inclure toutes les femmes\u00a0\u00bb veut donc dire \u00ab\u00a0inclure toutes les femelles\u00a0\u00bb pour les radfems, et \u00ab\u00a0inclure toutes les personnes qui disent \u00eatre des femmes\u00a0\u00bb pour les libfems.<\/p>\n\n\n\n<h2 class=\"wp-block-heading\">Analyse scientifique<\/h2>\n\n\n\n<p>Depuis l&rsquo;apparition de cette th\u00e9orie, un certain nombres de personnes se sont pench\u00e9es sur la question. Est-ce qu&rsquo;il existe vraiment des cerveaux \u00ab\u00a0m\u00e2les\u00a0\u00bb et \u00ab\u00a0femelles\u00a0\u00bb ? Est-ce que les personnes trans auraient r\u00e9ellement un cerveau dans le mauvais corps ? Est-ce qu&rsquo;on peut prouver que ces identit\u00e9s existent ?<\/p>\n\n\n\n<p>A l&rsquo;heure actuelle, la science ne peut pas d\u00e9terminer de diff\u00e9rence sexu\u00e9e entre les cerveaux des hommes et des femmes. Les diff\u00e9rences qui existent sont soit comme la taille (elles existent mais aucun scientifique ne peut deviner si un cerveau appartient \u00e0 un homme ou femme bas\u00e9 l\u00e0-dessus), soit plastiques. Ce qui signifie que les comportements des hommes et des femmes sont form\u00e9s par leur socialisation, ce qui est connu et normal.<\/p>\n\n\n\n<p>Nous partons donc du principe qu&rsquo;il n&rsquo;y a pas de preuve tangible qu&rsquo;il existe une identit\u00e9 de genre intrins\u00e8que aux humains. Et si ce devait \u00eatre le cas, les \u00e9tudes sur le sujet feront du bruit et porteront sur un grand nombre de sujet.<\/p>\n\n\n\n<h2 class=\"wp-block-heading\">Conclusion<\/h2>\n\n\n\n<p>La th\u00e9orie du genre est r\u00e9gressive. Elle dit que si un gar\u00e7on aime le rose, les robes et jouer calmement, ce gar\u00e7on est en fait une fille. Il devrait alors \u00eatre trait\u00e9 comme tel par son entourage, et prendre des m\u00e9dicaments pour que son corps corresponde \u00e0 son identit\u00e9.<\/p>\n\n\n\n<p>Nous ne pensons pas qu&rsquo;il soit possible de na\u00eetre dans le mauvais corps, mais nous savons que plus une soci\u00e9t\u00e9 renforce le genre (comme actuellement), plus il existe d&rsquo;individus qui changent de genre ou en adoptent un autre que \u00ab\u00a0homme\u00a0\u00bb ou \u00ab\u00a0femme\u00a0\u00bb. C&rsquo;est le cas des Hijras et des Deux-Esprits notamment, qui sont des identit\u00e9s d&rsquo;hommes homosexuels, car ceux-ci ne correspondent pas au genre masculin classique dans leur soci\u00e9t\u00e9.<\/p>\n\n\n\n<div style=\"height:100px\" aria-hidden=\"true\" class=\"wp-block-spacer\"><\/div>\n\n\n\n<p>[kofi]<\/p>\n\n\n\n<p>CC BY-NC-SA 4.0<\/p>\n","protected":false},"excerpt":{"rendered":"<p>La th\u00e9orie du genre est de plus en plus populaire et, malheureusement, elle n&rsquo;est pas trait\u00e9e comme ce qu&rsquo;elle est (une th\u00e9orie) mais comme quelque chose de r\u00e9el et prouv\u00e9 (ce qu&rsquo;elle n&rsquo;est pas). Peu de gens s&rsquo;int\u00e9ressent r\u00e9ellement \u00e0 ce qu&rsquo;elle signifie, et aux cons\u00e9quences qu&rsquo;elle implique si on la prend \u00e0 la lettre [&hellip;]<\/p>\n","protected":false},"author":2,"featured_media":0,"comment_status":"open","ping_status":"open","sticky":false,"template":"","format":"standard","meta":{"_monsterinsights_skip_tracking":false,"_monsterinsights_sitenote_active":false,"_monsterinsights_sitenote_note":"","_monsterinsights_sitenote_category":0,"_jetpack_memberships_contains_paid_content":false,"footnotes":""},"categories":[2],"tags":[7],"class_list":["post-1005","post","type-post","status-publish","format-standard","hentry","category-definitions","tag-transactivisme"],"yoast_head":"<!-- This site is optimized with the Yoast SEO plugin v26.8 - https:\/\/yoast.com\/product\/yoast-seo-wordpress\/ -->\n<title>La th\u00e9orie du genre : D\u00e9finition - RadCaen<\/title>\n<meta name=\"robots\" content=\"index, follow, max-snippet:-1, max-image-preview:large, max-video-preview:-1\" \/>\n<link rel=\"canonical\" href=\"https:\/\/radcaen.fr\/index.php\/2020\/07\/29\/la-theorie-du-genre-definition\/\" \/>\n<meta property=\"og:locale\" content=\"fr_FR\" \/>\n<meta property=\"og:type\" content=\"article\" \/>\n<meta property=\"og:title\" content=\"La th\u00e9orie du genre : D\u00e9finition - RadCaen\" \/>\n<meta property=\"og:description\" content=\"La th\u00e9orie du genre est de plus en plus populaire et, malheureusement, elle n&rsquo;est pas trait\u00e9e comme ce qu&rsquo;elle est (une th\u00e9orie) mais comme quelque chose de r\u00e9el et prouv\u00e9 (ce qu&rsquo;elle n&rsquo;est pas). Peu de gens s&rsquo;int\u00e9ressent r\u00e9ellement \u00e0 ce qu&rsquo;elle signifie, et aux cons\u00e9quences qu&rsquo;elle implique si on la prend \u00e0 la lettre [&hellip;]\" \/>\n<meta property=\"og:url\" content=\"https:\/\/radcaen.fr\/index.php\/2020\/07\/29\/la-theorie-du-genre-definition\/\" \/>\n<meta property=\"og:site_name\" content=\"RadCaen\" \/>\n<meta property=\"article:published_time\" content=\"2020-07-29T14:25:57+00:00\" \/>\n<meta property=\"article:modified_time\" content=\"2022-02-03T12:36:17+00:00\" \/>\n<meta name=\"author\" content=\"RadCaen\" \/>\n<meta name=\"twitter:card\" content=\"summary_large_image\" \/>\n<meta name=\"twitter:label1\" content=\"\u00c9crit par\" \/>\n\t<meta name=\"twitter:data1\" content=\"RadCaen\" \/>\n\t<meta name=\"twitter:label2\" content=\"Dur\u00e9e de lecture estim\u00e9e\" \/>\n\t<meta name=\"twitter:data2\" content=\"4 minutes\" \/>\n<script type=\"application\/ld+json\" class=\"yoast-schema-graph\">{\"@context\":\"https:\/\/schema.org\",\"@graph\":[{\"@type\":\"Article\",\"@id\":\"https:\/\/radcaen.fr\/index.php\/2020\/07\/29\/la-theorie-du-genre-definition\/#article\",\"isPartOf\":{\"@id\":\"https:\/\/radcaen.fr\/index.php\/2020\/07\/29\/la-theorie-du-genre-definition\/\"},\"author\":{\"name\":\"RadCaen\",\"@id\":\"https:\/\/radcaen.fr\/#\/schema\/person\/a9aba7c1961f02b55b6b76bbcc72ffbb\"},\"headline\":\"La th\u00e9orie du genre : D\u00e9finition\",\"datePublished\":\"2020-07-29T14:25:57+00:00\",\"dateModified\":\"2022-02-03T12:36:17+00:00\",\"mainEntityOfPage\":{\"@id\":\"https:\/\/radcaen.fr\/index.php\/2020\/07\/29\/la-theorie-du-genre-definition\/\"},\"wordCount\":791,\"commentCount\":5,\"publisher\":{\"@id\":\"https:\/\/radcaen.fr\/#\/schema\/person\/a9aba7c1961f02b55b6b76bbcc72ffbb\"},\"keywords\":[\"Transactivisme\"],\"articleSection\":[\"D\u00e9finitions\"],\"inLanguage\":\"fr-FR\",\"potentialAction\":[{\"@type\":\"CommentAction\",\"name\":\"Comment\",\"target\":[\"https:\/\/radcaen.fr\/index.php\/2020\/07\/29\/la-theorie-du-genre-definition\/#respond\"]}]},{\"@type\":\"WebPage\",\"@id\":\"https:\/\/radcaen.fr\/index.php\/2020\/07\/29\/la-theorie-du-genre-definition\/\",\"url\":\"https:\/\/radcaen.fr\/index.php\/2020\/07\/29\/la-theorie-du-genre-definition\/\",\"name\":\"La th\u00e9orie du genre : D\u00e9finition - RadCaen\",\"isPartOf\":{\"@id\":\"https:\/\/radcaen.fr\/#website\"},\"datePublished\":\"2020-07-29T14:25:57+00:00\",\"dateModified\":\"2022-02-03T12:36:17+00:00\",\"breadcrumb\":{\"@id\":\"https:\/\/radcaen.fr\/index.php\/2020\/07\/29\/la-theorie-du-genre-definition\/#breadcrumb\"},\"inLanguage\":\"fr-FR\",\"potentialAction\":[{\"@type\":\"ReadAction\",\"target\":[\"https:\/\/radcaen.fr\/index.php\/2020\/07\/29\/la-theorie-du-genre-definition\/\"]}]},{\"@type\":\"BreadcrumbList\",\"@id\":\"https:\/\/radcaen.fr\/index.php\/2020\/07\/29\/la-theorie-du-genre-definition\/#breadcrumb\",\"itemListElement\":[{\"@type\":\"ListItem\",\"position\":1,\"name\":\"Accueil\",\"item\":\"https:\/\/radcaen.fr\/\"},{\"@type\":\"ListItem\",\"position\":2,\"name\":\"D\u00e9finitions\",\"item\":\"https:\/\/radcaen.fr\/index.php\/category\/definitions\/\"},{\"@type\":\"ListItem\",\"position\":3,\"name\":\"La th\u00e9orie du genre : D\u00e9finition\"}]},{\"@type\":\"WebSite\",\"@id\":\"https:\/\/radcaen.fr\/#website\",\"url\":\"https:\/\/radcaen.fr\/\",\"name\":\"RadCaen\",\"description\":\"F\u00e9minisme radical\",\"publisher\":{\"@id\":\"https:\/\/radcaen.fr\/#\/schema\/person\/a9aba7c1961f02b55b6b76bbcc72ffbb\"},\"potentialAction\":[{\"@type\":\"SearchAction\",\"target\":{\"@type\":\"EntryPoint\",\"urlTemplate\":\"https:\/\/radcaen.fr\/?s={search_term_string}\"},\"query-input\":{\"@type\":\"PropertyValueSpecification\",\"valueRequired\":true,\"valueName\":\"search_term_string\"}}],\"inLanguage\":\"fr-FR\"},{\"@type\":[\"Person\",\"Organization\"],\"@id\":\"https:\/\/radcaen.fr\/#\/schema\/person\/a9aba7c1961f02b55b6b76bbcc72ffbb\",\"name\":\"RadCaen\",\"image\":{\"@type\":\"ImageObject\",\"inLanguage\":\"fr-FR\",\"@id\":\"https:\/\/radcaen.fr\/#\/schema\/person\/image\/\",\"url\":\"https:\/\/radcaen.fr\/wp-content\/uploads\/2020\/11\/cropped-radcaen.png\",\"contentUrl\":\"https:\/\/radcaen.fr\/wp-content\/uploads\/2020\/11\/cropped-radcaen.png\",\"width\":591,\"height\":591,\"caption\":\"RadCaen\"},\"logo\":{\"@id\":\"https:\/\/radcaen.fr\/#\/schema\/person\/image\/\"},\"url\":\"https:\/\/radcaen.fr\/index.php\/author\/mandarine\/\"}]}<\/script>\n<!-- \/ Yoast SEO plugin. -->","yoast_head_json":{"title":"La th\u00e9orie du genre : D\u00e9finition - RadCaen","robots":{"index":"index","follow":"follow","max-snippet":"max-snippet:-1","max-image-preview":"max-image-preview:large","max-video-preview":"max-video-preview:-1"},"canonical":"https:\/\/radcaen.fr\/index.php\/2020\/07\/29\/la-theorie-du-genre-definition\/","og_locale":"fr_FR","og_type":"article","og_title":"La th\u00e9orie du genre : D\u00e9finition - RadCaen","og_description":"La th\u00e9orie du genre est de plus en plus populaire et, malheureusement, elle n&rsquo;est pas trait\u00e9e comme ce qu&rsquo;elle est (une th\u00e9orie) mais comme quelque chose de r\u00e9el et prouv\u00e9 (ce qu&rsquo;elle n&rsquo;est pas). Peu de gens s&rsquo;int\u00e9ressent r\u00e9ellement \u00e0 ce qu&rsquo;elle signifie, et aux cons\u00e9quences qu&rsquo;elle implique si on la prend \u00e0 la lettre [&hellip;]","og_url":"https:\/\/radcaen.fr\/index.php\/2020\/07\/29\/la-theorie-du-genre-definition\/","og_site_name":"RadCaen","article_published_time":"2020-07-29T14:25:57+00:00","article_modified_time":"2022-02-03T12:36:17+00:00","author":"RadCaen","twitter_card":"summary_large_image","twitter_misc":{"\u00c9crit par":"RadCaen","Dur\u00e9e de lecture estim\u00e9e":"4 minutes"},"schema":{"@context":"https:\/\/schema.org","@graph":[{"@type":"Article","@id":"https:\/\/radcaen.fr\/index.php\/2020\/07\/29\/la-theorie-du-genre-definition\/#article","isPartOf":{"@id":"https:\/\/radcaen.fr\/index.php\/2020\/07\/29\/la-theorie-du-genre-definition\/"},"author":{"name":"RadCaen","@id":"https:\/\/radcaen.fr\/#\/schema\/person\/a9aba7c1961f02b55b6b76bbcc72ffbb"},"headline":"La th\u00e9orie du genre : D\u00e9finition","datePublished":"2020-07-29T14:25:57+00:00","dateModified":"2022-02-03T12:36:17+00:00","mainEntityOfPage":{"@id":"https:\/\/radcaen.fr\/index.php\/2020\/07\/29\/la-theorie-du-genre-definition\/"},"wordCount":791,"commentCount":5,"publisher":{"@id":"https:\/\/radcaen.fr\/#\/schema\/person\/a9aba7c1961f02b55b6b76bbcc72ffbb"},"keywords":["Transactivisme"],"articleSection":["D\u00e9finitions"],"inLanguage":"fr-FR","potentialAction":[{"@type":"CommentAction","name":"Comment","target":["https:\/\/radcaen.fr\/index.php\/2020\/07\/29\/la-theorie-du-genre-definition\/#respond"]}]},{"@type":"WebPage","@id":"https:\/\/radcaen.fr\/index.php\/2020\/07\/29\/la-theorie-du-genre-definition\/","url":"https:\/\/radcaen.fr\/index.php\/2020\/07\/29\/la-theorie-du-genre-definition\/","name":"La th\u00e9orie du genre : D\u00e9finition - RadCaen","isPartOf":{"@id":"https:\/\/radcaen.fr\/#website"},"datePublished":"2020-07-29T14:25:57+00:00","dateModified":"2022-02-03T12:36:17+00:00","breadcrumb":{"@id":"https:\/\/radcaen.fr\/index.php\/2020\/07\/29\/la-theorie-du-genre-definition\/#breadcrumb"},"inLanguage":"fr-FR","potentialAction":[{"@type":"ReadAction","target":["https:\/\/radcaen.fr\/index.php\/2020\/07\/29\/la-theorie-du-genre-definition\/"]}]},{"@type":"BreadcrumbList","@id":"https:\/\/radcaen.fr\/index.php\/2020\/07\/29\/la-theorie-du-genre-definition\/#breadcrumb","itemListElement":[{"@type":"ListItem","position":1,"name":"Accueil","item":"https:\/\/radcaen.fr\/"},{"@type":"ListItem","position":2,"name":"D\u00e9finitions","item":"https:\/\/radcaen.fr\/index.php\/category\/definitions\/"},{"@type":"ListItem","position":3,"name":"La th\u00e9orie du genre : D\u00e9finition"}]},{"@type":"WebSite","@id":"https:\/\/radcaen.fr\/#website","url":"https:\/\/radcaen.fr\/","name":"RadCaen","description":"F\u00e9minisme radical","publisher":{"@id":"https:\/\/radcaen.fr\/#\/schema\/person\/a9aba7c1961f02b55b6b76bbcc72ffbb"},"potentialAction":[{"@type":"SearchAction","target":{"@type":"EntryPoint","urlTemplate":"https:\/\/radcaen.fr\/?s={search_term_string}"},"query-input":{"@type":"PropertyValueSpecification","valueRequired":true,"valueName":"search_term_string"}}],"inLanguage":"fr-FR"},{"@type":["Person","Organization"],"@id":"https:\/\/radcaen.fr\/#\/schema\/person\/a9aba7c1961f02b55b6b76bbcc72ffbb","name":"RadCaen","image":{"@type":"ImageObject","inLanguage":"fr-FR","@id":"https:\/\/radcaen.fr\/#\/schema\/person\/image\/","url":"https:\/\/radcaen.fr\/wp-content\/uploads\/2020\/11\/cropped-radcaen.png","contentUrl":"https:\/\/radcaen.fr\/wp-content\/uploads\/2020\/11\/cropped-radcaen.png","width":591,"height":591,"caption":"RadCaen"},"logo":{"@id":"https:\/\/radcaen.fr\/#\/schema\/person\/image\/"},"url":"https:\/\/radcaen.fr\/index.php\/author\/mandarine\/"}]}},"jetpack_featured_media_url":"","jetpack_sharing_enabled":true,"_links":{"self":[{"href":"https:\/\/radcaen.fr\/index.php\/wp-json\/wp\/v2\/posts\/1005","targetHints":{"allow":["GET"]}}],"collection":[{"href":"https:\/\/radcaen.fr\/index.php\/wp-json\/wp\/v2\/posts"}],"about":[{"href":"https:\/\/radcaen.fr\/index.php\/wp-json\/wp\/v2\/types\/post"}],"author":[{"embeddable":true,"href":"https:\/\/radcaen.fr\/index.php\/wp-json\/wp\/v2\/users\/2"}],"replies":[{"embeddable":true,"href":"https:\/\/radcaen.fr\/index.php\/wp-json\/wp\/v2\/comments?post=1005"}],"version-history":[{"count":2,"href":"https:\/\/radcaen.fr\/index.php\/wp-json\/wp\/v2\/posts\/1005\/revisions"}],"predecessor-version":[{"id":2812,"href":"https:\/\/radcaen.fr\/index.php\/wp-json\/wp\/v2\/posts\/1005\/revisions\/2812"}],"wp:attachment":[{"href":"https:\/\/radcaen.fr\/index.php\/wp-json\/wp\/v2\/media?parent=1005"}],"wp:term":[{"taxonomy":"category","embeddable":true,"href":"https:\/\/radcaen.fr\/index.php\/wp-json\/wp\/v2\/categories?post=1005"},{"taxonomy":"post_tag","embeddable":true,"href":"https:\/\/radcaen.fr\/index.php\/wp-json\/wp\/v2\/tags?post=1005"}],"curies":[{"name":"wp","href":"https:\/\/api.w.org\/{rel}","templated":true}]}}